{"id":30008,"date":"2020-07-04T18:40:34","date_gmt":"2020-07-04T18:40:34","guid":{"rendered":"https:\/\/jorgezanoni.com.br\/2019\/?p=30008"},"modified":"2020-07-04T18:40:34","modified_gmt":"2020-07-04T18:40:34","slug":"boletim-atualizado-da-covid-19-da-secretaria-de-saude-de-dracena-03-07-20","status":"publish","type":"post","link":"https:\/\/jorgezanoni.com.br\/2019\/boletim-atualizado-da-covid-19-da-secretaria-de-saude-de-dracena-03-07-20\/","title":{"rendered":"Boletim atualizado da COVID-19 da Secretaria de Sa\u00fade de Dracena 03\/07\/20"},"content":{"rendered":"<p style=\"text-align: justify;\">Secretaria Municipal de Sa\u00fade e Higiene P\u00fablica informa a atualiza\u00e7\u00e3o do quadro de casos suspeitos e confirmados de Covid-19 em Dracena.<\/p>\n<p>S\u00e3o 76 pessoas curadas e 31 com o v\u00edrus ativo que est\u00e3o sendo tratadas com isolamento social (vinte e nove pessoas) e isolamento hospitalar (duas pessoas) em nossa cidade.<\/p>\n<p>Aten\u00e7\u00e3o, esses n\u00fameros s\u00e3o apenas de moradores de Dracena. Na Santa Casa existem outras pessoas de cidades vizinhas que est\u00e3o internadas nos leitos de isolamento e n\u00e3o entram na estat\u00edstica do nosso munic\u00edpio.<\/p>\n<p>Dracena contra a COVID-19.<\/p>\n<p style=\"text-align: justify;\">Fonte: https:\/\/www.facebook.com\/prefeituradracena\/<\/p>\n","protected":false},"excerpt":{"rendered":"<p>Secretaria Municipal de Sa\u00fade e Higiene P\u00fablica informa a atualiza\u00e7\u00e3o do quadro de casos suspeitos e confirmados de Covid-19 em Dracena. S\u00e3o 76 pessoas curadas e 31 com o v\u00edrus ativo que est\u00e3o sendo tratadas com isolamento social (vinte e nove pessoas) e isolamento hospitalar (duas pessoas) em nossa cidade. Aten\u00e7\u00e3o, esses n\u00fameros s\u00e3o apenas [&hellip;]<\/p>\n","protected":false},"author":1,"featured_media":30009,"comment_status":"closed","ping_status":"open","sticky":false,"template":"","format":"standard","meta":{"footnotes":""},"categories":[179,184,110],"tags":[],"class_list":["post-30008","post","type-post","status-publish","format-standard","has-post-thumbnail","hentry","category-cidadeseregiao","category-dracena","category-noticiasdestaque"],"_links":{"self":[{"href":"https:\/\/jorgezanoni.com.br\/2019\/wp-json\/wp\/v2\/posts\/30008","targetHints":{"allow":["GET"]}}],"collection":[{"href":"https:\/\/jorgezanoni.com.br\/2019\/wp-json\/wp\/v2\/posts"}],"about":[{"href":"https:\/\/jorgezanoni.com.br\/2019\/wp-json\/wp\/v2\/types\/post"}],"author":[{"embeddable":true,"href":"https:\/\/jorgezanoni.com.br\/2019\/wp-json\/wp\/v2\/users\/1"}],"replies":[{"embeddable":true,"href":"https:\/\/jorgezanoni.com.br\/2019\/wp-json\/wp\/v2\/comments?post=30008"}],"version-history":[{"count":0,"href":"https:\/\/jorgezanoni.com.br\/2019\/wp-json\/wp\/v2\/posts\/30008\/revisions"}],"wp:featuredmedia":[{"embeddable":true,"href":"https:\/\/jorgezanoni.com.br\/2019\/wp-json\/wp\/v2\/media\/30009"}],"wp:attachment":[{"href":"https:\/\/jorgezanoni.com.br\/2019\/wp-json\/wp\/v2\/media?parent=30008"}],"wp:term":[{"taxonomy":"category","embeddable":true,"href":"https:\/\/jorgezanoni.com.br\/2019\/wp-json\/wp\/v2\/categories?post=30008"},{"taxonomy":"post_tag","embeddable":true,"href":"https:\/\/jorgezanoni.com.br\/2019\/wp-json\/wp\/v2\/tags?post=30008"}],"curies":[{"name":"wp","href":"https:\/\/api.w.org\/{rel}","templated":true}]}}