{"id":29945,"date":"2020-07-04T01:12:25","date_gmt":"2020-07-04T01:12:25","guid":{"rendered":"https:\/\/jorgezanoni.com.br\/2019\/?p=29945"},"modified":"2020-07-04T13:02:36","modified_gmt":"2020-07-04T13:02:36","slug":"caminhonete-de-dracena-capotou-na-sp-294-no-trecho-entre-dracena-e-junqueiropolis","status":"publish","type":"post","link":"https:\/\/jorgezanoni.com.br\/2019\/caminhonete-de-dracena-capotou-na-sp-294-no-trecho-entre-dracena-e-junqueiropolis\/","title":{"rendered":"Caminhonete capotou na SP-294 no trecho entre Dracena e Junqueir\u00f3polis"},"content":{"rendered":"<p style=\"text-align: justify;\">A Caminhonete tem placas de Dracena e estava o motorista e uma acompanhante que tiveram ferimentos aparentemente leves. Veja o V\u00eddeo.<\/p>\n<div id=\"fb-root\"><\/div>\n<p><script async=\"1\" defer=\"1\" crossorigin=\"anonymous\" src=\"https:\/\/connect.facebook.net\/en_US\/sdk.js#xfbml=1&amp;version=v7.0\" nonce=\"8UTCCeQl\"><\/script><\/p>\n<div class=\"fb-video\" data-href=\"https:\/\/www.facebook.com\/dlztv\/videos\/3601703063192530\/\" data-width=\"696\">\n<blockquote cite=\"https:\/\/www.facebook.com\/dlztv\/videos\/3601703063192530\/\" class=\"fb-xfbml-parse-ignore\"><p><a href=\"https:\/\/www.facebook.com\/dlztv\/videos\/3601703063192530\/\"><\/a><\/p>\n<p>Camionete Capota na SP 294 em Dracena<\/p>\n<p>Posted by <a href=\"https:\/\/www.facebook.com\/dlztv\/\">DLZ TV<\/a> on Friday, July 3, 2020<\/p><\/blockquote>\n<\/div>\n<p>Fonte: DLZ TV<\/p>\n<p style=\"text-align: justify;\">OCORR\u00caNCIA ATENDIDA NA \u00c1REA DA 2\u00aa COMPANHIA DO POL. RODOVI\u00c1RIO.<\/p>\n<p style=\"text-align: justify;\">Fato : Acidente de Tr\u00e2nsito com v\u00edtima.<\/p>\n<p>Hor\u00e1rio : 20h43min.<\/p>\n<p style=\"text-align: justify;\">Endere\u00e7o : SP 294 \u2013 Rod. Cmte. Jo\u00e3o Ribeiro de Barros, km 642,500 \u2013 Junqueir\u00f3polis\/SP.<\/p>\n<p style=\"text-align: justify;\">\nHist\u00f3rico:<br \/>\nO Policiamento Rodovi\u00e1rio atendeu na noite desta sexta-feira (03), ocorr\u00eancia de acidente de tr\u00e2nsito com v\u00edtima, do tipo choque.<br \/>\nO ve\u00edculo \u00fanico envolvido, um VW\/Amarock com placas de Dracena\/SP, transitava no sentido aos munic\u00edpios de Irapuru\/SP a Dracena\/SP, quando chocou-se na canaleta de escoamento de \u00e1guas pluviais existente no local.<br \/>\nEm consequ\u00eancia do impacto, vitimou levemente o condutor e a passageira, os quais foram socorridos ao Pronto Atendimento de Socorro do munic\u00edpio de Dracena\/SP atrav\u00e9s de unidades do Corpo de Bombeiros.<\/p>\n<p style=\"text-align: justify;\">O local, dotado de 02 faixas no sentido em que houve o acidente, teve apenas uma delas interditada, possibilitando fluir o tr\u00e2nsito atrav\u00e9s da faixa 02 (mais pr\u00f3xima ao acostamento).<\/p>\n<p style=\"text-align: justify;\">No atendimento, al\u00e9m das unidades do Policiamento Rodovi\u00e1rio e Corpo de Bombeiros, tamb\u00e9m apoiaram na sinaliza\u00e7\u00e3o as equipes da Concession\u00e1ria EIXO-SP.<\/p>\n<p style=\"text-align: justify;\">Fonte: 2\u00aa Cia. PMR.<\/p>\n","protected":false},"excerpt":{"rendered":"<p>A Caminhonete tem placas de Dracena e estava o motorista e uma acompanhante que tiveram ferimentos aparentemente leves. Veja o V\u00eddeo. Camionete Capota na SP 294 em Dracena Posted by DLZ TV on Friday, July 3, 2020 Fonte: DLZ TV OCORR\u00caNCIA ATENDIDA NA \u00c1REA DA 2\u00aa COMPANHIA DO POL. RODOVI\u00c1RIO. Fato : Acidente de Tr\u00e2nsito [&hellip;]<\/p>\n","protected":false},"author":1,"featured_media":29946,"comment_status":"closed","ping_status":"open","sticky":false,"template":"","format":"video","meta":{"footnotes":""},"categories":[170,110,169],"tags":[],"class_list":["post-29945","post","type-post","status-publish","format-video","has-post-thumbnail","hentry","category-acidentes","category-noticiasdestaque","category-videos","post_format-post-format-video"],"_links":{"self":[{"href":"https:\/\/jorgezanoni.com.br\/2019\/wp-json\/wp\/v2\/posts\/29945","targetHints":{"allow":["GET"]}}],"collection":[{"href":"https:\/\/jorgezanoni.com.br\/2019\/wp-json\/wp\/v2\/posts"}],"about":[{"href":"https:\/\/jorgezanoni.com.br\/2019\/wp-json\/wp\/v2\/types\/post"}],"author":[{"embeddable":true,"href":"https:\/\/jorgezanoni.com.br\/2019\/wp-json\/wp\/v2\/users\/1"}],"replies":[{"embeddable":true,"href":"https:\/\/jorgezanoni.com.br\/2019\/wp-json\/wp\/v2\/comments?post=29945"}],"version-history":[{"count":0,"href":"https:\/\/jorgezanoni.com.br\/2019\/wp-json\/wp\/v2\/posts\/29945\/revisions"}],"wp:featuredmedia":[{"embeddable":true,"href":"https:\/\/jorgezanoni.com.br\/2019\/wp-json\/wp\/v2\/media\/29946"}],"wp:attachment":[{"href":"https:\/\/jorgezanoni.com.br\/2019\/wp-json\/wp\/v2\/media?parent=29945"}],"wp:term":[{"taxonomy":"category","embeddable":true,"href":"https:\/\/jorgezanoni.com.br\/2019\/wp-json\/wp\/v2\/categories?post=29945"},{"taxonomy":"post_tag","embeddable":true,"href":"https:\/\/jorgezanoni.com.br\/2019\/wp-json\/wp\/v2\/tags?post=29945"}],"curies":[{"name":"wp","href":"https:\/\/api.w.org\/{rel}","templated":true}]}}