{"id":29942,"date":"2020-07-04T01:00:16","date_gmt":"2020-07-04T01:00:16","guid":{"rendered":"https:\/\/jorgezanoni.com.br\/2019\/?p=29942"},"modified":"2020-07-04T01:00:16","modified_gmt":"2020-07-04T01:00:16","slug":"motorista-embriagado-se-envolve-em-acidente-de-transito-e-passageiros-ficam-feridos-na-sp-294","status":"publish","type":"post","link":"https:\/\/jorgezanoni.com.br\/2019\/motorista-embriagado-se-envolve-em-acidente-de-transito-e-passageiros-ficam-feridos-na-sp-294\/","title":{"rendered":"Motorista embriagado se envolve em acidente de tr\u00e2nsito e passageiros ficam feridos na SP-294"},"content":{"rendered":"<h2 class=\"content-head__subtitle\" style=\"text-align: justify;\"><strong>Ve\u00edculo se chocou contra uma defensa met\u00e1lica da pista, em Adamantina. V\u00edtimas sofreram ferimentos de natureza leve, segundo a pol\u00edcia.<\/strong><\/h2>\n<article>\n<div class=\"mc-column content-text active-extra-styles \" data-block-type=\"unstyled\" data-block-weight=\"43\" data-block-id=\"2\">\n<p class=\"content-text__container \" style=\"text-align: justify;\" data-track-category=\"Link no Texto\" data-track-links=\"\">Um homem de 35 anos foi preso ap\u00f3s, embriado, se envolver em um acidente de tr\u00e2nsito na Rodovia Comandante Jo\u00e3o Ribeiro de Barros (SP-294), em\u00a0<a href=\"http:\/\/g1.globo.com\/sp\/presidente-prudente-regiao\/cidade\/adamantina.html\">Adamantina<\/a>. Duas pessoas, que eram passageiras do ve\u00edculo, ficaram feridas. O fato foi na noite desta quinta-feira (2).<\/p>\n<\/div>\n<div class=\"wall protected-content\" style=\"text-align: justify;\">\n<div class=\"mc-column content-text active-extra-styles \" data-block-type=\"unstyled\" data-block-weight=\"29\" data-block-id=\"3\">\n<p class=\"content-text__container \" data-track-category=\"Link no Texto\" data-track-links=\"\">O Policiamento Rodovi\u00e1rio foi informado de que o ve\u00edculo transitava no sentido oeste, quando, por motivos a serem esclarecidos, virou \u00e0 direita e se chocou contra a defensa met\u00e1lica.<\/p>\n<\/div>\n<div class=\"mc-column content-text active-extra-styles \" data-block-type=\"unstyled\" data-block-weight=\"48\" data-block-id=\"4\">\n<p class=\"content-text__container \" data-track-category=\"Link no Texto\" data-track-links=\"\">Quando as equipes chegaram ao local, a passageira \u2013 de 24 anos \u2013 e o passageiro &#8211; de 19 anos \u2013 vitimados, que sofreram ferimentos leves, recebiam os primeiros atendimentos pela equipe de resgate da Concession\u00e1ria Eixo SP. Ambos foram imobilizados e encaminhados ao Pronto-socorro de Adamantina.<\/p>\n<\/div>\n<div class=\"mc-column content-text active-extra-styles \" data-block-type=\"unstyled\" data-block-weight=\"44\" data-block-id=\"5\">\n<p class=\"content-text__container \" data-track-category=\"Link no Texto\" data-track-links=\"\">Em conversa com o condutor, os policiais perceberam sinais not\u00f3rios de embriaguez, tais como olhos avermelhados, dispers\u00e3o e odor et\u00edlico. O homem passou pelo teste do baf\u00f4metro, que aferiu a quantia de 0,40 miligramas de \u00e1lcool por litro de ar alveolar expelido pelos pulm\u00f5es.<\/p>\n<\/div>\n<div class=\"mc-column content-text active-extra-styles \" data-block-type=\"unstyled\" data-block-weight=\"41\" data-block-id=\"6\">\n<p class=\"content-text__container \" data-track-category=\"Link no Texto\" data-track-links=\"\">Com os fatos, foi dada voz de pris\u00e3o em flagrante ao condutor pelo crime de embriaguez ao volante, conforme o Artigo 306 do C\u00f3digo de Tr\u00e2nsito Brasileiro (CTB). Na Delegacia da Pol\u00edcia Civil foi ratificada a pris\u00e3o, sem direito a fian\u00e7a.<\/p>\n<p class=\"content-text__container \" data-track-category=\"Link no Texto\" data-track-links=\"\"><span style=\"font-family: inherit; font-size: inherit; font-style: inherit; font-variant-ligatures: inherit; font-variant-caps: inherit; font-weight: inherit; text-align: center;\">Tamb\u00e9m foi elaborado o Auto de Infra\u00e7\u00e3o pelo Artigo 165 do CTB, sobre dirigir sob influ\u00eancia de \u00e1lcool.<\/span><\/p>\n<\/div>\n<div class=\"row medium-uncollapsed content-media content-photo\" data-block-type=\"backstage-photo\" data-block-id=\"9\">\n<div class=\"mc-column content-media__container\">\n<figure><img decoding=\"async\" class=\"i-amphtml-fill-content i-amphtml-replaced-content\" src=\"https:\/\/s2.glbimg.com\/iLGlkpwHQxYoFw1zZgOA-ec0fJE=\/0x0:700x520\/984x0\/smart\/filters:strip_icc()\/i.s3.glbimg.com\/v1\/AUTH_59edd422c0c84a879bd37670ae4f538a\/internal_photos\/bs\/2020\/p\/Z\/A3xenOSYqkABt7BWhXlg\/whatsapp-image-2020-07-03-at-04.12.41.jpeg\" sizes=\"(max-width: 1242px) 648px, 100vw\" srcset=\"https:\/\/s2.glbimg.com\/XdA75gvSvGWydy1P_KiuZJ8l6UI=\/0x0:700x520\/1000x0\/smart\/filters:strip_icc()\/i.s3.glbimg.com\/v1\/AUTH_59edd422c0c84a879bd37670ae4f538a\/internal_photos\/bs\/2020\/p\/Z\/A3xenOSYqkABt7BWhXlg\/whatsapp-image-2020-07-03-at-04.12.41.jpeg 1000w, https:\/\/s2.glbimg.com\/iLGlkpwHQxYoFw1zZgOA-ec0fJE=\/0x0:700x520\/984x0\/smart\/filters:strip_icc()\/i.s3.glbimg.com\/v1\/AUTH_59edd422c0c84a879bd37670ae4f538a\/internal_photos\/bs\/2020\/p\/Z\/A3xenOSYqkABt7BWhXlg\/whatsapp-image-2020-07-03-at-04.12.41.jpeg 984w, https:\/\/s2.glbimg.com\/euP5RFiRwoYL30BLpcxtxxixwRQ=\/0x0:700x520\/640x0\/smart\/filters:strip_icc()\/i.s3.glbimg.com\/v1\/AUTH_59edd422c0c84a879bd37670ae4f538a\/internal_photos\/bs\/2020\/p\/Z\/A3xenOSYqkABt7BWhXlg\/whatsapp-image-2020-07-03-at-04.12.41.jpeg 640w, https:\/\/s2.glbimg.com\/R9Q3cJTJq-WTp2T_QzLDHk8TRuw=\/0x0:700x520\/600x0\/smart\/filters:strip_icc()\/i.s3.glbimg.com\/v1\/AUTH_59edd422c0c84a879bd37670ae4f538a\/internal_photos\/bs\/2020\/p\/Z\/A3xenOSYqkABt7BWhXlg\/whatsapp-image-2020-07-03-at-04.12.41.jpeg 600w\" alt=\"Acidente foi na SP-294, em Adamantina, nesta quinta-feira (2) \u2014 Foto: Pol\u00edcia Rodovi\u00e1ria\" \/><\/figure>\n<p class=\"content-media__description \">Acidente foi na SP-294, em Adamantina, nesta quinta-feira (2) \u2014 Foto: Pol\u00edcia Rodovi\u00e1ria<\/p>\n<\/div>\n<\/div>\n<div class=\"row medium-uncollapsed content-media content-photo\" data-block-type=\"backstage-photo\" data-block-id=\"10\">\n<div class=\"mc-column content-media__container\">\n<figure><img decoding=\"async\" class=\"i-amphtml-fill-content i-amphtml-replaced-content\" src=\"https:\/\/s2.glbimg.com\/iI3XnYlq5mBpHZjNYe6NAqBOOhk=\/0x0:700x526\/984x0\/smart\/filters:strip_icc()\/i.s3.glbimg.com\/v1\/AUTH_59edd422c0c84a879bd37670ae4f538a\/internal_photos\/bs\/2020\/U\/q\/VuO033Rqqb3iWG4y9Cww\/whatsapp-image-2020-07-03-at-04.12.54.jpeg\" sizes=\"(max-width: 1242px) 648px, 100vw\" srcset=\"https:\/\/s2.glbimg.com\/C4Q7Qy3cLMf9Iim5znNTfeat9Z4=\/0x0:700x526\/1000x0\/smart\/filters:strip_icc()\/i.s3.glbimg.com\/v1\/AUTH_59edd422c0c84a879bd37670ae4f538a\/internal_photos\/bs\/2020\/U\/q\/VuO033Rqqb3iWG4y9Cww\/whatsapp-image-2020-07-03-at-04.12.54.jpeg 1000w, https:\/\/s2.glbimg.com\/iI3XnYlq5mBpHZjNYe6NAqBOOhk=\/0x0:700x526\/984x0\/smart\/filters:strip_icc()\/i.s3.glbimg.com\/v1\/AUTH_59edd422c0c84a879bd37670ae4f538a\/internal_photos\/bs\/2020\/U\/q\/VuO033Rqqb3iWG4y9Cww\/whatsapp-image-2020-07-03-at-04.12.54.jpeg 984w, https:\/\/s2.glbimg.com\/lBIKgGJWJSdq3G8drO6JAEAPElc=\/0x0:700x526\/640x0\/smart\/filters:strip_icc()\/i.s3.glbimg.com\/v1\/AUTH_59edd422c0c84a879bd37670ae4f538a\/internal_photos\/bs\/2020\/U\/q\/VuO033Rqqb3iWG4y9Cww\/whatsapp-image-2020-07-03-at-04.12.54.jpeg 640w, https:\/\/s2.glbimg.com\/c27kzTuFgH4LdrRL9fJqxC0uFLw=\/0x0:700x526\/600x0\/smart\/filters:strip_icc()\/i.s3.glbimg.com\/v1\/AUTH_59edd422c0c84a879bd37670ae4f538a\/internal_photos\/bs\/2020\/U\/q\/VuO033Rqqb3iWG4y9Cww\/whatsapp-image-2020-07-03-at-04.12.54.jpeg 600w\" alt=\"Acidente foi na SP-294, em Adamantina, nesta quinta-feira (2) \u2014 Foto: Pol\u00edcia Rodovi\u00e1ria\" \/><\/figure>\n<p class=\"content-media__description \">Acidente foi na SP-294, em Adamantina, nesta quinta-feira (2) \u2014 Foto: Pol\u00edcia Rodovi\u00e1ria<\/p>\n<\/div>\n<\/div>\n<div class=\"row medium-uncollapsed content-media content-photo\" data-block-type=\"backstage-photo\" data-block-id=\"11\">\n<div class=\"mc-column content-media__container\">\n<figure><img decoding=\"async\" class=\"i-amphtml-fill-content i-amphtml-replaced-content\" src=\"https:\/\/s2.glbimg.com\/2j7CWkruPCCjlh_lgGPZejPHlPI=\/0x0:1280x960\/984x0\/smart\/filters:strip_icc()\/i.s3.glbimg.com\/v1\/AUTH_59edd422c0c84a879bd37670ae4f538a\/internal_photos\/bs\/2020\/M\/Y\/2AJ0WNTlqHVwkDRCH2kQ\/whatsapp-image-2020-07-03-at-04.12.18.jpg\" sizes=\"(max-width: 1242px) 648px, 100vw\" srcset=\"https:\/\/s2.glbimg.com\/HFF_pjuK2BxM1zuY1iWIXvdrOBs=\/0x0:1280x960\/1000x0\/smart\/filters:strip_icc()\/i.s3.glbimg.com\/v1\/AUTH_59edd422c0c84a879bd37670ae4f538a\/internal_photos\/bs\/2020\/M\/Y\/2AJ0WNTlqHVwkDRCH2kQ\/whatsapp-image-2020-07-03-at-04.12.18.jpg 1000w, https:\/\/s2.glbimg.com\/2j7CWkruPCCjlh_lgGPZejPHlPI=\/0x0:1280x960\/984x0\/smart\/filters:strip_icc()\/i.s3.glbimg.com\/v1\/AUTH_59edd422c0c84a879bd37670ae4f538a\/internal_photos\/bs\/2020\/M\/Y\/2AJ0WNTlqHVwkDRCH2kQ\/whatsapp-image-2020-07-03-at-04.12.18.jpg 984w, https:\/\/s2.glbimg.com\/Vw698c08koPKb5ZaGEW906yI1VE=\/0x0:1280x960\/640x0\/smart\/filters:strip_icc()\/i.s3.glbimg.com\/v1\/AUTH_59edd422c0c84a879bd37670ae4f538a\/internal_photos\/bs\/2020\/M\/Y\/2AJ0WNTlqHVwkDRCH2kQ\/whatsapp-image-2020-07-03-at-04.12.18.jpg 640w, https:\/\/s2.glbimg.com\/xO-cC6P3YfRttmmYUv4v6dxJImQ=\/0x0:1280x960\/600x0\/smart\/filters:strip_icc()\/i.s3.glbimg.com\/v1\/AUTH_59edd422c0c84a879bd37670ae4f538a\/internal_photos\/bs\/2020\/M\/Y\/2AJ0WNTlqHVwkDRCH2kQ\/whatsapp-image-2020-07-03-at-04.12.18.jpg 600w\" alt=\"Acidente foi na SP-294, em Adamantina, nesta quinta-feira (2) \u2014 Foto: Pol\u00edcia Rodovi\u00e1ria\" \/><\/figure>\n<p class=\"content-media__description \">Acidente foi na SP-294, em Adamantina, nesta quinta-feira (2) \u2014 Foto: Pol\u00edcia Rodovi\u00e1ria<\/p>\n<\/div>\n<\/div>\n<div data-track-category=\"multicontent\" data-track-action=\"ultimo chunk conteudo\" data-track-noninteraction=\"false\" data-track-scroll=\"view\">\n<div class=\"mc-column content-text active-extra-styles \" data-block-type=\"unstyled\" data-block-weight=\"9\" data-block-id=\"13\"><\/div>\n<\/div>\n<\/div>\n<\/article>\n<div id=\"newsletterMCWrapper\">\n<div id=\"newsletterComponent\" class=\"mc-column newsletter-component newsletter-component--offering newsletter-component__visible\">\n<div class=\"newsletter-component__offer-container\">\n<div class=\"newsletter-component__title-container\">\n<p id=\"newsletterTitle\" class=\"newsletter-component__title\" style=\"text-align: justify;\">Fonte: G1<\/p>\n<\/div>\n<\/div>\n<\/div>\n<\/div>\n","protected":false},"excerpt":{"rendered":"<p>Ve\u00edculo se chocou contra uma defensa met\u00e1lica da pista, em Adamantina. V\u00edtimas sofreram ferimentos de natureza leve, segundo a pol\u00edcia. Um homem de 35 anos foi preso ap\u00f3s, embriado, se envolver em um acidente de tr\u00e2nsito na Rodovia Comandante Jo\u00e3o Ribeiro de Barros (SP-294), em\u00a0Adamantina. Duas pessoas, que eram passageiras do ve\u00edculo, ficaram feridas. O [&hellip;]<\/p>\n","protected":false},"author":1,"featured_media":29943,"comment_status":"closed","ping_status":"open","sticky":false,"template":"","format":"standard","meta":{"footnotes":""},"categories":[170,110],"tags":[],"class_list":["post-29942","post","type-post","status-publish","format-standard","has-post-thumbnail","hentry","category-acidentes","category-noticiasdestaque"],"_links":{"self":[{"href":"https:\/\/jorgezanoni.com.br\/2019\/wp-json\/wp\/v2\/posts\/29942","targetHints":{"allow":["GET"]}}],"collection":[{"href":"https:\/\/jorgezanoni.com.br\/2019\/wp-json\/wp\/v2\/posts"}],"about":[{"href":"https:\/\/jorgezanoni.com.br\/2019\/wp-json\/wp\/v2\/types\/post"}],"author":[{"embeddable":true,"href":"https:\/\/jorgezanoni.com.br\/2019\/wp-json\/wp\/v2\/users\/1"}],"replies":[{"embeddable":true,"href":"https:\/\/jorgezanoni.com.br\/2019\/wp-json\/wp\/v2\/comments?post=29942"}],"version-history":[{"count":0,"href":"https:\/\/jorgezanoni.com.br\/2019\/wp-json\/wp\/v2\/posts\/29942\/revisions"}],"wp:featuredmedia":[{"embeddable":true,"href":"https:\/\/jorgezanoni.com.br\/2019\/wp-json\/wp\/v2\/media\/29943"}],"wp:attachment":[{"href":"https:\/\/jorgezanoni.com.br\/2019\/wp-json\/wp\/v2\/media?parent=29942"}],"wp:term":[{"taxonomy":"category","embeddable":true,"href":"https:\/\/jorgezanoni.com.br\/2019\/wp-json\/wp\/v2\/categories?post=29942"},{"taxonomy":"post_tag","embeddable":true,"href":"https:\/\/jorgezanoni.com.br\/2019\/wp-json\/wp\/v2\/tags?post=29942"}],"curies":[{"name":"wp","href":"https:\/\/api.w.org\/{rel}","templated":true}]}}