{"id":29891,"date":"2020-07-03T12:49:41","date_gmt":"2020-07-03T12:49:41","guid":{"rendered":"https:\/\/jorgezanoni.com.br\/2019\/?p=29891"},"modified":"2020-07-03T12:55:38","modified_gmt":"2020-07-03T12:55:38","slug":"morre-o-empresario-valdeci-clemente","status":"publish","type":"post","link":"https:\/\/jorgezanoni.com.br\/2019\/morre-o-empresario-valdeci-clemente\/","title":{"rendered":"Morre o empres\u00e1rio Valdeci Clemente"},"content":{"rendered":"<p style=\"text-align: justify;\">Faleceu no inicio da madrugada desta sexta-feira (3), o empres\u00e1rio Valdeci Clemente aos 52 anos. Era propriet\u00e1rio da empresa Artagel localizada na rua Tiradentes em Dracena.<\/p>\n<p style=\"text-align: justify;\">Segundo informa\u00e7\u00f5es obtidas junto a Empresa Funer\u00e1ria Vida Prev, Clemente teria sofrido um Infarto por volta de meia noite e n\u00e3o resistiu.<\/p>\n<p style=\"text-align: justify;\">Deixa a esposa Ana Cl\u00e1udia e os filhos Jo\u00e3o Olavo, Isabela e Catharine.<\/p>\n<p style=\"text-align: justify;\">O Vel\u00f3rio est\u00e1 ocorrendo no memorial Vida Prev e o Sepultamento ocorre \u00e0s 16 Hs. no Cemit\u00e9rio de Dracena.<\/p>\n<p style=\"text-align: justify;\">Aos familiares e amigos os sentimentos do Site JZ.<\/p>\n<p style=\"text-align: justify;\">Jorge Zanoni<\/p>\n<p><img loading=\"lazy\" decoding=\"async\" class=\"alignnone size-full wp-image-29892\" src=\"https:\/\/jorgezanoni.com.br\/2019\/wp-content\/uploads\/2020\/07\/Valdeci-Clemente.jpg\" alt=\"\" width=\"1280\" height=\"760\" srcset=\"https:\/\/jorgezanoni.com.br\/2019\/wp-content\/uploads\/2020\/07\/Valdeci-Clemente.jpg 1280w, https:\/\/jorgezanoni.com.br\/2019\/wp-content\/uploads\/2020\/07\/Valdeci-Clemente-300x178.jpg 300w, https:\/\/jorgezanoni.com.br\/2019\/wp-content\/uploads\/2020\/07\/Valdeci-Clemente-1024x608.jpg 1024w, https:\/\/jorgezanoni.com.br\/2019\/wp-content\/uploads\/2020\/07\/Valdeci-Clemente-768x456.jpg 768w, https:\/\/jorgezanoni.com.br\/2019\/wp-content\/uploads\/2020\/07\/Valdeci-Clemente-696x413.jpg 696w, https:\/\/jorgezanoni.com.br\/2019\/wp-content\/uploads\/2020\/07\/Valdeci-Clemente-1068x634.jpg 1068w, https:\/\/jorgezanoni.com.br\/2019\/wp-content\/uploads\/2020\/07\/Valdeci-Clemente-707x420.jpg 707w\" sizes=\"auto, (max-width: 1280px) 100vw, 1280px\" \/><\/p>\n<p style=\"text-align: justify;\">\n","protected":false},"excerpt":{"rendered":"<p>Faleceu no inicio da madrugada desta sexta-feira (3), o empres\u00e1rio Valdeci Clemente aos 52 anos. Era propriet\u00e1rio da empresa Artagel localizada na rua Tiradentes em Dracena. Segundo informa\u00e7\u00f5es obtidas junto a Empresa Funer\u00e1ria Vida Prev, Clemente teria sofrido um Infarto por volta de meia noite e n\u00e3o resistiu. Deixa a esposa Ana Cl\u00e1udia e os [&hellip;]<\/p>\n","protected":false},"author":1,"featured_media":29893,"comment_status":"closed","ping_status":"open","sticky":false,"template":"","format":"standard","meta":{"footnotes":""},"categories":[178,110],"tags":[],"class_list":["post-29891","post","type-post","status-publish","format-standard","has-post-thumbnail","hentry","category-notadefalecimento","category-noticiasdestaque"],"_links":{"self":[{"href":"https:\/\/jorgezanoni.com.br\/2019\/wp-json\/wp\/v2\/posts\/29891","targetHints":{"allow":["GET"]}}],"collection":[{"href":"https:\/\/jorgezanoni.com.br\/2019\/wp-json\/wp\/v2\/posts"}],"about":[{"href":"https:\/\/jorgezanoni.com.br\/2019\/wp-json\/wp\/v2\/types\/post"}],"author":[{"embeddable":true,"href":"https:\/\/jorgezanoni.com.br\/2019\/wp-json\/wp\/v2\/users\/1"}],"replies":[{"embeddable":true,"href":"https:\/\/jorgezanoni.com.br\/2019\/wp-json\/wp\/v2\/comments?post=29891"}],"version-history":[{"count":0,"href":"https:\/\/jorgezanoni.com.br\/2019\/wp-json\/wp\/v2\/posts\/29891\/revisions"}],"wp:featuredmedia":[{"embeddable":true,"href":"https:\/\/jorgezanoni.com.br\/2019\/wp-json\/wp\/v2\/media\/29893"}],"wp:attachment":[{"href":"https:\/\/jorgezanoni.com.br\/2019\/wp-json\/wp\/v2\/media?parent=29891"}],"wp:term":[{"taxonomy":"category","embeddable":true,"href":"https:\/\/jorgezanoni.com.br\/2019\/wp-json\/wp\/v2\/categories?post=29891"},{"taxonomy":"post_tag","embeddable":true,"href":"https:\/\/jorgezanoni.com.br\/2019\/wp-json\/wp\/v2\/tags?post=29891"}],"curies":[{"name":"wp","href":"https:\/\/api.w.org\/{rel}","templated":true}]}}