{"id":29888,"date":"2020-07-03T12:33:41","date_gmt":"2020-07-03T12:33:41","guid":{"rendered":"https:\/\/jorgezanoni.com.br\/2019\/?p=29888"},"modified":"2020-07-03T12:33:41","modified_gmt":"2020-07-03T12:33:41","slug":"policia-civil-localiza-porcao-de-droga-oculta-em-tampa-de-volante-automovel-e-prende-um-homem-em-junqueiropolis","status":"publish","type":"post","link":"https:\/\/jorgezanoni.com.br\/2019\/policia-civil-localiza-porcao-de-droga-oculta-em-tampa-de-volante-automovel-e-prende-um-homem-em-junqueiropolis\/","title":{"rendered":"Policia Civil localiza por\u00e7\u00e3o de droga oculta em tampa de volante autom\u00f3vel e prende um homem em Junqueir\u00f3polis"},"content":{"rendered":"<p style=\"text-align: justify;\"><strong>Um homem, de 26 anos, foi autuado em flagrante em Junqueir\u00f3polis, suspeito de praticar crime de tr\u00e1fico de drogas. Foi apreendido coca\u00edna, crack e a quantia de cerca de 7.800 reais.<\/strong><\/p>\n<p style=\"text-align: justify;\">A Pol\u00edcia Civil, por interm\u00e9dio da Delegacia de Pol\u00edcia de Junqueir\u00f3polis, efetuou nesta quinta-feira (2), a pris\u00e3o em flagrante de um homem, de 26 anos, morador do bairro jardim Junqueir\u00f3polis, naquele munic\u00edpio. A Pol\u00edcia Civil apreendeu tamb\u00e9m por\u00e7\u00f5es de coca\u00edna e crack; al\u00e9m da quantia de cerca de 7.800 reais em dinheiro e cheques, um ve\u00edculo e um celular, tamb\u00e9m foram apreendidos.<br \/>\nAgentes do setor de investiga\u00e7\u00e3o, da Delegacia de Pol\u00edcia de Junqueir\u00f3polis, vinham investigando a participa\u00e7\u00e3o uma suposta participa\u00e7\u00e3o, do homem preso, na comercializa\u00e7\u00e3o de drogas na cidade de Junqueir\u00f3polis. E nesta quinta-feira (2), localizaram o homem defronte sua resid\u00eancia, diante das investiga\u00e7\u00f5es em andamento, foi realizada abordagem e revista pessoal, sendo que nada de il\u00edcito foi encontrado, apenas uma nota de 50 reais e um aparelho celular.<br \/>\nPor\u00e9m, durante a busca no interior do ve\u00edculo do homem, que estava estaciona na via p\u00fablica, foi encontrado oculto na tampa do volante do autom\u00f3vel, um involucro de cor preta contendo crack.<br \/>\nEm seguida, foi realizada vistoria na casa do acusado, sendo encontrado dentro de uma caixa de embalagem de celular, que estava no guarda-roupa do quarto, mais duas por\u00e7\u00f5es de coca\u00edna e cerca de 690 reais e v\u00e1rias folhas de cheque, que somadas totalizaram a quantia de aproximadamente 7.100 reais.<br \/>\nDiante, da situa\u00e7\u00e3o de flagrante delito, foi dado voz de pris\u00e3o ao homem e conduzido \u00e0 delegacia de pol\u00edcia, onde foi ratificado a situa\u00e7\u00e3o flagrancial por crime de tr\u00e1fico de drogas. As drogas, objeto, dinheiro, cheques e o ve\u00edculo foram apreendidos e autos pr\u00f3prios. Ap\u00f3s o t\u00e9rmino do flagrante o homem foi conduzido a cadeia de Dracena, onde aguardar\u00e1 a manifesta\u00e7\u00e3o da Justi\u00e7a.<\/p>\n<p>Fonte: Com. Social da Pol\u00edcia Civil<\/p>\n","protected":false},"excerpt":{"rendered":"<p>Um homem, de 26 anos, foi autuado em flagrante em Junqueir\u00f3polis, suspeito de praticar crime de tr\u00e1fico de drogas. Foi apreendido coca\u00edna, crack e a quantia de cerca de 7.800 reais. A Pol\u00edcia Civil, por interm\u00e9dio da Delegacia de Pol\u00edcia de Junqueir\u00f3polis, efetuou nesta quinta-feira (2), a pris\u00e3o em flagrante de um homem, de 26 [&hellip;]<\/p>\n","protected":false},"author":1,"featured_media":29889,"comment_status":"closed","ping_status":"open","sticky":false,"template":"","format":"standard","meta":{"footnotes":""},"categories":[110,2],"tags":[],"class_list":["post-29888","post","type-post","status-publish","format-standard","has-post-thumbnail","hentry","category-noticiasdestaque","category-policial"],"_links":{"self":[{"href":"https:\/\/jorgezanoni.com.br\/2019\/wp-json\/wp\/v2\/posts\/29888","targetHints":{"allow":["GET"]}}],"collection":[{"href":"https:\/\/jorgezanoni.com.br\/2019\/wp-json\/wp\/v2\/posts"}],"about":[{"href":"https:\/\/jorgezanoni.com.br\/2019\/wp-json\/wp\/v2\/types\/post"}],"author":[{"embeddable":true,"href":"https:\/\/jorgezanoni.com.br\/2019\/wp-json\/wp\/v2\/users\/1"}],"replies":[{"embeddable":true,"href":"https:\/\/jorgezanoni.com.br\/2019\/wp-json\/wp\/v2\/comments?post=29888"}],"version-history":[{"count":0,"href":"https:\/\/jorgezanoni.com.br\/2019\/wp-json\/wp\/v2\/posts\/29888\/revisions"}],"wp:featuredmedia":[{"embeddable":true,"href":"https:\/\/jorgezanoni.com.br\/2019\/wp-json\/wp\/v2\/media\/29889"}],"wp:attachment":[{"href":"https:\/\/jorgezanoni.com.br\/2019\/wp-json\/wp\/v2\/media?parent=29888"}],"wp:term":[{"taxonomy":"category","embeddable":true,"href":"https:\/\/jorgezanoni.com.br\/2019\/wp-json\/wp\/v2\/categories?post=29888"},{"taxonomy":"post_tag","embeddable":true,"href":"https:\/\/jorgezanoni.com.br\/2019\/wp-json\/wp\/v2\/tags?post=29888"}],"curies":[{"name":"wp","href":"https:\/\/api.w.org\/{rel}","templated":true}]}}