{"id":29867,"date":"2020-07-02T22:04:25","date_gmt":"2020-07-02T22:04:25","guid":{"rendered":"https:\/\/jorgezanoni.com.br\/2019\/?p=29867"},"modified":"2020-07-02T22:04:25","modified_gmt":"2020-07-02T22:04:25","slug":"dia-do-bombeiro-brasileiro-e-comemorado-hoje-2","status":"publish","type":"post","link":"https:\/\/jorgezanoni.com.br\/2019\/dia-do-bombeiro-brasileiro-e-comemorado-hoje-2\/","title":{"rendered":"Dia do Bombeiro Brasileiro \u00e9 comemorado hoje (2)"},"content":{"rendered":"<p style=\"text-align: justify;\">O\u00a0<strong>Dia do Bombeiro Brasileiro<\/strong>\u00a0\u00e9 comemorado no dia\u00a0<strong>2 de julho<\/strong>.<\/p>\n<p style=\"text-align: justify;\">Esta data \u00e9 uma homenagem a todos os her\u00f3is brasileiros que\u00a0<strong>arriscam as suas vidas<\/strong>\u00a0para proteger as pessoas, as cidades e as florestas do risco de inc\u00eandios, desastres naturais, desabamentos, etc.<\/p>\n<p style=\"text-align: justify;\">Al\u00e9m de apagar inc\u00eandios, os bombeiros tamb\u00e9m desenvolvem v\u00e1rios\u00a0<strong>projetos sociais e educativos<\/strong>, com o objetivo de tentar melhorar a qualidade de vida da comunidade.<\/p>\n<p style=\"text-align: justify;\">Os bombeiros tamb\u00e9m<strong>\u00a0ajudam a socorrer<\/strong>\u00a0animais em perigo e auxiliar pessoas que enfrentam situa\u00e7\u00f5es de grande stress, como tentativa de suic\u00eddio, afogamento, desaparecimentos e traumas provocados por acidentes.<\/p>\n<h2 style=\"text-align: justify;\">Origem do Dia do Bombeiro Brasileiro<\/h2>\n<p style=\"text-align: justify;\">A escolha desta data \u00e9 uma homenagem a\u00a0<strong>cria\u00e7\u00e3o<\/strong>\u00a0do Corpo Provis\u00f3rio de Bombeiros da Corte, inaugurado em 2 de julho de 1856, no Rio de Janeiro, e sob o comando do major Jo\u00e3o Batista de Morais Antas.<\/p>\n<p style=\"text-align: justify;\">Oficialmente, o Dia do Bombeiro Brasileiro foi institu\u00eddo atrav\u00e9s do decreto-lei n\u00ba 35.309, de 2 de abril de 1954. A partir desta mesma lei, tamb\u00e9m foi definido a realiza\u00e7\u00e3o anual da\u00a0<strong>Semana de Preven\u00e7\u00e3o Contra Inc\u00eandios<\/strong>.<\/p>\n<p style=\"text-align: justify;\">Antigamente, antes do Imperador D. Pedro II assinar o Decreto Imperial n\u00ba 1.775 que regulamentava o servi\u00e7o de bombeiros, o\u00a0<strong>badalar dos sinos<\/strong>\u00a0era sinal de que homens, mulheres e crian\u00e7as tinham que formar uma fila no po\u00e7o mais pr\u00f3ximo e assim, passarem baldes de m\u00e3o em m\u00e3o at\u00e9 chegarem ao local do inc\u00eandio.<\/p>\n<p style=\"text-align: justify;\"><strong>Ver tamb\u00e9m<\/strong>:<strong>\u00a0<\/strong><a href=\"https:\/\/www.calendarr.com\/brasil\/dia-do-salva-vidas\/\">Dia do Salva-vidas<\/a>.<\/p>\n<h2 style=\"text-align: justify;\">Mensagem para o Dia do Bombeiro Brasileiro<\/h2>\n<ul style=\"text-align: justify;\">\n<li><em>N\u00e3o existem palavras ou dias que consigam explicar o quanto estamos agradecidos por seu trabalho! Obrigado por ser nosso anjo da guarda nos momentos de maior afli\u00e7\u00e3o! Feliz Dia do Bombeiro!<\/em><\/li>\n<li><em>Eu n\u00e3o acreditava em super-her\u00f3is, at\u00e9 que conheci o seu trabalho! Parab\u00e9ns pela coragem, bravura e amor que te move a realizar feitos incr\u00edveis e ajudar a salvar vidas diariamente! Feliz Dia do Bombeiro!<\/em><\/li>\n<li><em>Bombeiros, sua miss\u00e3o \u00e9 salvar vidas e riquezas alheias. Feliz Dia!<\/em><\/li>\n<\/ul>\n<p style=\"text-align: justify;\">Fonte: https:\/\/www.calendarr.com\/brasil\/dia-do-bombeiro-brasileiro\/<\/p>\n<p><img loading=\"lazy\" decoding=\"async\" class=\"alignnone size-full wp-image-29869\" src=\"https:\/\/jorgezanoni.com.br\/2019\/wp-content\/uploads\/2020\/07\/Bombeiros.jpg\" alt=\"\" width=\"1024\" height=\"734\" srcset=\"https:\/\/jorgezanoni.com.br\/2019\/wp-content\/uploads\/2020\/07\/Bombeiros.jpg 1024w, https:\/\/jorgezanoni.com.br\/2019\/wp-content\/uploads\/2020\/07\/Bombeiros-300x215.jpg 300w, https:\/\/jorgezanoni.com.br\/2019\/wp-content\/uploads\/2020\/07\/Bombeiros-768x551.jpg 768w, https:\/\/jorgezanoni.com.br\/2019\/wp-content\/uploads\/2020\/07\/Bombeiros-696x499.jpg 696w, https:\/\/jorgezanoni.com.br\/2019\/wp-content\/uploads\/2020\/07\/Bombeiros-586x420.jpg 586w\" sizes=\"auto, (max-width: 1024px) 100vw, 1024px\" \/><img loading=\"lazy\" decoding=\"async\" class=\"alignnone size-full wp-image-29870\" src=\"https:\/\/jorgezanoni.com.br\/2019\/wp-content\/uploads\/2020\/07\/bombeiros1.jpg\" alt=\"\" width=\"675\" height=\"450\" srcset=\"https:\/\/jorgezanoni.com.br\/2019\/wp-content\/uploads\/2020\/07\/bombeiros1.jpg 675w, https:\/\/jorgezanoni.com.br\/2019\/wp-content\/uploads\/2020\/07\/bombeiros1-300x200.jpg 300w, https:\/\/jorgezanoni.com.br\/2019\/wp-content\/uploads\/2020\/07\/bombeiros1-630x420.jpg 630w\" sizes=\"auto, (max-width: 675px) 100vw, 675px\" \/><\/p>\n<p style=\"text-align: justify;\">Homenagem especial do Site JZ a todos que integram e j\u00e1 integraram a Corpora\u00e7\u00e3o em Dracena<\/p>\n<p style=\"text-align: justify;\">Jorge Zanoni<\/p>\n","protected":false},"excerpt":{"rendered":"<p>O\u00a0Dia do Bombeiro Brasileiro\u00a0\u00e9 comemorado no dia\u00a02 de julho. Esta data \u00e9 uma homenagem a todos os her\u00f3is brasileiros que\u00a0arriscam as suas vidas\u00a0para proteger as pessoas, as cidades e as florestas do risco de inc\u00eandios, desastres naturais, desabamentos, etc. Al\u00e9m de apagar inc\u00eandios, os bombeiros tamb\u00e9m desenvolvem v\u00e1rios\u00a0projetos sociais e educativos, com o objetivo de [&hellip;]<\/p>\n","protected":false},"author":1,"featured_media":29871,"comment_status":"closed","ping_status":"open","sticky":false,"template":"","format":"standard","meta":{"footnotes":""},"categories":[110,2],"tags":[],"class_list":["post-29867","post","type-post","status-publish","format-standard","has-post-thumbnail","hentry","category-noticiasdestaque","category-policial"],"_links":{"self":[{"href":"https:\/\/jorgezanoni.com.br\/2019\/wp-json\/wp\/v2\/posts\/29867","targetHints":{"allow":["GET"]}}],"collection":[{"href":"https:\/\/jorgezanoni.com.br\/2019\/wp-json\/wp\/v2\/posts"}],"about":[{"href":"https:\/\/jorgezanoni.com.br\/2019\/wp-json\/wp\/v2\/types\/post"}],"author":[{"embeddable":true,"href":"https:\/\/jorgezanoni.com.br\/2019\/wp-json\/wp\/v2\/users\/1"}],"replies":[{"embeddable":true,"href":"https:\/\/jorgezanoni.com.br\/2019\/wp-json\/wp\/v2\/comments?post=29867"}],"version-history":[{"count":0,"href":"https:\/\/jorgezanoni.com.br\/2019\/wp-json\/wp\/v2\/posts\/29867\/revisions"}],"wp:featuredmedia":[{"embeddable":true,"href":"https:\/\/jorgezanoni.com.br\/2019\/wp-json\/wp\/v2\/media\/29871"}],"wp:attachment":[{"href":"https:\/\/jorgezanoni.com.br\/2019\/wp-json\/wp\/v2\/media?parent=29867"}],"wp:term":[{"taxonomy":"category","embeddable":true,"href":"https:\/\/jorgezanoni.com.br\/2019\/wp-json\/wp\/v2\/categories?post=29867"},{"taxonomy":"post_tag","embeddable":true,"href":"https:\/\/jorgezanoni.com.br\/2019\/wp-json\/wp\/v2\/tags?post=29867"}],"curies":[{"name":"wp","href":"https:\/\/api.w.org\/{rel}","templated":true}]}}