{"id":29840,"date":"2020-07-02T20:02:23","date_gmt":"2020-07-02T20:02:23","guid":{"rendered":"https:\/\/jorgezanoni.com.br\/2019\/?p=29840"},"modified":"2020-07-02T20:02:41","modified_gmt":"2020-07-02T20:02:41","slug":"apos-denuncia-policia-militar-localiza-pes-de-maconha-cultivados-em-vaso-de-residencia-em-pacaembu","status":"publish","type":"post","link":"https:\/\/jorgezanoni.com.br\/2019\/apos-denuncia-policia-militar-localiza-pes-de-maconha-cultivados-em-vaso-de-residencia-em-pacaembu\/","title":{"rendered":"Ap\u00f3s den\u00fancia, Policia Militar localiza p\u00e9s de Maconha cultivados em vaso de resid\u00eancia em Pacaemb\u00fa"},"content":{"rendered":"<p style=\"text-align: justify;\">Na tarde de ontem (01) por volta das 14h52min equipe da Pol\u00edcia Militar em patrulhamento, recebeu uma den\u00fancia an\u00f4nima de que na Rua Brasil na cidade de Pacaembu, havia o cultivo da planta da &#8220;maconha&#8221;. De posse da informa\u00e7\u00e3o e com de outras equipes policiais, foi constatado no quintal alguns v<span class=\"text_exposed_show\">asos com a referida planta, assim, e ap\u00f3s ter sido feito contato com o homem de 39 anos, o mesmo confirmou o cultivo e posse das plantas, bem como, entregou de forma espont\u00e2nea tr\u00eas pequenos cigarros de &#8220;maconha&#8221; e ainda afirmou ser usu\u00e1rio de da referida droga. Elaborado BOPM e BOPC e a parte foi liberada, para responder em liberdade.<\/span><\/p>\n<p><a class=\"_58cn\" href=\"https:\/\/www.facebook.com\/hashtag\/25bpmi?__eep__=6&amp;epa=HASHTAG\" data-ft=\"{&quot;type&quot;:104,&quot;tn&quot;:&quot;*N&quot;}\">#25BPMI<\/a><br \/>\n<a class=\"_58cn\" href=\"https:\/\/www.facebook.com\/hashtag\/policiamilitarsp?__eep__=6&amp;epa=HASHTAG\" data-ft=\"{&quot;type&quot;:104,&quot;tn&quot;:&quot;*N&quot;}\">#POLICIAMILITARSP<\/a><br \/>\n<a class=\"_58cn\" href=\"https:\/\/www.facebook.com\/hashtag\/afor%C3%A7ap%C3%BAblicades%C3%A3opaulo?__eep__=6&amp;epa=HASHTAG\" data-ft=\"{&quot;type&quot;:104,&quot;tn&quot;:&quot;*N&quot;}\">#AFOR\u00c7AP\u00daBLICADES\u00c3OPAULO<\/a><br \/>\nCOMUNICA\u00c7\u00c3O SOCIAL DO 25BPMI<\/p>\n","protected":false},"excerpt":{"rendered":"<p>Na tarde de ontem (01) por volta das 14h52min equipe da Pol\u00edcia Militar em patrulhamento, recebeu uma den\u00fancia an\u00f4nima de que na Rua Brasil na cidade de Pacaembu, havia o cultivo da planta da &#8220;maconha&#8221;. De posse da informa\u00e7\u00e3o e com de outras equipes policiais, foi constatado no quintal alguns vasos com a referida planta, [&hellip;]<\/p>\n","protected":false},"author":1,"featured_media":29841,"comment_status":"closed","ping_status":"open","sticky":false,"template":"","format":"standard","meta":{"footnotes":""},"categories":[110,2],"tags":[],"class_list":["post-29840","post","type-post","status-publish","format-standard","has-post-thumbnail","hentry","category-noticiasdestaque","category-policial"],"_links":{"self":[{"href":"https:\/\/jorgezanoni.com.br\/2019\/wp-json\/wp\/v2\/posts\/29840","targetHints":{"allow":["GET"]}}],"collection":[{"href":"https:\/\/jorgezanoni.com.br\/2019\/wp-json\/wp\/v2\/posts"}],"about":[{"href":"https:\/\/jorgezanoni.com.br\/2019\/wp-json\/wp\/v2\/types\/post"}],"author":[{"embeddable":true,"href":"https:\/\/jorgezanoni.com.br\/2019\/wp-json\/wp\/v2\/users\/1"}],"replies":[{"embeddable":true,"href":"https:\/\/jorgezanoni.com.br\/2019\/wp-json\/wp\/v2\/comments?post=29840"}],"version-history":[{"count":0,"href":"https:\/\/jorgezanoni.com.br\/2019\/wp-json\/wp\/v2\/posts\/29840\/revisions"}],"wp:featuredmedia":[{"embeddable":true,"href":"https:\/\/jorgezanoni.com.br\/2019\/wp-json\/wp\/v2\/media\/29841"}],"wp:attachment":[{"href":"https:\/\/jorgezanoni.com.br\/2019\/wp-json\/wp\/v2\/media?parent=29840"}],"wp:term":[{"taxonomy":"category","embeddable":true,"href":"https:\/\/jorgezanoni.com.br\/2019\/wp-json\/wp\/v2\/categories?post=29840"},{"taxonomy":"post_tag","embeddable":true,"href":"https:\/\/jorgezanoni.com.br\/2019\/wp-json\/wp\/v2\/tags?post=29840"}],"curies":[{"name":"wp","href":"https:\/\/api.w.org\/{rel}","templated":true}]}}