{"id":29787,"date":"2020-07-02T12:54:24","date_gmt":"2020-07-02T12:54:24","guid":{"rendered":"https:\/\/jorgezanoni.com.br\/2019\/?p=29787"},"modified":"2020-07-02T12:54:24","modified_gmt":"2020-07-02T12:54:24","slug":"entre-perdas-e-desencontros-naquele-lugar-de-sempre-2","status":"publish","type":"post","link":"https:\/\/jorgezanoni.com.br\/2019\/entre-perdas-e-desencontros-naquele-lugar-de-sempre-2\/","title":{"rendered":"Entre Perdas e Desencontros naquele lugar de sempre&#8230;"},"content":{"rendered":"<p style=\"text-align: justify;\"><em>\u201cS\u00f3 posso escrever o que sou. E se os personagens se comportam de modos diferentes, \u00e9 porque n\u00e3o sou um s\u00f3.\u201d (<\/em><a href=\"https:\/\/www.pensador.com\/autor\/graciliano_ramos\/\"><em>Graciliano Ramos<\/em><\/a><em>)<\/em><\/p>\n<p style=\"text-align: justify;\"><strong><em>S\u00e9rgio Barbosa (*)<\/em><\/strong><\/p>\n<p style=\"text-align: justify;\">Resolvi aqui com os meus bot\u00f5es, entretanto, faz anos que s\u00f3 uso camisetas, mesmo assim, est\u00e1 mais do que RESOLVIDO que neste texto vou viajar pelas PALAVRAS sem pensar em voltar sem ter ido&#8230;<\/p>\n<p style=\"text-align: justify;\">Assim, as passagens nos levam para algum lugar deste tempo sem o tempo, por\u00e9m, o importante \u00e9 n\u00e3o sair do mesmo lugar para tentar entrar naquele outro lugar&#8230;<\/p>\n<p style=\"text-align: justify;\">Todos e todas desejam quase sempre aquele algo mais que pode n\u00e3o estar dispon\u00edvel nas prateleiras daquela FARM\u00c1CIA, talvez de um SUPERMERCADO e assim por diante&#8230;<\/p>\n<p style=\"text-align: justify;\">Os desejos existem para uma aproxima\u00e7\u00e3o com o EU das pessoas, quase sempre desejando no SINGULAR para tentar alcan\u00e7ar o PLURAL de DOIS ou DUAS, depende sempre de que lado voc\u00ea pretende estar neste jogo do tempo do seu tempo&#8230;<\/p>\n<p style=\"text-align: justify;\">Neste enigma das Pir\u00e2mides que est\u00e3o do outro lado do Oceano, tudo pode ocorrer de um jeito ou de outro, entretanto, tais desencontros est\u00e3o em desacordo com as aspira\u00e7\u00f5es de muitos DESEJOS que se perderam no outro TEMPO do TEMPO&#8230;<\/p>\n<p style=\"text-align: justify;\">N\u00e3o!<\/p>\n<p style=\"text-align: justify;\">Sim!<\/p>\n<p style=\"text-align: justify;\">Talvez!<\/p>\n<p style=\"text-align: justify;\">Quem sabe!<\/p>\n<p style=\"text-align: justify;\">As quest\u00f5es s\u00e3o diversas e nada do que se busca pode aparecer neste cen\u00e1rio teatral, por\u00e9m, os PERSONAGENS n\u00e3o est\u00e3o em CENA para demonstrarem tais desejos que ficaram do outro lado do TEMPO&#8230;<\/p>\n<p style=\"text-align: justify;\">Por isso, nada pode ser como antes daquele desencontro que estava previsto para muitas considera\u00e7\u00f5es sobre a inexist\u00eancia da PLURALIDADE dos fatos que ocorreram em defesa do outro que despareceu sem deixar rastros&#8230;<\/p>\n<p style=\"text-align: justify;\">De tudo o que se sabe neste PALCO de uma PE\u00c7A TEATRAL sem t\u00edtulo, talvez para n\u00e3o apresentar a SINGULARIDADE dos PERSONAGENS, continua procurando uma PASSAGEM deste local para lugar nenhum&#8230;<\/p>\n<p style=\"text-align: justify;\">N\u00e3o existem controv\u00e9rsias neste contexto que est\u00e1 al\u00e9m do TEMPO do outro TEMPO, assim, permanece a PALAVRA que n\u00e3o foi esquecida daquela MEM\u00d3RIA que se perdeu naquele TEMPO sem o TEMPO&#8230;<\/p>\n<p style=\"text-align: justify;\">Para ser SINCERO, confesso que nada ocorreu neste MEIO TEMPO, haja vista que o horizonte continua o mesmo de sempre, ainda mais neste CEN\u00c1RIO inacabado para aqueles que partiram sem querer chegar do outro lado do TEMPO&#8230;<\/p>\n<p style=\"text-align: justify;\">Bem me quer, talvez, MAL ME QUER como aquela can\u00e7\u00e3o que marcou o PERSONAGEM em meio \u00e0s contradi\u00e7\u00f5es do TEMPO que se perdeu no outro TEMPO&#8230;<\/p>\n<p style=\"text-align: justify;\">QUEM VIVEU ESTE PERSONAGEM VAI SABER&#8230;<\/p>\n<p style=\"text-align: justify;\">___________________________<\/p>\n<p style=\"text-align: justify;\">(*) jornalista diplomado e professor universit\u00e1rio.<\/p>\n","protected":false},"excerpt":{"rendered":"<p>\u201cS\u00f3 posso escrever o que sou. E se os personagens se comportam de modos diferentes, \u00e9 porque n\u00e3o sou um s\u00f3.\u201d (Graciliano Ramos) S\u00e9rgio Barbosa (*) Resolvi aqui com os meus bot\u00f5es, entretanto, faz anos que s\u00f3 uso camisetas, mesmo assim, est\u00e1 mais do que RESOLVIDO que neste texto vou viajar pelas PALAVRAS sem pensar [&hellip;]<\/p>\n","protected":false},"author":1,"featured_media":29788,"comment_status":"closed","ping_status":"open","sticky":false,"template":"","format":"standard","meta":{"footnotes":""},"categories":[175],"tags":[],"class_list":["post-29787","post","type-post","status-publish","format-standard","has-post-thumbnail","hentry","category-artigos"],"_links":{"self":[{"href":"https:\/\/jorgezanoni.com.br\/2019\/wp-json\/wp\/v2\/posts\/29787","targetHints":{"allow":["GET"]}}],"collection":[{"href":"https:\/\/jorgezanoni.com.br\/2019\/wp-json\/wp\/v2\/posts"}],"about":[{"href":"https:\/\/jorgezanoni.com.br\/2019\/wp-json\/wp\/v2\/types\/post"}],"author":[{"embeddable":true,"href":"https:\/\/jorgezanoni.com.br\/2019\/wp-json\/wp\/v2\/users\/1"}],"replies":[{"embeddable":true,"href":"https:\/\/jorgezanoni.com.br\/2019\/wp-json\/wp\/v2\/comments?post=29787"}],"version-history":[{"count":0,"href":"https:\/\/jorgezanoni.com.br\/2019\/wp-json\/wp\/v2\/posts\/29787\/revisions"}],"wp:featuredmedia":[{"embeddable":true,"href":"https:\/\/jorgezanoni.com.br\/2019\/wp-json\/wp\/v2\/media\/29788"}],"wp:attachment":[{"href":"https:\/\/jorgezanoni.com.br\/2019\/wp-json\/wp\/v2\/media?parent=29787"}],"wp:term":[{"taxonomy":"category","embeddable":true,"href":"https:\/\/jorgezanoni.com.br\/2019\/wp-json\/wp\/v2\/categories?post=29787"},{"taxonomy":"post_tag","embeddable":true,"href":"https:\/\/jorgezanoni.com.br\/2019\/wp-json\/wp\/v2\/tags?post=29787"}],"curies":[{"name":"wp","href":"https:\/\/api.w.org\/{rel}","templated":true}]}}