{"id":29784,"date":"2020-07-02T01:39:23","date_gmt":"2020-07-02T01:39:23","guid":{"rendered":"https:\/\/jorgezanoni.com.br\/2019\/?p=29784"},"modified":"2020-07-02T01:39:23","modified_gmt":"2020-07-02T01:39:23","slug":"policia-civil-realiza-a-entrega-do-caminhao-havia-sido-furtado-e-recuperado-ao-legitimo-proprietario-em-panorama","status":"publish","type":"post","link":"https:\/\/jorgezanoni.com.br\/2019\/policia-civil-realiza-a-entrega-do-caminhao-havia-sido-furtado-e-recuperado-ao-legitimo-proprietario-em-panorama\/","title":{"rendered":"Pol\u00edcia Civil realiza a entrega do caminh\u00e3o havia sido furtado e recuperado ao legitimo propriet\u00e1rio em Panorama."},"content":{"rendered":"<p style=\"text-align: justify;\">A Pol\u00edcia Civil, por interm\u00e9dio da Delegacia de Pol\u00edcia de Panorama, formalizou nesta segunda-feira (30), a entrega de um caminh\u00e3o FORD, modelo \/F 4000, ao seu legitimo propriet\u00e1rio. O ve\u00edculo havia sido furtado na madrugada do dia 11 de junho, quando estava estacionado na via p\u00fablica, defronte \u00e0 resid\u00eancia da v\u00edtima.<\/p>\n<p style=\"text-align: justify;\">Durante a Opera\u00e7\u00e3o Mutum, realizada no dia 24 \u00faltimo, e ap\u00f3s minucioso trabalho de investiga\u00e7\u00e3o, o ve\u00edculo foi localizado no \u201cAssentamento Mutum\u201d, aproximadamente 100 Km de dist\u00e2ncia da cidade de Santa Rita do Pardo-MS. Na ocasi\u00e3o houve tamb\u00e9m a pris\u00e3o de um homem em Santa Rita do Pardo -MS, por crime de recepta\u00e7\u00e3o de objetos furtos. Ele tamb\u00e9m foi indiciado pelo furto do ve\u00edculo, na forma qualificada e associa\u00e7\u00e3o criminosa, ocorrido na cidade de Panorama.<br \/>\nNo momento da entrega a v\u00edtima ficou emocionada e agradeceu aos policiais civis da Delegacia de Pol\u00edcia de Panorama\/SP.<\/p>\n<p style=\"text-align: justify;\">Fonte: Com. Social Pol\u00edcia Civil<\/p>\n","protected":false},"excerpt":{"rendered":"<p>A Pol\u00edcia Civil, por interm\u00e9dio da Delegacia de Pol\u00edcia de Panorama, formalizou nesta segunda-feira (30), a entrega de um caminh\u00e3o FORD, modelo \/F 4000, ao seu legitimo propriet\u00e1rio. O ve\u00edculo havia sido furtado na madrugada do dia 11 de junho, quando estava estacionado na via p\u00fablica, defronte \u00e0 resid\u00eancia da v\u00edtima. Durante a Opera\u00e7\u00e3o Mutum, [&hellip;]<\/p>\n","protected":false},"author":1,"featured_media":29785,"comment_status":"closed","ping_status":"open","sticky":false,"template":"","format":"standard","meta":{"footnotes":""},"categories":[110,2],"tags":[],"class_list":["post-29784","post","type-post","status-publish","format-standard","has-post-thumbnail","hentry","category-noticiasdestaque","category-policial"],"_links":{"self":[{"href":"https:\/\/jorgezanoni.com.br\/2019\/wp-json\/wp\/v2\/posts\/29784","targetHints":{"allow":["GET"]}}],"collection":[{"href":"https:\/\/jorgezanoni.com.br\/2019\/wp-json\/wp\/v2\/posts"}],"about":[{"href":"https:\/\/jorgezanoni.com.br\/2019\/wp-json\/wp\/v2\/types\/post"}],"author":[{"embeddable":true,"href":"https:\/\/jorgezanoni.com.br\/2019\/wp-json\/wp\/v2\/users\/1"}],"replies":[{"embeddable":true,"href":"https:\/\/jorgezanoni.com.br\/2019\/wp-json\/wp\/v2\/comments?post=29784"}],"version-history":[{"count":0,"href":"https:\/\/jorgezanoni.com.br\/2019\/wp-json\/wp\/v2\/posts\/29784\/revisions"}],"wp:featuredmedia":[{"embeddable":true,"href":"https:\/\/jorgezanoni.com.br\/2019\/wp-json\/wp\/v2\/media\/29785"}],"wp:attachment":[{"href":"https:\/\/jorgezanoni.com.br\/2019\/wp-json\/wp\/v2\/media?parent=29784"}],"wp:term":[{"taxonomy":"category","embeddable":true,"href":"https:\/\/jorgezanoni.com.br\/2019\/wp-json\/wp\/v2\/categories?post=29784"},{"taxonomy":"post_tag","embeddable":true,"href":"https:\/\/jorgezanoni.com.br\/2019\/wp-json\/wp\/v2\/tags?post=29784"}],"curies":[{"name":"wp","href":"https:\/\/api.w.org\/{rel}","templated":true}]}}