{"id":29777,"date":"2020-07-02T00:39:26","date_gmt":"2020-07-02T00:39:26","guid":{"rendered":"https:\/\/jorgezanoni.com.br\/2019\/?p=29777"},"modified":"2020-07-02T00:39:26","modified_gmt":"2020-07-02T00:39:26","slug":"morre-eufrasio-bomfim-dos-santos","status":"publish","type":"post","link":"https:\/\/jorgezanoni.com.br\/2019\/morre-eufrasio-bomfim-dos-santos\/","title":{"rendered":"Morre Eufr\u00e1sio Bomfim dos Santos"},"content":{"rendered":"<p style=\"text-align: justify;\">Comunicamos com pesar o falecimento do sr. Eufr\u00e1sio B. dos Santos aos 70 anos completados ontem. Ele faleceu na Santa Casa de Junqueir\u00f3polis.<\/p>\n<p style=\"text-align: justify;\">Deixa a esposa Izabel Corte, filhos Silvia e Ricardo e tr\u00eas netas.<\/p>\n<p style=\"text-align: justify;\">Eufr\u00e1sio era funcion\u00e1rio da Defesa Agropecu\u00e1ria de Dracena (antiga CATI).<\/p>\n<p style=\"text-align: justify;\">O Vel\u00f3rio acontece a partir das 07:00 Horas de amanh\u00e3 (2), no Vel\u00f3rio Municipal de Junqueir\u00f3polis e o Sepultamento ser\u00e1 as 13:00 Horas.<\/p>\n<p style=\"text-align: justify;\">O Site JZ envia os p\u00easames aos familiares e amigos.<\/p>\n<p style=\"text-align: justify;\">Jorge Zanoni<\/p>\n","protected":false},"excerpt":{"rendered":"<p>Comunicamos com pesar o falecimento do sr. Eufr\u00e1sio B. dos Santos aos 70 anos completados ontem. Ele faleceu na Santa Casa de Junqueir\u00f3polis. Deixa a esposa Izabel Corte, filhos Silvia e Ricardo e tr\u00eas netas. Eufr\u00e1sio era funcion\u00e1rio da Defesa Agropecu\u00e1ria de Dracena (antiga CATI). O Vel\u00f3rio acontece a partir das 07:00 Horas de amanh\u00e3 [&hellip;]<\/p>\n","protected":false},"author":1,"featured_media":29778,"comment_status":"closed","ping_status":"open","sticky":false,"template":"","format":"standard","meta":{"footnotes":""},"categories":[178,110],"tags":[],"class_list":["post-29777","post","type-post","status-publish","format-standard","has-post-thumbnail","hentry","category-notadefalecimento","category-noticiasdestaque"],"_links":{"self":[{"href":"https:\/\/jorgezanoni.com.br\/2019\/wp-json\/wp\/v2\/posts\/29777","targetHints":{"allow":["GET"]}}],"collection":[{"href":"https:\/\/jorgezanoni.com.br\/2019\/wp-json\/wp\/v2\/posts"}],"about":[{"href":"https:\/\/jorgezanoni.com.br\/2019\/wp-json\/wp\/v2\/types\/post"}],"author":[{"embeddable":true,"href":"https:\/\/jorgezanoni.com.br\/2019\/wp-json\/wp\/v2\/users\/1"}],"replies":[{"embeddable":true,"href":"https:\/\/jorgezanoni.com.br\/2019\/wp-json\/wp\/v2\/comments?post=29777"}],"version-history":[{"count":0,"href":"https:\/\/jorgezanoni.com.br\/2019\/wp-json\/wp\/v2\/posts\/29777\/revisions"}],"wp:featuredmedia":[{"embeddable":true,"href":"https:\/\/jorgezanoni.com.br\/2019\/wp-json\/wp\/v2\/media\/29778"}],"wp:attachment":[{"href":"https:\/\/jorgezanoni.com.br\/2019\/wp-json\/wp\/v2\/media?parent=29777"}],"wp:term":[{"taxonomy":"category","embeddable":true,"href":"https:\/\/jorgezanoni.com.br\/2019\/wp-json\/wp\/v2\/categories?post=29777"},{"taxonomy":"post_tag","embeddable":true,"href":"https:\/\/jorgezanoni.com.br\/2019\/wp-json\/wp\/v2\/tags?post=29777"}],"curies":[{"name":"wp","href":"https:\/\/api.w.org\/{rel}","templated":true}]}}