{"id":29721,"date":"2020-06-30T14:40:55","date_gmt":"2020-06-30T14:40:55","guid":{"rendered":"https:\/\/jorgezanoni.com.br\/2019\/?p=29721"},"modified":"2020-06-30T14:40:55","modified_gmt":"2020-06-30T14:40:55","slug":"policia-apreende-maconha-e-skank-durante-abordagem-na-rodovia-raposo-tavares-em-presidente-venceslau","status":"publish","type":"post","link":"https:\/\/jorgezanoni.com.br\/2019\/policia-apreende-maconha-e-skank-durante-abordagem-na-rodovia-raposo-tavares-em-presidente-venceslau\/","title":{"rendered":"Pol\u00edcia apreende maconha e skank durante abordagem na Rodovia Raposo Tavares, em Presidente Venceslau"},"content":{"rendered":"<h2 class=\"content-head__subtitle\" style=\"text-align: justify;\"><strong>Drogas eram transportadas em um \u00f4nibus. Dois passageiros foram detidos e permaneceram \u00e0 disposi\u00e7\u00e3o da Justi\u00e7a.<\/strong><\/h2>\n<div class=\"mc-column content-text active-extra-styles \" data-block-type=\"unstyled\" data-block-weight=\"39\" data-block-id=\"2\">\n<p class=\"content-text__container \" style=\"text-align: justify;\" data-track-category=\"Link no Texto\" data-track-links=\"\">Duas pessoas \u2013 de 19 e 34 anos \u2013 foram presas por tr\u00e1fico de drogas durante uma abordagem a um \u00f4nibus realizada pela Pol\u00edcia Militar Rodovi\u00e1ria na madrugada desta ter\u00e7a-feira (30), em\u00a0<a href=\"http:\/\/g1.globo.com\/sp\/presidente-prudente-regiao\/cidade\/presidente-venceslau.html\">Presidente Venceslau<\/a>. Maconha e skank foram apreendidos.<\/p>\n<\/div>\n<div class=\"wall protected-content\">\n<div class=\"mc-column content-text active-extra-styles \" style=\"text-align: justify;\" data-block-type=\"unstyled\" data-block-weight=\"46\" data-block-id=\"3\">\n<p class=\"content-text__container \" data-track-category=\"Link no Texto\" data-track-links=\"\">Em a\u00e7\u00e3o na Rodovia Raposo Tavares (SP-270), uma equipe do T\u00e1tico Ostensivo Rodovi\u00e1ria (TOR) abordou um \u00f4nibus de linha regular interestadual, com itiner\u00e1rio de Dourados (MS) \u2013 S\u00e3o Paulo e, no momento da fiscaliza\u00e7\u00e3o ao interior do coletivo, dois dos passageiros demonstraram \u201cexcesso de nervosismo\u201d.<\/p>\n<\/div>\n<div class=\"mc-column content-text active-extra-styles \" style=\"text-align: justify;\" data-block-type=\"unstyled\" data-block-weight=\"52\" data-block-id=\"4\">\n<p class=\"content-text__container \" data-track-category=\"Link no Texto\" data-track-links=\"\">Ao vistoriarem as bagagens dos suspeitos que estavam no compartimento externo no \u00f4nibus os policiais encontraram nos pertences da passageira, de 19 anos, 15 tabletes de maconha, com peso total de 13,800 quilos. J\u00e1 na bagagem do passageiro de 34 anos foram localizados 18 pacotes de skank, que pesaram 10,330 quilos.<\/p>\n<\/div>\n<div class=\"mc-column content-text active-extra-styles \" style=\"text-align: justify;\" data-block-type=\"unstyled\" data-block-weight=\"44\" data-block-id=\"5\">\n<p class=\"content-text__container \" data-track-category=\"Link no Texto\" data-track-links=\"\">Sobre a finalidade da droga, o homem afirmou que se deslocou at\u00e9 o munic\u00edpio de Ponta Por\u00e3 (MS), onde pegou a bolsa j\u00e1 carregada com a droga de um desconhecido, e teria como destino a cidade de An\u00e1polis (GO). Ele receberia dinheiro pelo trabalho.<\/p>\n<\/div>\n<div class=\"mc-column content-text active-extra-styles \" style=\"text-align: justify;\" data-block-type=\"unstyled\" data-block-weight=\"35\" data-block-id=\"6\">\n<p class=\"content-text__container \" data-track-category=\"Link no Texto\" data-track-links=\"\">J\u00e1 a mulher afirmou que foi contratada por um desconhecido para ir at\u00e9 a cidade de Dourados (MS) buscar uma mala cheia de maconha e entreg\u00e1-la na capital paulista. Pelo transporte ela receberia R$ 15.000.<\/p>\n<\/div>\n<div class=\"mc-column content-text active-extra-styles \" style=\"text-align: justify;\" data-block-type=\"unstyled\" data-block-weight=\"15\" data-block-id=\"8\">\n<p class=\"content-text__container \" data-track-category=\"Link no Texto\" data-track-links=\"\">A dupla foi conduzido \u00e0 Delegacia da Pol\u00edcia Civil, onde permaneceu \u00e0 disposi\u00e7\u00e3o da Justi\u00e7a.<\/p>\n<\/div>\n<div class=\"row medium-uncollapsed content-media content-photo\" data-block-type=\"backstage-photo\" data-block-id=\"9\">\n<div class=\"mc-column content-media__container\">\n<figure style=\"text-align: justify;\"><img decoding=\"async\" class=\"i-amphtml-fill-content i-amphtml-replaced-content\" src=\"https:\/\/s2.glbimg.com\/-XMmyYfOZN78HgdgoH-_hsUbQGA=\/0x177:864x1152\/984x0\/smart\/filters:strip_icc()\/i.s3.glbimg.com\/v1\/AUTH_59edd422c0c84a879bd37670ae4f538a\/internal_photos\/bs\/2020\/z\/G\/2hHncrTAuqDrU4QV4Hcg\/whatsapp-image-2020-06-30-at-06.58.17.jpeg\" sizes=\"(max-width: 1242px) 648px, 100vw\" srcset=\"https:\/\/s2.glbimg.com\/YbrQ-MtyR0E1BYh9PoXOCsO2KYs=\/0x177:864x1152\/1000x0\/smart\/filters:strip_icc()\/i.s3.glbimg.com\/v1\/AUTH_59edd422c0c84a879bd37670ae4f538a\/internal_photos\/bs\/2020\/z\/G\/2hHncrTAuqDrU4QV4Hcg\/whatsapp-image-2020-06-30-at-06.58.17.jpeg 1000w, https:\/\/s2.glbimg.com\/-XMmyYfOZN78HgdgoH-_hsUbQGA=\/0x177:864x1152\/984x0\/smart\/filters:strip_icc()\/i.s3.glbimg.com\/v1\/AUTH_59edd422c0c84a879bd37670ae4f538a\/internal_photos\/bs\/2020\/z\/G\/2hHncrTAuqDrU4QV4Hcg\/whatsapp-image-2020-06-30-at-06.58.17.jpeg 984w, https:\/\/s2.glbimg.com\/IZKgjozatRxUtJ1T9uhREDOlJaI=\/0x177:864x1152\/640x0\/smart\/filters:strip_icc()\/i.s3.glbimg.com\/v1\/AUTH_59edd422c0c84a879bd37670ae4f538a\/internal_photos\/bs\/2020\/z\/G\/2hHncrTAuqDrU4QV4Hcg\/whatsapp-image-2020-06-30-at-06.58.17.jpeg 640w, https:\/\/s2.glbimg.com\/g69BLL1FNronfLNimgNtehAW5i8=\/0x177:864x1152\/600x0\/smart\/filters:strip_icc()\/i.s3.glbimg.com\/v1\/AUTH_59edd422c0c84a879bd37670ae4f538a\/internal_photos\/bs\/2020\/z\/G\/2hHncrTAuqDrU4QV4Hcg\/whatsapp-image-2020-06-30-at-06.58.17.jpeg 600w\" alt=\"Drogas foram encontradas no bagageiro externo do \u00f4nibus \u2014 Foto: Pol\u00edcia Rodovi\u00e1ria\" \/><\/figure>\n<p class=\"content-media__description \" style=\"text-align: justify;\">Drogas foram encontradas no bagageiro externo do \u00f4nibus \u2014 Foto: Pol\u00edcia Rodovi\u00e1ria<\/p>\n<p style=\"text-align: justify;\">Fonte: G1<\/p>\n<\/div>\n<\/div>\n<\/div>\n","protected":false},"excerpt":{"rendered":"<p>Drogas eram transportadas em um \u00f4nibus. Dois passageiros foram detidos e permaneceram \u00e0 disposi\u00e7\u00e3o da Justi\u00e7a. Duas pessoas \u2013 de 19 e 34 anos \u2013 foram presas por tr\u00e1fico de drogas durante uma abordagem a um \u00f4nibus realizada pela Pol\u00edcia Militar Rodovi\u00e1ria na madrugada desta ter\u00e7a-feira (30), em\u00a0Presidente Venceslau. Maconha e skank foram apreendidos. Em [&hellip;]<\/p>\n","protected":false},"author":1,"featured_media":29722,"comment_status":"closed","ping_status":"open","sticky":false,"template":"","format":"standard","meta":{"footnotes":""},"categories":[2],"tags":[],"class_list":["post-29721","post","type-post","status-publish","format-standard","has-post-thumbnail","hentry","category-policial"],"_links":{"self":[{"href":"https:\/\/jorgezanoni.com.br\/2019\/wp-json\/wp\/v2\/posts\/29721","targetHints":{"allow":["GET"]}}],"collection":[{"href":"https:\/\/jorgezanoni.com.br\/2019\/wp-json\/wp\/v2\/posts"}],"about":[{"href":"https:\/\/jorgezanoni.com.br\/2019\/wp-json\/wp\/v2\/types\/post"}],"author":[{"embeddable":true,"href":"https:\/\/jorgezanoni.com.br\/2019\/wp-json\/wp\/v2\/users\/1"}],"replies":[{"embeddable":true,"href":"https:\/\/jorgezanoni.com.br\/2019\/wp-json\/wp\/v2\/comments?post=29721"}],"version-history":[{"count":0,"href":"https:\/\/jorgezanoni.com.br\/2019\/wp-json\/wp\/v2\/posts\/29721\/revisions"}],"wp:featuredmedia":[{"embeddable":true,"href":"https:\/\/jorgezanoni.com.br\/2019\/wp-json\/wp\/v2\/media\/29722"}],"wp:attachment":[{"href":"https:\/\/jorgezanoni.com.br\/2019\/wp-json\/wp\/v2\/media?parent=29721"}],"wp:term":[{"taxonomy":"category","embeddable":true,"href":"https:\/\/jorgezanoni.com.br\/2019\/wp-json\/wp\/v2\/categories?post=29721"},{"taxonomy":"post_tag","embeddable":true,"href":"https:\/\/jorgezanoni.com.br\/2019\/wp-json\/wp\/v2\/tags?post=29721"}],"curies":[{"name":"wp","href":"https:\/\/api.w.org\/{rel}","templated":true}]}}