{"id":29706,"date":"2020-06-30T13:35:45","date_gmt":"2020-06-30T13:35:45","guid":{"rendered":"https:\/\/jorgezanoni.com.br\/2019\/?p=29706"},"modified":"2020-06-30T13:35:45","modified_gmt":"2020-06-30T13:35:45","slug":"acidente-entre-moto-e-veiculo-deixa-mulher-ferida-na-vila-barros-em-dracena","status":"publish","type":"post","link":"https:\/\/jorgezanoni.com.br\/2019\/acidente-entre-moto-e-veiculo-deixa-mulher-ferida-na-vila-barros-em-dracena\/","title":{"rendered":"Acidente entre moto e ve\u00edculo deixa mulher ferida na Vila Barros em Dracena"},"content":{"rendered":"<p style=\"text-align: justify;\"><strong>Mulher foi socorrida pela Unidade de Resgate do Corpo de Bombeiros ao Pronto Atendimento Municipal, aparentemente com ferimentos leves.<\/strong><\/p>\n<p style=\"text-align: justify;\">Por volta de 09:40 Horas da manh\u00e3 desta ter\u00e7a-feira (30) a Pol\u00edcia Militar registrou um acidente com v\u00edtima na esquina das ruas Brasil com Ana Neri na Vila Barros.<\/p>\n<p style=\"text-align: justify;\">Segundo informa\u00e7\u00f5es obtidas no local pela reportagem do Site JZ, um ve\u00edculo Santana placas de Tr\u00eas Lagoas fazia o sentido centro-bairro pela rua Brasil e no local foi fazer o contorno para retornar, momento que foi colidido por uma Motocicleta de Dracena que fazia o mesmo sentido, pilotada por uma mulher.<\/p>\n<p style=\"text-align: justify;\">A Pol\u00edcia Militar controlou o tr\u00e2nsito no local e elaborou o Boletim de Ocorr\u00eancias, a Pol\u00edcia T\u00e9cnica vai apurar as causas do acidente.<\/p>\n<p><img loading=\"lazy\" decoding=\"async\" class=\"alignnone size-full wp-image-29708\" src=\"https:\/\/jorgezanoni.com.br\/2019\/wp-content\/uploads\/2020\/06\/IMG_4412.jpg\" alt=\"\" width=\"800\" height=\"600\" srcset=\"https:\/\/jorgezanoni.com.br\/2019\/wp-content\/uploads\/2020\/06\/IMG_4412.jpg 800w, https:\/\/jorgezanoni.com.br\/2019\/wp-content\/uploads\/2020\/06\/IMG_4412-300x225.jpg 300w, https:\/\/jorgezanoni.com.br\/2019\/wp-content\/uploads\/2020\/06\/IMG_4412-768x576.jpg 768w, https:\/\/jorgezanoni.com.br\/2019\/wp-content\/uploads\/2020\/06\/IMG_4412-80x60.jpg 80w, https:\/\/jorgezanoni.com.br\/2019\/wp-content\/uploads\/2020\/06\/IMG_4412-265x198.jpg 265w, https:\/\/jorgezanoni.com.br\/2019\/wp-content\/uploads\/2020\/06\/IMG_4412-696x522.jpg 696w, https:\/\/jorgezanoni.com.br\/2019\/wp-content\/uploads\/2020\/06\/IMG_4412-560x420.jpg 560w\" sizes=\"auto, (max-width: 800px) 100vw, 800px\" \/> <img loading=\"lazy\" decoding=\"async\" class=\"alignnone size-full wp-image-29709\" src=\"https:\/\/jorgezanoni.com.br\/2019\/wp-content\/uploads\/2020\/06\/IMG_4413.jpg\" alt=\"\" width=\"800\" height=\"600\" srcset=\"https:\/\/jorgezanoni.com.br\/2019\/wp-content\/uploads\/2020\/06\/IMG_4413.jpg 800w, https:\/\/jorgezanoni.com.br\/2019\/wp-content\/uploads\/2020\/06\/IMG_4413-300x225.jpg 300w, https:\/\/jorgezanoni.com.br\/2019\/wp-content\/uploads\/2020\/06\/IMG_4413-768x576.jpg 768w, https:\/\/jorgezanoni.com.br\/2019\/wp-content\/uploads\/2020\/06\/IMG_4413-80x60.jpg 80w, https:\/\/jorgezanoni.com.br\/2019\/wp-content\/uploads\/2020\/06\/IMG_4413-265x198.jpg 265w, https:\/\/jorgezanoni.com.br\/2019\/wp-content\/uploads\/2020\/06\/IMG_4413-696x522.jpg 696w, https:\/\/jorgezanoni.com.br\/2019\/wp-content\/uploads\/2020\/06\/IMG_4413-560x420.jpg 560w\" sizes=\"auto, (max-width: 800px) 100vw, 800px\" \/><\/p>\n<p style=\"text-align: justify;\">Jorge Zanoni<\/p>\n<p style=\"text-align: justify;\">\n","protected":false},"excerpt":{"rendered":"<p>Mulher foi socorrida pela Unidade de Resgate do Corpo de Bombeiros ao Pronto Atendimento Municipal, aparentemente com ferimentos leves. Por volta de 09:40 Horas da manh\u00e3 desta ter\u00e7a-feira (30) a Pol\u00edcia Militar registrou um acidente com v\u00edtima na esquina das ruas Brasil com Ana Neri na Vila Barros. Segundo informa\u00e7\u00f5es obtidas no local pela reportagem [&hellip;]<\/p>\n","protected":false},"author":1,"featured_media":29710,"comment_status":"closed","ping_status":"open","sticky":false,"template":"","format":"standard","meta":{"footnotes":""},"categories":[170,110],"tags":[],"class_list":["post-29706","post","type-post","status-publish","format-standard","has-post-thumbnail","hentry","category-acidentes","category-noticiasdestaque"],"_links":{"self":[{"href":"https:\/\/jorgezanoni.com.br\/2019\/wp-json\/wp\/v2\/posts\/29706","targetHints":{"allow":["GET"]}}],"collection":[{"href":"https:\/\/jorgezanoni.com.br\/2019\/wp-json\/wp\/v2\/posts"}],"about":[{"href":"https:\/\/jorgezanoni.com.br\/2019\/wp-json\/wp\/v2\/types\/post"}],"author":[{"embeddable":true,"href":"https:\/\/jorgezanoni.com.br\/2019\/wp-json\/wp\/v2\/users\/1"}],"replies":[{"embeddable":true,"href":"https:\/\/jorgezanoni.com.br\/2019\/wp-json\/wp\/v2\/comments?post=29706"}],"version-history":[{"count":0,"href":"https:\/\/jorgezanoni.com.br\/2019\/wp-json\/wp\/v2\/posts\/29706\/revisions"}],"wp:featuredmedia":[{"embeddable":true,"href":"https:\/\/jorgezanoni.com.br\/2019\/wp-json\/wp\/v2\/media\/29710"}],"wp:attachment":[{"href":"https:\/\/jorgezanoni.com.br\/2019\/wp-json\/wp\/v2\/media?parent=29706"}],"wp:term":[{"taxonomy":"category","embeddable":true,"href":"https:\/\/jorgezanoni.com.br\/2019\/wp-json\/wp\/v2\/categories?post=29706"},{"taxonomy":"post_tag","embeddable":true,"href":"https:\/\/jorgezanoni.com.br\/2019\/wp-json\/wp\/v2\/tags?post=29706"}],"curies":[{"name":"wp","href":"https:\/\/api.w.org\/{rel}","templated":true}]}}