{"id":29687,"date":"2020-06-30T01:40:52","date_gmt":"2020-06-30T01:40:52","guid":{"rendered":"https:\/\/jorgezanoni.com.br\/2019\/?p=29687"},"modified":"2020-06-30T01:40:52","modified_gmt":"2020-06-30T01:40:52","slug":"unifadra-realiza-a-v-semana-da-inclusao-da-pessoa-com-deficiencia","status":"publish","type":"post","link":"https:\/\/jorgezanoni.com.br\/2019\/unifadra-realiza-a-v-semana-da-inclusao-da-pessoa-com-deficiencia\/","title":{"rendered":"Unifadra realiza a V Semana da Inclus\u00e3o da Pessoa com Defici\u00eancia"},"content":{"rendered":"<p dir=\"ltr\" style=\"text-align: justify;\">O curso de Psicologia da Faculdade Unifadra\/Fundec de Dracena realizou, no dia 23 de junho, de forma on-line, a V Semana da Inclus\u00e3o da Pessoa com Defici\u00eancia. O evento \u00e9 realizado anualmente desde 2016 de forma presencial, por\u00e9m, neste ano, em virtude do isolamento social pela pandemia de Covid-19, a V edi\u00e7\u00e3o foi realizada no formato de live no Youtube.<br \/>\nO evento \u00e9 organizado pelos estudantes do 9\u00ba termo do curso de Psicologia, na disciplina de Psicologia e Necessidades Especiais, sob a orienta\u00e7\u00e3o da Profa. Esp. La\u00edzi da Silva Santos.<br \/>\nOs convidados deste ano foram Diego Camilo S. Oliveira, Priscila Andrade, Amauri Silva Costa, com as int\u00e9rpretes de Libras Adverilda Costa e Maria Heloisa Braz.<br \/>\nO convidado Diego Camilo Oliveira \u00e9 idealizador do canal &#8220;Defici\u00eancia tamb\u00e9m vence&#8221;, que promove v\u00eddeos de motiva\u00e7\u00e3o para as pessoas com defici\u00eancia, fundamentados em sua pr\u00f3pria hist\u00f3ria.<br \/>\nA personal trainer e profissional da Educa\u00e7\u00e3o F\u00edsica Priscila Andrade relatou sua experi\u00eancia no mercado de trabalho.<br \/>\nO psic\u00f3logo e especialista em Terapia Cognitivo-comportamental Amauri Silva Costa trabalha com transtornos e defici\u00eancias e contribuiu com a discuss\u00e3o, falando sobre a atua\u00e7\u00e3o do psic\u00f3logo e as pr\u00e1ticas inclusivas. Amauri \u00e9 formado em Psicologia pela Unifadra.<br \/>\nEsse evento contribui desenvolvendo a consci\u00eancia sobre inclus\u00e3o, a compreens\u00e3o das din\u00e2micas das rela\u00e7\u00f5es e o contato direto com as defici\u00eancias e os desafios enfrentados quando se depara com as causas inclusivas. A live levou informa\u00e7\u00f5es sobre as defici\u00eancias e os dilemas enfrentados no dia-dia pelas pessoas com defici\u00eancia, al\u00e9m de ter promovido uma a\u00e7\u00e3o solid\u00e1ria com a doa\u00e7\u00e3o de tr\u00eas cadeiras de rodas, sendo duas para o Pronto Atendimento Municipal e uma para o Lar S\u00e3 Doutrina, al\u00e9m de fraldas geri\u00e1tricas para os idosos, arrecadadas como doa\u00e7\u00f5es das empresas Dracelar, Simples Assim, Dracell, Cl\u00ednica Radiol\u00f3gica Dracena, Cl\u00ednica Dent\u00e1ria Bandeirante, Bal\u00e3o M\u00e1gico, Spazio (Tom Chinchio), Studio T Beleza e Est\u00e9tica, Ortop\u00e9dica Central, Cravo e a Rosa, Brink e Lar, Daiane Batista, Psicocl\u00ednica e Santa Maria Moda Feminina, Masculina e Infantil.<br \/>\nA coordenadora do curso de Psicologia da Unifadra Profa. Ma. Andr\u00e9a Frizo Barbosa destacou que o curso procura desenvolver como parte de suas atividades pedag\u00f3gicas a\u00e7\u00f5es que possam gerar impacto na sociedade, cumprindo assim com um dos principais pap\u00e9is da profiss\u00e3o, que \u00e9 levar a Psicologia para todos e em todos os lugares. &#8220;A Live da Inclus\u00e3o promoveu exatamente isso: levou conhecimentos e reflex\u00f5es sobre os desafios e necessidades das pessoas com defici\u00eancia para toda a comunidade de Dracena, da regi\u00e3o e de outras cidades do Brasil. Agrade\u00e7o a todos os convidados e colaboradores que aceitaram participar conosco desta a\u00e7\u00e3o e, especialmente, a Profa. La\u00edzi e nossos queridos acad\u00eamicos do 9\u00ba termo de Psicologia. Esperamos voc\u00eas em 2021, na VI Semana de Inclus\u00e3o da Pessoa com Defici\u00eancia&#8221;, completou a coordenadora.<br \/>\nA Profa. La\u00edzi da Silva Santos destacou que supervisionar a Semana da Inclus\u00e3o \u00e9 sempre muito prazeroso, pois \u00e9 poss\u00edvel se envolver em uma luta de grande impacto social. &#8220;Em 2020, surgiram novos desafios com a pandemia de Covid-19. Assim como todos os setores da sociedade, vimos a import\u00e2ncia de inovar. Promover a Live da Inclus\u00e3o foi um grande desafio que contou com a sinergia dos estudantes do 9\u00ba termo de Psicologia, que n\u00e3o mediram esfor\u00e7os para torn\u00e1-la realidade. Obrigada a todos que participaram. Vamos continuar promovendo eventos que tragam conhecimento para a supera\u00e7\u00e3o de preconceitos&#8221;, finalizou La\u00edzi.<\/p>\n<p dir=\"ltr\" style=\"text-align: justify;\">A dire\u00e7\u00e3o da Faculdade Unifadra parabeniza a organiza\u00e7\u00e3o do evento e todos os envolvidos pela Live da Inclus\u00e3o. &#8220;A grande relev\u00e2ncia do assunto faz o evento ser, a cada ano, ainda maior e melhor&#8221;, comentou o diretor acad\u00eamico Prof. Dr. Enio Garbelini.<\/p>\n<p style=\"text-align: justify;\"><span id=\"gmail-docs-internal-guid-bb934870-7fff-d22d-a457-f1ff24387df1\"><\/span>Foto 005: Live da Inclus\u00e3o no canal do Youtube da Fundec.<br \/>\nFoto 007 e 008: Doa\u00e7\u00f5es feitas para o Pronto Atendimento Municipal e para o Lar S\u00e3 Doutrina.<\/p>\n<p><img loading=\"lazy\" decoding=\"async\" class=\"alignnone size-full wp-image-29689\" src=\"https:\/\/jorgezanoni.com.br\/2019\/wp-content\/uploads\/2020\/06\/fundec1.jpg\" alt=\"\" width=\"1024\" height=\"768\" srcset=\"https:\/\/jorgezanoni.com.br\/2019\/wp-content\/uploads\/2020\/06\/fundec1.jpg 1024w, https:\/\/jorgezanoni.com.br\/2019\/wp-content\/uploads\/2020\/06\/fundec1-300x225.jpg 300w, https:\/\/jorgezanoni.com.br\/2019\/wp-content\/uploads\/2020\/06\/fundec1-768x576.jpg 768w, https:\/\/jorgezanoni.com.br\/2019\/wp-content\/uploads\/2020\/06\/fundec1-80x60.jpg 80w, https:\/\/jorgezanoni.com.br\/2019\/wp-content\/uploads\/2020\/06\/fundec1-265x198.jpg 265w, https:\/\/jorgezanoni.com.br\/2019\/wp-content\/uploads\/2020\/06\/fundec1-696x522.jpg 696w, https:\/\/jorgezanoni.com.br\/2019\/wp-content\/uploads\/2020\/06\/fundec1-560x420.jpg 560w\" sizes=\"auto, (max-width: 1024px) 100vw, 1024px\" \/> <img loading=\"lazy\" decoding=\"async\" class=\"alignnone size-full wp-image-29690\" src=\"https:\/\/jorgezanoni.com.br\/2019\/wp-content\/uploads\/2020\/06\/fundec2.jpg\" alt=\"\" width=\"1024\" height=\"768\" srcset=\"https:\/\/jorgezanoni.com.br\/2019\/wp-content\/uploads\/2020\/06\/fundec2.jpg 1024w, https:\/\/jorgezanoni.com.br\/2019\/wp-content\/uploads\/2020\/06\/fundec2-300x225.jpg 300w, https:\/\/jorgezanoni.com.br\/2019\/wp-content\/uploads\/2020\/06\/fundec2-768x576.jpg 768w, https:\/\/jorgezanoni.com.br\/2019\/wp-content\/uploads\/2020\/06\/fundec2-80x60.jpg 80w, https:\/\/jorgezanoni.com.br\/2019\/wp-content\/uploads\/2020\/06\/fundec2-265x198.jpg 265w, https:\/\/jorgezanoni.com.br\/2019\/wp-content\/uploads\/2020\/06\/fundec2-696x522.jpg 696w, https:\/\/jorgezanoni.com.br\/2019\/wp-content\/uploads\/2020\/06\/fundec2-560x420.jpg 560w\" sizes=\"auto, (max-width: 1024px) 100vw, 1024px\" \/><\/p>\n<div class=\"gmail_signature\" dir=\"ltr\">\n<div dir=\"ltr\" style=\"text-align: justify;\">Carolina Colnago<br \/>\nAssistente de Comunica\u00e7\u00e3o<br \/>\nFunda\u00e7\u00e3o Dracenense de Educa\u00e7\u00e3o e Cultura<\/div>\n<\/div>\n","protected":false},"excerpt":{"rendered":"<p>O curso de Psicologia da Faculdade Unifadra\/Fundec de Dracena realizou, no dia 23 de junho, de forma on-line, a V Semana da Inclus\u00e3o da Pessoa com Defici\u00eancia. O evento \u00e9 realizado anualmente desde 2016 de forma presencial, por\u00e9m, neste ano, em virtude do isolamento social pela pandemia de Covid-19, a V edi\u00e7\u00e3o foi realizada no [&hellip;]<\/p>\n","protected":false},"author":1,"featured_media":29688,"comment_status":"closed","ping_status":"open","sticky":false,"template":"","format":"standard","meta":{"footnotes":""},"categories":[122],"tags":[],"class_list":["post-29687","post","type-post","status-publish","format-standard","has-post-thumbnail","hentry","category-saudeeducacaoeconcurso"],"_links":{"self":[{"href":"https:\/\/jorgezanoni.com.br\/2019\/wp-json\/wp\/v2\/posts\/29687","targetHints":{"allow":["GET"]}}],"collection":[{"href":"https:\/\/jorgezanoni.com.br\/2019\/wp-json\/wp\/v2\/posts"}],"about":[{"href":"https:\/\/jorgezanoni.com.br\/2019\/wp-json\/wp\/v2\/types\/post"}],"author":[{"embeddable":true,"href":"https:\/\/jorgezanoni.com.br\/2019\/wp-json\/wp\/v2\/users\/1"}],"replies":[{"embeddable":true,"href":"https:\/\/jorgezanoni.com.br\/2019\/wp-json\/wp\/v2\/comments?post=29687"}],"version-history":[{"count":0,"href":"https:\/\/jorgezanoni.com.br\/2019\/wp-json\/wp\/v2\/posts\/29687\/revisions"}],"wp:featuredmedia":[{"embeddable":true,"href":"https:\/\/jorgezanoni.com.br\/2019\/wp-json\/wp\/v2\/media\/29688"}],"wp:attachment":[{"href":"https:\/\/jorgezanoni.com.br\/2019\/wp-json\/wp\/v2\/media?parent=29687"}],"wp:term":[{"taxonomy":"category","embeddable":true,"href":"https:\/\/jorgezanoni.com.br\/2019\/wp-json\/wp\/v2\/categories?post=29687"},{"taxonomy":"post_tag","embeddable":true,"href":"https:\/\/jorgezanoni.com.br\/2019\/wp-json\/wp\/v2\/tags?post=29687"}],"curies":[{"name":"wp","href":"https:\/\/api.w.org\/{rel}","templated":true}]}}