{"id":29681,"date":"2020-06-30T00:26:49","date_gmt":"2020-06-30T00:26:49","guid":{"rendered":"https:\/\/jorgezanoni.com.br\/2019\/?p=29681"},"modified":"2020-06-30T00:26:49","modified_gmt":"2020-06-30T00:26:49","slug":"mulher-tem-ferimentos-leves-ao-capotar-veiculo-na-rotatoria-de-tupi-paulista","status":"publish","type":"post","link":"https:\/\/jorgezanoni.com.br\/2019\/mulher-tem-ferimentos-leves-ao-capotar-veiculo-na-rotatoria-de-tupi-paulista\/","title":{"rendered":"Mulher tem ferimentos leves ao capotar ve\u00edculo na Rotat\u00f3ria de Tupi Paulista"},"content":{"rendered":"<p style=\"text-align: justify;\"><strong>Acidente aconteceu no in\u00edcio da tarde na SP-294, Km. 658, na rotat\u00f3ria que d\u00e1 acesso a Tupi Paulista.<\/strong><\/p>\n<p style=\"text-align: justify;\">Acidente com atendimento na \u00e1rea da 2\u00aa Companhia do Policiamento Rodovi\u00e1rio, uma ocorr\u00eancia de Acidente de Tr\u00e2nsito com v\u00edtima leve, tipo Choque seguido de Capotamento, envolvendo um Autom\u00f3vel VW\/Gol com placas de Tupi Paulista\/SP. Ve\u00edculo \u00fanico transitava no sentido Dracena\/SP \u00e0 Santa Mercedes\/SP e, ao realizar a rotat\u00f3ria existente no local, chocou-se contra defensa met\u00e1lica, capotando em seguida. Local sinalizado pelo Policiamento Rodovi\u00e1rio, com apoio da concession\u00e1ria EIXO-SP. O tr\u00e2nsito n\u00e3o foi interditado, rodovia sinalizada. V\u00edtima socorrida ao Hospital de Dracena\/SP, em estado leve. A ocorr\u00eancia segue em atendimento, dados sujeito \u00e0 altera\u00e7\u00e3o e atualiza\u00e7\u00e3o.<\/p>\n<p style=\"text-align: justify;\">Fonte: 2\u00aa Cia. PMR.<\/p>\n<p>&nbsp;<\/p>\n","protected":false},"excerpt":{"rendered":"<p>Acidente aconteceu no in\u00edcio da tarde na SP-294, Km. 658, na rotat\u00f3ria que d\u00e1 acesso a Tupi Paulista. Acidente com atendimento na \u00e1rea da 2\u00aa Companhia do Policiamento Rodovi\u00e1rio, uma ocorr\u00eancia de Acidente de Tr\u00e2nsito com v\u00edtima leve, tipo Choque seguido de Capotamento, envolvendo um Autom\u00f3vel VW\/Gol com placas de Tupi Paulista\/SP. Ve\u00edculo \u00fanico transitava [&hellip;]<\/p>\n","protected":false},"author":1,"featured_media":29682,"comment_status":"closed","ping_status":"open","sticky":false,"template":"","format":"standard","meta":{"footnotes":""},"categories":[170,110],"tags":[],"class_list":["post-29681","post","type-post","status-publish","format-standard","has-post-thumbnail","hentry","category-acidentes","category-noticiasdestaque"],"_links":{"self":[{"href":"https:\/\/jorgezanoni.com.br\/2019\/wp-json\/wp\/v2\/posts\/29681","targetHints":{"allow":["GET"]}}],"collection":[{"href":"https:\/\/jorgezanoni.com.br\/2019\/wp-json\/wp\/v2\/posts"}],"about":[{"href":"https:\/\/jorgezanoni.com.br\/2019\/wp-json\/wp\/v2\/types\/post"}],"author":[{"embeddable":true,"href":"https:\/\/jorgezanoni.com.br\/2019\/wp-json\/wp\/v2\/users\/1"}],"replies":[{"embeddable":true,"href":"https:\/\/jorgezanoni.com.br\/2019\/wp-json\/wp\/v2\/comments?post=29681"}],"version-history":[{"count":0,"href":"https:\/\/jorgezanoni.com.br\/2019\/wp-json\/wp\/v2\/posts\/29681\/revisions"}],"wp:featuredmedia":[{"embeddable":true,"href":"https:\/\/jorgezanoni.com.br\/2019\/wp-json\/wp\/v2\/media\/29682"}],"wp:attachment":[{"href":"https:\/\/jorgezanoni.com.br\/2019\/wp-json\/wp\/v2\/media?parent=29681"}],"wp:term":[{"taxonomy":"category","embeddable":true,"href":"https:\/\/jorgezanoni.com.br\/2019\/wp-json\/wp\/v2\/categories?post=29681"},{"taxonomy":"post_tag","embeddable":true,"href":"https:\/\/jorgezanoni.com.br\/2019\/wp-json\/wp\/v2\/tags?post=29681"}],"curies":[{"name":"wp","href":"https:\/\/api.w.org\/{rel}","templated":true}]}}