{"id":29669,"date":"2020-06-29T23:24:55","date_gmt":"2020-06-29T23:24:55","guid":{"rendered":"https:\/\/jorgezanoni.com.br\/2019\/?p=29669"},"modified":"2020-06-29T23:24:55","modified_gmt":"2020-06-29T23:24:55","slug":"vem-soma-mais-15-casos-positivos-e-presidente-prudente-chega-a-521-confirmacoes-de-novo-coronavirus","status":"publish","type":"post","link":"https:\/\/jorgezanoni.com.br\/2019\/vem-soma-mais-15-casos-positivos-e-presidente-prudente-chega-a-521-confirmacoes-de-novo-coronavirus\/","title":{"rendered":"VEM soma mais 15 casos positivos e Presidente Prudente chega a 521 confirma\u00e7\u00f5es de novo coronav\u00edrus"},"content":{"rendered":"<h2 class=\"content-head__subtitle\" style=\"text-align: justify;\"><strong>De acordo com o boletim oficial desta segunda-feira (29), h\u00e1 ainda uma morte suspeita de uma idosa de 78 anos que morreu no \u00faltimo s\u00e1bado (27).<\/strong><\/h2>\n<div class=\"mc-column content-text active-extra-styles \" data-block-type=\"unstyled\" data-block-weight=\"39\" data-block-id=\"2\">\n<p class=\"content-text__container \" style=\"text-align: justify;\" data-track-category=\"Link no Texto\" data-track-links=\"\">Nesta segunda-feira (29), a Vigil\u00e2ncia Epidemiol\u00f3gica Municipal (VEM) recebeu mais 36 diagn\u00f3sticos de coronav\u00edrus. Os resultados divulgados no boletim oficial, \u00e0s 17h12, apontaram mais 21 exames negativos e outros 15 positivos. Agora,\u00a0<a href=\"https:\/\/g1.globo.com\/sp\/presidente-prudente-regiao\/cidade\/presidente-prudente\/\">Presidente Prudente<\/a>\u00a0contabiliza 521 confirma\u00e7\u00f5es da doen\u00e7a.<\/p>\n<\/div>\n<div class=\"wall protected-content\">\n<div class=\"mc-column content-text active-extra-styles \" style=\"text-align: justify;\" data-block-type=\"unstyled\" data-block-weight=\"90\" data-block-id=\"3\">\n<p class=\"content-text__container \" data-track-category=\"Link no Texto\" data-track-links=\"\">Nos casos desta segunda, s\u00e3o sete mulheres das seguintes idades: 34 e 49 anos, com in\u00edcio dos sintomas no dia 18; 42 e 53 anos (no dia 16); 45 anos (no dia 7); 47 anos (no dia 18) e 55 anos (no dia 20). As idades dos oito homens diagnosticados com a doen\u00e7a s\u00e3o: 24 (no dia 15); 34 anos e 54 anos (no dia 20); 34 (no dia 12); 34 (no dia 19); 40 anos (no dia 14); 56 anos (no dia 23) e 62 anos (no dia 15).<\/p>\n<\/div>\n<div class=\"mc-column content-text active-extra-styles \" style=\"text-align: justify;\" data-block-type=\"unstyled\" data-block-weight=\"36\" data-block-id=\"4\">\n<p class=\"content-text__container \" data-track-category=\"Link no Texto\" data-track-links=\"\">A VEM comunica ainda que no boletim desta segunda consta um \u00f3bito suspeito. Trata-se de uma senhora de 78 anos que teve in\u00edcio dos sintomas no s\u00e1bado (27). O munic\u00edpio tem 19 mortes confirmadas pela Covid-19.<\/p>\n<\/div>\n<div class=\"mc-column content-text active-extra-styles \" style=\"text-align: justify;\" data-block-type=\"unstyled\" data-block-weight=\"18\" data-block-id=\"5\">\n<p class=\"content-text__container \" data-track-category=\"Link no Texto\" data-track-links=\"\">O \u00f3rg\u00e3o municipal informa tamb\u00e9m que 43 prudentinos seguem hospitalizados, sendo 11 em Unidade de Terapia Intensiva (UTI).<\/p>\n<\/div>\n<div class=\"mc-column content-text active-extra-styles \" data-block-type=\"unstyled\" data-block-weight=\"26\" data-block-id=\"6\">\n<p class=\"content-text__container \" style=\"text-align: justify;\" data-track-category=\"Link no Texto\" data-track-links=\"\">At\u00e9 o momento, Prudente j\u00e1 registrou 2.230 notifica\u00e7\u00f5es da doen\u00e7a, sendo 1.490 resultados negativos e outros 521 positivos. Agora, 219 exames aguardam diagn\u00f3sticos, incluindo dois \u00f3bitos.<\/p>\n<p style=\"text-align: justify;\" data-track-category=\"Link no Texto\" data-track-links=\"\">Fonte: G1<\/p>\n<\/div>\n<\/div>\n","protected":false},"excerpt":{"rendered":"<p>De acordo com o boletim oficial desta segunda-feira (29), h\u00e1 ainda uma morte suspeita de uma idosa de 78 anos que morreu no \u00faltimo s\u00e1bado (27). Nesta segunda-feira (29), a Vigil\u00e2ncia Epidemiol\u00f3gica Municipal (VEM) recebeu mais 36 diagn\u00f3sticos de coronav\u00edrus. Os resultados divulgados no boletim oficial, \u00e0s 17h12, apontaram mais 21 exames negativos e outros [&hellip;]<\/p>\n","protected":false},"author":1,"featured_media":29670,"comment_status":"closed","ping_status":"open","sticky":false,"template":"","format":"standard","meta":{"footnotes":""},"categories":[110,122],"tags":[],"class_list":["post-29669","post","type-post","status-publish","format-standard","has-post-thumbnail","hentry","category-noticiasdestaque","category-saudeeducacaoeconcurso"],"_links":{"self":[{"href":"https:\/\/jorgezanoni.com.br\/2019\/wp-json\/wp\/v2\/posts\/29669","targetHints":{"allow":["GET"]}}],"collection":[{"href":"https:\/\/jorgezanoni.com.br\/2019\/wp-json\/wp\/v2\/posts"}],"about":[{"href":"https:\/\/jorgezanoni.com.br\/2019\/wp-json\/wp\/v2\/types\/post"}],"author":[{"embeddable":true,"href":"https:\/\/jorgezanoni.com.br\/2019\/wp-json\/wp\/v2\/users\/1"}],"replies":[{"embeddable":true,"href":"https:\/\/jorgezanoni.com.br\/2019\/wp-json\/wp\/v2\/comments?post=29669"}],"version-history":[{"count":0,"href":"https:\/\/jorgezanoni.com.br\/2019\/wp-json\/wp\/v2\/posts\/29669\/revisions"}],"wp:featuredmedia":[{"embeddable":true,"href":"https:\/\/jorgezanoni.com.br\/2019\/wp-json\/wp\/v2\/media\/29670"}],"wp:attachment":[{"href":"https:\/\/jorgezanoni.com.br\/2019\/wp-json\/wp\/v2\/media?parent=29669"}],"wp:term":[{"taxonomy":"category","embeddable":true,"href":"https:\/\/jorgezanoni.com.br\/2019\/wp-json\/wp\/v2\/categories?post=29669"},{"taxonomy":"post_tag","embeddable":true,"href":"https:\/\/jorgezanoni.com.br\/2019\/wp-json\/wp\/v2\/tags?post=29669"}],"curies":[{"name":"wp","href":"https:\/\/api.w.org\/{rel}","templated":true}]}}