{"id":29666,"date":"2020-06-29T23:07:36","date_gmt":"2020-06-29T23:07:36","guid":{"rendered":"https:\/\/jorgezanoni.com.br\/2019\/?p=29666"},"modified":"2020-06-29T23:07:36","modified_gmt":"2020-06-29T23:07:36","slug":"a-uniao-deles-foi-ate-na-hora-da-morte-diz-filha-sobre-pai-e-mae-que-morreram-no-mesmo-dia-por-covid-19","status":"publish","type":"post","link":"https:\/\/jorgezanoni.com.br\/2019\/a-uniao-deles-foi-ate-na-hora-da-morte-diz-filha-sobre-pai-e-mae-que-morreram-no-mesmo-dia-por-covid-19\/","title":{"rendered":"\u2018A uni\u00e3o deles foi at\u00e9 na hora da morte\u2019, diz filha sobre pai e m\u00e3e que morreram no mesmo dia por Covid-19"},"content":{"rendered":"<h2 class=\"content-head__subtitle\" style=\"text-align: justify;\"><strong>Idosos, de 80 e 85 anos, estavam internados no Hospital Regional de Presidente Prudente. Fam\u00edlia relatou que os dois eram muito unidos e nunca tinham ficado separados<\/strong>.<\/h2>\n<div class=\"mc-column content-text active-extra-styles \" data-block-type=\"unstyled\" data-block-weight=\"73\" data-block-id=\"2\">\n<p class=\"content-text__container \" style=\"text-align: justify;\" data-track-category=\"Link no Texto\" data-track-links=\"\">No dia 5 de janeiro deste ano, Alcides Albano Gomes, de 80 anos, e Maria de Lourdes de Souza Gomes, de 85, completaram 60 anos de casados. E se tem uma palavra que os filhos usam para definir o casal, de\u00a0<a href=\"https:\/\/g1.globo.com\/sp\/presidente-prudente-regiao\/cidade\/pirapozinho\/\">Pirapozinho (SP)<\/a>, \u00e9 uni\u00e3o. Foram seis d\u00e9cadas dedicadas \u00e0 fam\u00edlia, e um ao outro. A cumplicidade foi tanta que\u00a0<a href=\"https:\/\/g1.globo.com\/sp\/presidente-prudente-regiao\/noticia\/2020\/06\/29\/casal-de-idosos-de-pirapozinho-morre-vitima-da-covid-19-no-mesmo-dia.ghtml\">os dois morreram no mesmo dia, v\u00edtimas tamb\u00e9m da mesma doen\u00e7a: a Covid-19<\/a>.<\/p>\n<\/div>\n<div class=\"wall protected-content\">\n<div class=\"mc-column content-text active-extra-styles \" style=\"text-align: justify;\" data-block-type=\"unstyled\" data-block-weight=\"27\" data-block-id=\"3\">\n<p class=\"content-text__container \" data-track-category=\"Link no Texto\" data-track-links=\"\">Alcides \u00e9 de Mar\u00edlia (SP) e Maria de Lourdes, de Aracaju (SE). Eles se casaram no Oeste Paulista e tiveram quatro filhos, dez netos e seis bisnetos.<\/p>\n<\/div>\n<div class=\"mc-column content-text active-extra-styles \" style=\"text-align: justify;\" data-block-type=\"unstyled\" data-block-weight=\"23\" data-block-id=\"4\">\n<p class=\"content-text__container \" data-track-category=\"Link no Texto\" data-track-links=\"\">O segundo filho do casal, Carlos Alberto Gomes, de 53 anos, contou ao\u00a0<strong>G1<\/strong>\u00a0que o pai apresentou sintomas do novo coronav\u00edrus primeiramente.<\/p>\n<\/div>\n<div class=\"mc-column content-text active-extra-styles \" style=\"text-align: justify;\" data-block-type=\"unstyled\" data-block-weight=\"55\" data-block-id=\"5\">\n<p class=\"content-text__container \" data-track-category=\"Link no Texto\" data-track-links=\"\">&#8220;Ele come\u00e7ou a ter febre e sintomas de gripe. Foi ao Hospital Regional [HR] de\u00a0<a href=\"https:\/\/g1.globo.com\/sp\/presidente-prudente-regiao\/cidade\/presidente-prudente\/\">Presidente Prudente (SP)<\/a>\u00a0e o m\u00e9dico falou que era pneumonia. Deram medica\u00e7\u00e3o, foi para casa, mas a febre n\u00e3o passou. Quando ele voltou para o HR, j\u00e1 foi direto para a UTI [Unidade de Terapia Intensiva] e foi entubado&#8221;, disse.<\/p>\n<\/div>\n<div class=\"mc-column content-text active-extra-styles \" style=\"text-align: justify;\" data-block-type=\"unstyled\" data-block-weight=\"26\" data-block-id=\"6\">\n<p class=\"content-text__container \" data-track-category=\"Link no Texto\" data-track-links=\"\">Conforme o HR, o idoso foi internado na unidade no dia 30 de maio. J\u00e1 a esposa deu entrada no hospital no dia 3 de junho.<\/p>\n<\/div>\n<div class=\"mc-column content-text active-extra-styles\" style=\"text-align: justify;\" data-block-type=\"raw\" data-block-weight=\"12\" data-block-id=\"8\">\n<ul class=\"content-unordered-list\">\n<li><a href=\"https:\/\/g1.globo.com\/sp\/presidente-prudente-regiao\/noticia\/2020\/06\/29\/casal-de-idosos-de-pirapozinho-morre-vitima-da-covid-19-no-mesmo-dia.ghtml\">Casal de idosos de Pirapozinho morre v\u00edtima da Covid-19 no mesmo dia<\/a><\/li>\n<\/ul>\n<\/div>\n<div class=\"mc-column content-text active-extra-styles \" style=\"text-align: justify;\" data-block-type=\"unstyled\" data-block-weight=\"46\" data-block-id=\"9\">\n<p class=\"content-text__container \" data-track-category=\"Link no Texto\" data-track-links=\"\">&#8220;Primeiro ela procurou o Pronto-socorro de Pirapozinho, mas foi encaminhada para o HR. Tamb\u00e9m chegou e j\u00e1 foi entubada. Eles chegaram a fazer o teste r\u00e1pido, mas deu negativo. No HR, eles fizeram o outro [swab] e o resultado veio positivo para o coronav\u00edrus&#8221;, explicou Gomes.<\/p>\n<\/div>\n<div class=\"mc-column content-text active-extra-styles \" style=\"text-align: justify;\" data-block-type=\"unstyled\" data-block-weight=\"39\" data-block-id=\"10\">\n<p class=\"content-text__container \" data-track-category=\"Link no Texto\" data-track-links=\"\">A filha mais nova do casal, Regina Aparecida Gomes, de 45 anos, relatou ao\u00a0<strong>G1<\/strong>\u00a0que os pais sa\u00edam apenas quando necess\u00e1rio para ir a banco, mercado ou farm\u00e1cia, e a m\u00e3e tinha medo de ser contaminada pela Covid-19.<\/p>\n<\/div>\n<div class=\"mc-column content-text active-extra-styles \" style=\"text-align: justify;\" data-block-type=\"unstyled\" data-block-weight=\"29\" data-block-id=\"11\">\n<p class=\"content-text__container \" data-track-category=\"Link no Texto\" data-track-links=\"\">&#8220;Eles n\u00e3o estavam saindo muito e sempre tomando cuidado, usando m\u00e1scara, \u00e1lcool em gel e \u00e1gua sanit\u00e1ria para limpeza. Minha m\u00e3e tinha muito medo de pegar a doen\u00e7a&#8221;, falou.<\/p>\n<\/div>\n<div class=\"mc-column content-text active-extra-styles \" style=\"text-align: justify;\" data-block-type=\"unstyled\" data-block-weight=\"34\" data-block-id=\"12\">\n<p class=\"content-text__container \" data-track-category=\"Link no Texto\" data-track-links=\"\">O casal morava sozinho em uma resid\u00eancia e a filha, que tamb\u00e9m vive em Pirapozinho, sempre visitava os dois. Ela e o irm\u00e3o afirmam que os pais eram muito unidos e faziam tudo juntos.<\/p>\n<\/div>\n<div class=\"mc-column content-text active-extra-styles \" style=\"text-align: justify;\" data-block-type=\"unstyled\" data-block-weight=\"19\" data-block-id=\"13\">\n<p class=\"content-text__container \" data-track-category=\"Link no Texto\" data-track-links=\"\">&#8220;Faziam ora\u00e7\u00f5es juntos, tomavam caf\u00e9 juntos e, quando precisavam sair, tamb\u00e9m eram juntos. Sempre os dois&#8221;, relatou a filha.<\/p>\n<\/div>\n<div class=\"mc-column content-text active-extra-styles\" style=\"text-align: justify;\" data-block-type=\"raw\" data-block-weight=\"22\" data-block-id=\"14\">\n<blockquote class=\"content-blockquote theme-border-color-primary-before\"><p>&#8220;Eles nunca faziam nada separados. Nunca ficaram longe um do outro. Essa uni\u00e3o foi passada para toda a fam\u00edlia&#8221;, disse o filho.<\/p><\/blockquote>\n<\/div>\n<div class=\"row medium-uncollapsed content-media content-photo\" style=\"text-align: justify;\" data-block-type=\"backstage-photo\" data-block-id=\"15\">\n<div class=\"mc-column content-media__container\">\n<figure><img decoding=\"async\" class=\"i-amphtml-fill-content i-amphtml-replaced-content\" src=\"https:\/\/s2.glbimg.com\/8F-MVj7R0YmsNhuxNkFaHI-nslY=\/0x0:1080x810\/984x0\/smart\/filters:strip_icc()\/i.s3.glbimg.com\/v1\/AUTH_59edd422c0c84a879bd37670ae4f538a\/internal_photos\/bs\/2020\/J\/t\/ITF3LpT1yVTIeZbRiktQ\/t184fl5ef9426ff1df3.jpeg\" sizes=\"(max-width: 1242px) 648px, 100vw\" srcset=\"https:\/\/s2.glbimg.com\/mwDZewEmXUrFCgRzNJlpWUE4Fvs=\/0x0:1080x810\/1000x0\/smart\/filters:strip_icc()\/i.s3.glbimg.com\/v1\/AUTH_59edd422c0c84a879bd37670ae4f538a\/internal_photos\/bs\/2020\/J\/t\/ITF3LpT1yVTIeZbRiktQ\/t184fl5ef9426ff1df3.jpeg 1000w, https:\/\/s2.glbimg.com\/8F-MVj7R0YmsNhuxNkFaHI-nslY=\/0x0:1080x810\/984x0\/smart\/filters:strip_icc()\/i.s3.glbimg.com\/v1\/AUTH_59edd422c0c84a879bd37670ae4f538a\/internal_photos\/bs\/2020\/J\/t\/ITF3LpT1yVTIeZbRiktQ\/t184fl5ef9426ff1df3.jpeg 984w, https:\/\/s2.glbimg.com\/2DmHEFR7x77bB2zczLEKbKY0Gs8=\/0x0:1080x810\/640x0\/smart\/filters:strip_icc()\/i.s3.glbimg.com\/v1\/AUTH_59edd422c0c84a879bd37670ae4f538a\/internal_photos\/bs\/2020\/J\/t\/ITF3LpT1yVTIeZbRiktQ\/t184fl5ef9426ff1df3.jpeg 640w, https:\/\/s2.glbimg.com\/6zR1bCdT_Ceb9VqXkgtSKQoau5A=\/0x0:1080x810\/600x0\/smart\/filters:strip_icc()\/i.s3.glbimg.com\/v1\/AUTH_59edd422c0c84a879bd37670ae4f538a\/internal_photos\/bs\/2020\/J\/t\/ITF3LpT1yVTIeZbRiktQ\/t184fl5ef9426ff1df3.jpeg 600w\" alt=\"Alcides Albano Gomes e Maria de Lourdes de Souza Gomes com tr\u00eas dos quatro filhos \u2014 Foto: Arquivo pessoal\" \/><\/figure>\n<p class=\"content-media__description \">Alcides Albano Gomes e Maria de Lourdes de Souza Gomes com tr\u00eas dos quatro filhos \u2014 Foto: Arquivo pessoal<\/p>\n<\/div>\n<\/div>\n<div class=\"mc-column content-text active-extra-styles\" style=\"text-align: justify;\" data-block-type=\"raw\" data-block-weight=\"2\" data-block-id=\"17\">\n<div class=\"content-intertitle\">\n<h2>A partida<\/h2>\n<\/div>\n<\/div>\n<div class=\"mc-column content-text active-extra-styles \" style=\"text-align: justify;\" data-block-type=\"unstyled\" data-block-weight=\"33\" data-block-id=\"18\">\n<p class=\"content-text__container \" data-track-category=\"Link no Texto\" data-track-links=\"\">No \u00faltimo s\u00e1bado (27), a fam\u00edlia foi avisada pelo hospital de que Maria de Lourdes havia morrido. No mesmo dia, no final da noite, veio a not\u00edcia de que Alcides havia morrido tamb\u00e9m.<\/p>\n<\/div>\n<div class=\"mc-column content-text active-extra-styles \" style=\"text-align: justify;\" data-block-type=\"unstyled\" data-block-weight=\"11\" data-block-id=\"19\">\n<p class=\"content-text__container \" data-track-category=\"Link no Texto\" data-track-links=\"\">&#8220;A uni\u00e3o deles foi at\u00e9 na hora da morte&#8221;, contou Regina.<\/p>\n<\/div>\n<div class=\"mc-column content-text active-extra-styles \" style=\"text-align: justify;\" data-block-type=\"unstyled\" data-block-weight=\"20\" data-block-id=\"20\">\n<p class=\"content-text__container \" data-track-category=\"Link no Texto\" data-track-links=\"\">Ela afirmou que o pai n\u00e3o ficou sabendo que a esposa tinha falecido, j\u00e1 que ele estava entubado e inconsciente.<\/p>\n<\/div>\n<div class=\"mc-column content-text active-extra-styles \" style=\"text-align: justify;\" data-block-type=\"unstyled\" data-block-weight=\"26\" data-block-id=\"21\">\n<p class=\"content-text__container \" data-track-category=\"Link no Texto\" data-track-links=\"\">&#8220;Mas acho que ele sentiu, porque o m\u00e9dico falou que ele se mexeu quando ela morreu. Era uma liga\u00e7\u00e3o muito forte entre eles&#8221;, destacou ao\u00a0<strong>G1<\/strong>.<\/p>\n<\/div>\n<div class=\"mc-column content-text active-extra-styles \" style=\"text-align: justify;\" data-block-type=\"unstyled\" data-block-weight=\"15\" data-block-id=\"22\">\n<p class=\"content-text__container \" data-track-category=\"Link no Texto\" data-track-links=\"\">Regina tamb\u00e9m contou que a fam\u00edlia torcia pela melhora dos dois e pela alta hospitalar.<\/p>\n<\/div>\n<div class=\"mc-column content-text active-extra-styles\" style=\"text-align: justify;\" data-block-type=\"raw\" data-block-weight=\"44\" data-block-id=\"23\">\n<blockquote class=\"content-blockquote theme-border-color-primary-before\"><p>&#8220;Ficamos surpresos com a partida deles no mesmo dia, mesmo com a uni\u00e3o dos dois. Claro que a gente esperava que fossem receber alta. Apesar de que, se tivesse ido apenas um, o outro iria sofrer muito. Tamb\u00e9m n\u00e3o ficaria muito tempo sozinho&#8221;, enfatizou.<\/p><\/blockquote>\n<\/div>\n<div class=\"mc-column content-text active-extra-styles \" style=\"text-align: justify;\" data-block-type=\"unstyled\" data-block-weight=\"19\" data-block-id=\"24\">\n<p class=\"content-text__container \" data-track-category=\"Link no Texto\" data-track-links=\"\">Os filhos ainda comentaram sobre o momento dif\u00edcil da perda e os protocolos de sa\u00fade que n\u00e3o permitem vel\u00f3rio.<\/p>\n<\/div>\n<div class=\"mc-column content-text active-extra-styles \" style=\"text-align: justify;\" data-block-type=\"unstyled\" data-block-weight=\"16\" data-block-id=\"25\">\n<p class=\"content-text__container \" data-track-category=\"Link no Texto\" data-track-links=\"\">&#8220;N\u00e3o tem vel\u00f3rio. Colocam o corpo dentro de um saco e depois no caix\u00e3o&#8221;, disse Regina.<\/p>\n<p class=\"content-text__container \" data-track-category=\"Link no Texto\" data-track-links=\"\"><span style=\"font-style: italic; text-align: center;\">&#8220;N\u00e3o pudemos fazer um vel\u00f3rio digno para nos despedir. N\u00e3o deu nem para colocar uma roupa de que eles gostavam. \u00c9 muito triste&#8221;, salientou Gomes.<\/span><\/p>\n<\/div>\n<div class=\"row medium-uncollapsed content-media content-photo\" style=\"text-align: justify;\" data-block-type=\"backstage-photo\" data-block-id=\"27\">\n<div class=\"mc-column content-media__container\">\n<figure><img decoding=\"async\" class=\"i-amphtml-fill-content i-amphtml-replaced-content\" src=\"https:\/\/s2.glbimg.com\/bmqXlH6ndWi6pTzuog_HDLILP4w=\/0x0:960x720\/984x0\/smart\/filters:strip_icc()\/i.s3.glbimg.com\/v1\/AUTH_59edd422c0c84a879bd37670ae4f538a\/internal_photos\/bs\/2020\/z\/E\/GD8XCkTmGykLKvMbncPg\/whatsapp-image-2020-06-29-at-15.03.11.jpeg\" sizes=\"(max-width: 1242px) 648px, 100vw\" srcset=\"https:\/\/s2.glbimg.com\/0N8X1Uep5fDqbdLPRTepAOvPn2o=\/0x0:960x720\/1000x0\/smart\/filters:strip_icc()\/i.s3.glbimg.com\/v1\/AUTH_59edd422c0c84a879bd37670ae4f538a\/internal_photos\/bs\/2020\/z\/E\/GD8XCkTmGykLKvMbncPg\/whatsapp-image-2020-06-29-at-15.03.11.jpeg 1000w, https:\/\/s2.glbimg.com\/bmqXlH6ndWi6pTzuog_HDLILP4w=\/0x0:960x720\/984x0\/smart\/filters:strip_icc()\/i.s3.glbimg.com\/v1\/AUTH_59edd422c0c84a879bd37670ae4f538a\/internal_photos\/bs\/2020\/z\/E\/GD8XCkTmGykLKvMbncPg\/whatsapp-image-2020-06-29-at-15.03.11.jpeg 984w, https:\/\/s2.glbimg.com\/LW9TciM3cHGThTxPrMjHxvRRRBA=\/0x0:960x720\/640x0\/smart\/filters:strip_icc()\/i.s3.glbimg.com\/v1\/AUTH_59edd422c0c84a879bd37670ae4f538a\/internal_photos\/bs\/2020\/z\/E\/GD8XCkTmGykLKvMbncPg\/whatsapp-image-2020-06-29-at-15.03.11.jpeg 640w, https:\/\/s2.glbimg.com\/K1vIgD73OIMzusxgbYT676RB4lg=\/0x0:960x720\/600x0\/smart\/filters:strip_icc()\/i.s3.glbimg.com\/v1\/AUTH_59edd422c0c84a879bd37670ae4f538a\/internal_photos\/bs\/2020\/z\/E\/GD8XCkTmGykLKvMbncPg\/whatsapp-image-2020-06-29-at-15.03.11.jpeg 600w\" alt=\"Casal morava em Pirapozinho e estava junto havia 60 anos \u2014 Foto: Arquivo pessoal\" \/><\/figure>\n<p class=\"content-media__description \">Casal morava em Pirapozinho e estava junto havia 60 anos \u2014 Foto: Arquivo pessoal<\/p>\n<\/div>\n<\/div>\n<div class=\"mc-column content-text active-extra-styles\" style=\"text-align: justify;\" data-block-type=\"raw\" data-block-weight=\"3\" data-block-id=\"29\">\n<div class=\"content-intertitle\">\n<h2>Dor e saudade<\/h2>\n<\/div>\n<\/div>\n<div class=\"mc-column content-text active-extra-styles \" style=\"text-align: justify;\" data-block-type=\"unstyled\" data-block-weight=\"15\" data-block-id=\"30\">\n<p class=\"content-text__container \" data-track-category=\"Link no Texto\" data-track-links=\"\">Com a perda ainda recente, a fam\u00edlia tenta superar o momento e faz um alerta.<\/p>\n<\/div>\n<div class=\"mc-column content-text active-extra-styles \" style=\"text-align: justify;\" data-block-type=\"unstyled\" data-block-weight=\"23\" data-block-id=\"31\">\n<p class=\"content-text__container \" data-track-category=\"Link no Texto\" data-track-links=\"\">&#8220;Muita gente n\u00e3o est\u00e1 levando a s\u00e9rio essa doen\u00e7a. S\u00f3 quem passa por isso, perde algu\u00e9m, sabe como \u00e9 esse sofrimento&#8221;, enfatizou Gomes.<\/p>\n<\/div>\n<div class=\"mc-column content-text active-extra-styles \" style=\"text-align: justify;\" data-block-type=\"unstyled\" data-block-weight=\"39\" data-block-id=\"32\">\n<p class=\"content-text__container \" data-track-category=\"Link no Texto\" data-track-links=\"\">O terceiro filho do casal, Paulo Gomes, mora em Jacare\u00ed (SP) e foi o \u00fanico que n\u00e3o esteve no munic\u00edpio de Pirapozinho para acompanhar o enterro dos pais\u00a0<strong><em>(veja abaixo o v\u00eddeo que ele fez falando sobre os dois)<\/em><\/strong>.<\/p>\n<\/div>\n<div class=\"mc-column content-text active-extra-styles \" style=\"text-align: justify;\" data-block-type=\"unstyled\" data-block-weight=\"22\" data-block-id=\"33\">\n<p class=\"content-text__container \" data-track-category=\"Link no Texto\" data-track-links=\"\">&#8220;Eram exemplos para todos n\u00f3s. Nossos pilares. Os dois deixaram um grande legado, a uni\u00e3o da fam\u00edlia e boas lembran\u00e7as&#8221;, pontuou Gomes.<\/p>\n<\/div>\n<div class=\"mc-column content-text active-extra-styles\" style=\"text-align: justify;\" data-block-type=\"raw\" data-block-weight=\"23\" data-block-id=\"34\">\n<blockquote class=\"content-blockquote theme-border-color-primary-before\"><p>&#8220;Eles eram batalhadores e muito religiosos. Trouxeram tudo de bom para n\u00f3s. O que nos resta \u00e9 dor e saudade&#8221;, finalizou a filha.<\/p><\/blockquote>\n<\/div>\n<div class=\"mc-column content-media content-video\" data-block-type=\"backstage-video\" data-block-id=\"35\">\n<div class=\"content-media__container\">\n<div class=\"content-video__bigger-player-description-fixer\">\n<article class=\"content-video\">\n<section class=\"content-video__video-container\">\n<div class=\"content-video__video\">\n<div id=\"wp3-player-2\" class=\"clappr-player\" tabindex=\"9999\" data-player=\"\">\n<div class=\"container-overlay\" style=\"text-align: justify;\">\n<div class=\"row medium-uncollapsed content-media content-photo\" data-block-type=\"backstage-photo\" data-block-id=\"36\">\n<div class=\"mc-column content-media__container\">\n<figure><img decoding=\"async\" class=\"i-amphtml-fill-content i-amphtml-replaced-content\" src=\"https:\/\/s2.glbimg.com\/3Mu-m15NhKj6o4h1R-ODT1yK5bs=\/0x0:1080x810\/984x0\/smart\/filters:strip_icc()\/i.s3.glbimg.com\/v1\/AUTH_59edd422c0c84a879bd37670ae4f538a\/internal_photos\/bs\/2020\/I\/J\/tm273sS7qUFLiEwFBPKw\/t184fl5ef942819188a.jpeg\" sizes=\"(max-width: 1242px) 648px, 100vw\" srcset=\"https:\/\/s2.glbimg.com\/osF4j8E4PlgMKtO0I5WzYe8GoK8=\/0x0:1080x810\/1000x0\/smart\/filters:strip_icc()\/i.s3.glbimg.com\/v1\/AUTH_59edd422c0c84a879bd37670ae4f538a\/internal_photos\/bs\/2020\/I\/J\/tm273sS7qUFLiEwFBPKw\/t184fl5ef942819188a.jpeg 1000w, https:\/\/s2.glbimg.com\/3Mu-m15NhKj6o4h1R-ODT1yK5bs=\/0x0:1080x810\/984x0\/smart\/filters:strip_icc()\/i.s3.glbimg.com\/v1\/AUTH_59edd422c0c84a879bd37670ae4f538a\/internal_photos\/bs\/2020\/I\/J\/tm273sS7qUFLiEwFBPKw\/t184fl5ef942819188a.jpeg 984w, https:\/\/s2.glbimg.com\/WtEnA7v2wSShzrqR1XGlPl_LnUA=\/0x0:1080x810\/640x0\/smart\/filters:strip_icc()\/i.s3.glbimg.com\/v1\/AUTH_59edd422c0c84a879bd37670ae4f538a\/internal_photos\/bs\/2020\/I\/J\/tm273sS7qUFLiEwFBPKw\/t184fl5ef942819188a.jpeg 640w, https:\/\/s2.glbimg.com\/1YsLK3Sda23zUcQyvBDeKD65DDE=\/0x0:1080x810\/600x0\/smart\/filters:strip_icc()\/i.s3.glbimg.com\/v1\/AUTH_59edd422c0c84a879bd37670ae4f538a\/internal_photos\/bs\/2020\/I\/J\/tm273sS7qUFLiEwFBPKw\/t184fl5ef942819188a.jpeg 600w\" alt=\"Alcides Albano Gomes e Maria de Lourdes de Souza Gomes quando completaram 50 anos de casados \u2014 Foto: Arquivo pessoal\" \/><\/figure>\n<p class=\"content-media__description \">Alcides Albano Gomes e Maria de Lourdes de Souza Gomes quando completaram 50 anos de casados \u2014 Foto: Arquivo Pessoal<\/p>\n<\/div>\n<\/div>\n<\/div>\n<div class=\"media-control media-control-hide\">\n<div class=\"media-control-panel\">\n<div class=\"media-control-panel__lower\" data-controls=\"\">\n<div class=\"opposites-container\">\n<div class=\"media-control-position__left\">\n<div class=\"dfp-countdown media-control-element dfp-countdown--hidden\" style=\"text-align: justify;\">Fonte: G1<\/div>\n<\/div>\n<\/div>\n<\/div>\n<\/div>\n<\/div>\n<\/div>\n<\/div>\n<\/section>\n<\/article>\n<\/div>\n<\/div>\n<\/div>\n<\/div>\n","protected":false},"excerpt":{"rendered":"<p>Idosos, de 80 e 85 anos, estavam internados no Hospital Regional de Presidente Prudente. Fam\u00edlia relatou que os dois eram muito unidos e nunca tinham ficado separados. No dia 5 de janeiro deste ano, Alcides Albano Gomes, de 80 anos, e Maria de Lourdes de Souza Gomes, de 85, completaram 60 anos de casados. E [&hellip;]<\/p>\n","protected":false},"author":1,"featured_media":29667,"comment_status":"closed","ping_status":"open","sticky":false,"template":"","format":"standard","meta":{"footnotes":""},"categories":[178,110],"tags":[],"class_list":["post-29666","post","type-post","status-publish","format-standard","has-post-thumbnail","hentry","category-notadefalecimento","category-noticiasdestaque"],"_links":{"self":[{"href":"https:\/\/jorgezanoni.com.br\/2019\/wp-json\/wp\/v2\/posts\/29666","targetHints":{"allow":["GET"]}}],"collection":[{"href":"https:\/\/jorgezanoni.com.br\/2019\/wp-json\/wp\/v2\/posts"}],"about":[{"href":"https:\/\/jorgezanoni.com.br\/2019\/wp-json\/wp\/v2\/types\/post"}],"author":[{"embeddable":true,"href":"https:\/\/jorgezanoni.com.br\/2019\/wp-json\/wp\/v2\/users\/1"}],"replies":[{"embeddable":true,"href":"https:\/\/jorgezanoni.com.br\/2019\/wp-json\/wp\/v2\/comments?post=29666"}],"version-history":[{"count":0,"href":"https:\/\/jorgezanoni.com.br\/2019\/wp-json\/wp\/v2\/posts\/29666\/revisions"}],"wp:featuredmedia":[{"embeddable":true,"href":"https:\/\/jorgezanoni.com.br\/2019\/wp-json\/wp\/v2\/media\/29667"}],"wp:attachment":[{"href":"https:\/\/jorgezanoni.com.br\/2019\/wp-json\/wp\/v2\/media?parent=29666"}],"wp:term":[{"taxonomy":"category","embeddable":true,"href":"https:\/\/jorgezanoni.com.br\/2019\/wp-json\/wp\/v2\/categories?post=29666"},{"taxonomy":"post_tag","embeddable":true,"href":"https:\/\/jorgezanoni.com.br\/2019\/wp-json\/wp\/v2\/tags?post=29666"}],"curies":[{"name":"wp","href":"https:\/\/api.w.org\/{rel}","templated":true}]}}