{"id":29660,"date":"2020-06-29T15:50:32","date_gmt":"2020-06-29T15:50:32","guid":{"rendered":"https:\/\/jorgezanoni.com.br\/2019\/?p=29660"},"modified":"2020-06-29T15:50:32","modified_gmt":"2020-06-29T15:50:32","slug":"policial-militar-de-presidente-prudente-e-preso-durante-investigacao-sobre-o-trafico-de-drogas","status":"publish","type":"post","link":"https:\/\/jorgezanoni.com.br\/2019\/policial-militar-de-presidente-prudente-e-preso-durante-investigacao-sobre-o-trafico-de-drogas\/","title":{"rendered":"Policial militar de Presidente Prudente \u00e9 preso durante investiga\u00e7\u00e3o sobre o tr\u00e1fico de drogas"},"content":{"rendered":"<h2 class=\"content-head__subtitle\" style=\"text-align: justify;\"><strong>Conforme informou a Secretaria de Seguran\u00e7a P\u00fablica, o mandado de pris\u00e3o tempor\u00e1ria foi cumprido no fim de semana.<\/strong><\/h2>\n<div class=\"mc-column content-text active-extra-styles active-capital-letter\" data-block-type=\"unstyled\" data-block-weight=\"43\" data-block-id=\"1\">\n<p class=\"content-text__container theme-color-primary-first-letter\" style=\"text-align: justify;\" data-track-category=\"Link no Texto\" data-track-links=\"\">Um policial militar lotado no Oitavo Comando de Policiamento do Interior (CPI-8) foi preso temporariamente neste fim de semana, em\u00a0<a href=\"http:\/\/g1.globo.com\/sp\/presidente-prudente-regiao\/cidade\/presidente-prudente.html\">Presidente Prudente (SP)<\/a>. O fato foi resultado de uma investiga\u00e7\u00e3o sobre o tr\u00e1fico de drogas conduzida pela Delegacia de Investiga\u00e7\u00f5es Sobre Entorpecentes (Dise).<\/p>\n<\/div>\n<div class=\"wall protected-content\">\n<div class=\"mc-column content-text active-extra-styles \" style=\"text-align: justify;\" data-block-type=\"unstyled\" data-block-weight=\"41\" data-block-id=\"2\">\n<p class=\"content-text__container \" data-track-category=\"Link no Texto\" data-track-links=\"\">Conforme informou a Secretaria de Seguran\u00e7a P\u00fablica (SSP), por meio de nota, \u201ca pris\u00e3o foi decretada pelo Tribunal de Justi\u00e7a Militar do Estado de S\u00e3o Paulo, como resultado de investiga\u00e7\u00e3o contra o tr\u00e1fico de drogas originada pela Dise do munic\u00edpio\u201d.<\/p>\n<\/div>\n<div class=\"mc-column content-text active-extra-styles \" style=\"text-align: justify;\" data-block-type=\"unstyled\" data-block-weight=\"14\" data-block-id=\"3\">\n<p class=\"content-text__container \" data-track-category=\"Link no Texto\" data-track-links=\"\">O policial militar foi conduzido ao Pres\u00eddio Militar Rom\u00e3o Gomes, na capital paulista.<\/p>\n<\/div>\n<div class=\"mc-column content-text active-extra-styles \" style=\"text-align: justify;\" data-block-type=\"unstyled\" data-block-weight=\"30\" data-block-id=\"4\">\n<p class=\"content-text__container \" data-track-category=\"Link no Texto\" data-track-links=\"\">\u201cCabe esclarecer que a SSP e a PM n\u00e3o t\u00eam compromisso com o erro e n\u00e3o compactuam com desvios de conduta de seus agentes\u201d, informou ainda em nota a secretaria.<\/p>\n<\/div>\n<div class=\"mc-column content-text active-extra-styles \" style=\"text-align: justify;\" data-block-type=\"unstyled\" data-block-weight=\"52\" data-block-id=\"5\">\n<p class=\"content-text__container \" data-track-category=\"Link no Texto\" data-track-links=\"\">J\u00e1 o Oitavo Departamento de Pol\u00edcia Judici\u00e1ria do Interior (Deinter-8) informou, tamb\u00e9m por meio de nota, que a pris\u00e3o decorre de investiga\u00e7\u00f5es promovidas pela Divis\u00e3o Especializada de Investiga\u00e7\u00f5es Criminais (Deic), por meio de inqu\u00e9rito policial instaurado pela 2\u00aa Delegacia de Investiga\u00e7\u00f5es sobre Entorpecentes (Dise) e que resultou na\u00a0<a href=\"https:\/\/g1.globo.com\/sp\/presidente-prudente-regiao\/noticia\/2020\/06\/10\/operacao-da-policia-civil-mira-grupo-criminoso-responsavel-pelo-trafico-de-drogas-regional-e-interestadual.ghtml\">deflagra\u00e7\u00e3o da &#8220;Opera\u00e7\u00e3o Perf\u00eddia\u201d<\/a>.<\/p>\n<\/div>\n<div class=\"mc-column content-text active-extra-styles \" data-block-type=\"unstyled\" data-block-weight=\"36\" data-block-id=\"6\">\n<p class=\"content-text__container \" style=\"text-align: justify;\" data-track-category=\"Link no Texto\" data-track-links=\"\">Conforme divulgado pela Pol\u00edcia Civil na ocasi\u00e3o, a Opera\u00e7\u00e3o Perf\u00eddia foi deflagrada no dia 10 de junho, com a finalidade de desestruturar um grupo criminoso respons\u00e1vel pelo tr\u00e1fico de drogas em \u00e2mbitos regional e interestadual.<\/p>\n<p style=\"text-align: justify;\" data-track-category=\"Link no Texto\" data-track-links=\"\">Fonte: G1<\/p>\n<p data-track-category=\"Link no Texto\" data-track-links=\"\">Imagem Ilustrativa<\/p>\n<\/div>\n<\/div>\n","protected":false},"excerpt":{"rendered":"<p>Conforme informou a Secretaria de Seguran\u00e7a P\u00fablica, o mandado de pris\u00e3o tempor\u00e1ria foi cumprido no fim de semana. Um policial militar lotado no Oitavo Comando de Policiamento do Interior (CPI-8) foi preso temporariamente neste fim de semana, em\u00a0Presidente Prudente (SP). O fato foi resultado de uma investiga\u00e7\u00e3o sobre o tr\u00e1fico de drogas conduzida pela Delegacia [&hellip;]<\/p>\n","protected":false},"author":1,"featured_media":29661,"comment_status":"closed","ping_status":"open","sticky":false,"template":"","format":"standard","meta":{"footnotes":""},"categories":[110,2],"tags":[],"class_list":["post-29660","post","type-post","status-publish","format-standard","has-post-thumbnail","hentry","category-noticiasdestaque","category-policial"],"_links":{"self":[{"href":"https:\/\/jorgezanoni.com.br\/2019\/wp-json\/wp\/v2\/posts\/29660","targetHints":{"allow":["GET"]}}],"collection":[{"href":"https:\/\/jorgezanoni.com.br\/2019\/wp-json\/wp\/v2\/posts"}],"about":[{"href":"https:\/\/jorgezanoni.com.br\/2019\/wp-json\/wp\/v2\/types\/post"}],"author":[{"embeddable":true,"href":"https:\/\/jorgezanoni.com.br\/2019\/wp-json\/wp\/v2\/users\/1"}],"replies":[{"embeddable":true,"href":"https:\/\/jorgezanoni.com.br\/2019\/wp-json\/wp\/v2\/comments?post=29660"}],"version-history":[{"count":0,"href":"https:\/\/jorgezanoni.com.br\/2019\/wp-json\/wp\/v2\/posts\/29660\/revisions"}],"wp:featuredmedia":[{"embeddable":true,"href":"https:\/\/jorgezanoni.com.br\/2019\/wp-json\/wp\/v2\/media\/29661"}],"wp:attachment":[{"href":"https:\/\/jorgezanoni.com.br\/2019\/wp-json\/wp\/v2\/media?parent=29660"}],"wp:term":[{"taxonomy":"category","embeddable":true,"href":"https:\/\/jorgezanoni.com.br\/2019\/wp-json\/wp\/v2\/categories?post=29660"},{"taxonomy":"post_tag","embeddable":true,"href":"https:\/\/jorgezanoni.com.br\/2019\/wp-json\/wp\/v2\/tags?post=29660"}],"curies":[{"name":"wp","href":"https:\/\/api.w.org\/{rel}","templated":true}]}}