{"id":29657,"date":"2020-06-29T15:03:00","date_gmt":"2020-06-29T15:03:00","guid":{"rendered":"https:\/\/jorgezanoni.com.br\/2019\/?p=29657"},"modified":"2020-06-29T15:03:00","modified_gmt":"2020-06-29T15:03:00","slug":"carro-lotado-de-maconha-capota-na-rodovia-raposo-tavares-apos-abordagem-da-policia-militar","status":"publish","type":"post","link":"https:\/\/jorgezanoni.com.br\/2019\/carro-lotado-de-maconha-capota-na-rodovia-raposo-tavares-apos-abordagem-da-policia-militar\/","title":{"rendered":"Carro lotado de maconha capota na Rodovia Raposo Tavares ap\u00f3s abordagem da Pol\u00edcia Militar"},"content":{"rendered":"<h2 class=\"content-head__subtitle\" style=\"text-align: justify;\"><strong>Motorista desobedeceu a ordem de parada da PM e acabou se envolvendo em acidente. Ele conseguiu fugir, mas a droga foi apreendida.<\/strong><\/h2>\n<div class=\"mc-column content-text active-extra-styles \" data-block-type=\"unstyled\" data-block-weight=\"26\" data-block-id=\"2\">\n<p class=\"content-text__container \" style=\"text-align: justify;\" data-track-category=\"Link no Texto\" data-track-links=\"\">A Pol\u00edcia Militar apreendeu quase 180 quilos de maconha, em\u00a0<a href=\"http:\/\/g1.globo.com\/sp\/presidente-prudente-regiao\/cidade\/regente-feijo.html\">Regente Feij\u00f3,<\/a>\u00a0nesta segunda-feira (29). A droga era levada em um carro. O motorista conseguiu fugir.<\/p>\n<\/div>\n<div class=\"wall protected-content\">\n<div class=\"mc-column content-text active-extra-styles \" style=\"text-align: justify;\" data-block-type=\"unstyled\" data-block-weight=\"23\" data-block-id=\"3\">\n<p class=\"content-text__container \" data-track-category=\"Link no Texto\" data-track-links=\"\">Uma equipe trafegava pela Rodovia Raposo Tavares (SP-270), sentido a Presidente Prudente, quando avistou um ve\u00edculo de cor prata sem emplacamento traseiro.<\/p>\n<\/div>\n<div class=\"mc-column content-text active-extra-styles \" style=\"text-align: justify;\" data-block-type=\"unstyled\" data-block-weight=\"26\" data-block-id=\"4\">\n<p class=\"content-text__container \" data-track-category=\"Link no Texto\" data-track-links=\"\">Os policiais emparelharam a viatura com o ve\u00edculo suspeito e solicitaram ao motorista que parasse. Por\u00e9m, o indiv\u00edduo desobedeceu a ordem de parada e fugiu.<\/p>\n<\/div>\n<div class=\"mc-column content-text active-extra-styles \" style=\"text-align: justify;\" data-block-type=\"unstyled\" data-block-weight=\"37\" data-block-id=\"5\">\n<p class=\"content-text__container \" data-track-category=\"Link no Texto\" data-track-links=\"\">A PM ent\u00e3o passou a perseguir o carro, que colidiu contra um barranco na al\u00e7a de acesso ao distrito de Espig\u00e3o, no km 557. O motorista fugiu a p\u00e9, entrando a uma mata e n\u00e3o foi encontrado.<\/p>\n<\/div>\n<div class=\"row medium-uncollapsed content-media content-photo\" style=\"text-align: justify;\" data-block-type=\"backstage-photo\" data-block-id=\"6\">\n<div class=\"mc-column content-media__container\">\n<figure><img decoding=\"async\" class=\"i-amphtml-fill-content i-amphtml-replaced-content\" src=\"https:\/\/s2.glbimg.com\/BRAa4kMzqsfpWza4jjEMw2KwQCw=\/0x0:1280x960\/984x0\/smart\/filters:strip_icc()\/i.s3.glbimg.com\/v1\/AUTH_59edd422c0c84a879bd37670ae4f538a\/internal_photos\/bs\/2020\/9\/B\/OLBgfWRZivNvDh5IVb7Q\/whatsapp-image-2020-06-29-at-10.04.24-3-.jpeg\" sizes=\"(max-width: 1242px) 648px, 100vw\" srcset=\"https:\/\/s2.glbimg.com\/iaTI67v1NmegHmDJIFKn9Sq61GM=\/0x0:1280x960\/1000x0\/smart\/filters:strip_icc()\/i.s3.glbimg.com\/v1\/AUTH_59edd422c0c84a879bd37670ae4f538a\/internal_photos\/bs\/2020\/9\/B\/OLBgfWRZivNvDh5IVb7Q\/whatsapp-image-2020-06-29-at-10.04.24-3-.jpeg 1000w, https:\/\/s2.glbimg.com\/BRAa4kMzqsfpWza4jjEMw2KwQCw=\/0x0:1280x960\/984x0\/smart\/filters:strip_icc()\/i.s3.glbimg.com\/v1\/AUTH_59edd422c0c84a879bd37670ae4f538a\/internal_photos\/bs\/2020\/9\/B\/OLBgfWRZivNvDh5IVb7Q\/whatsapp-image-2020-06-29-at-10.04.24-3-.jpeg 984w, https:\/\/s2.glbimg.com\/arCD6ue0JlUE9OhAyk-Hn1NYP8g=\/0x0:1280x960\/640x0\/smart\/filters:strip_icc()\/i.s3.glbimg.com\/v1\/AUTH_59edd422c0c84a879bd37670ae4f538a\/internal_photos\/bs\/2020\/9\/B\/OLBgfWRZivNvDh5IVb7Q\/whatsapp-image-2020-06-29-at-10.04.24-3-.jpeg 640w, https:\/\/s2.glbimg.com\/n3baqF1rphPhi-G3pGhDF5jmu_k=\/0x0:1280x960\/600x0\/smart\/filters:strip_icc()\/i.s3.glbimg.com\/v1\/AUTH_59edd422c0c84a879bd37670ae4f538a\/internal_photos\/bs\/2020\/9\/B\/OLBgfWRZivNvDh5IVb7Q\/whatsapp-image-2020-06-29-at-10.04.24-3-.jpeg 600w\" alt=\"Motorista capotou o carro ao tentar fugir da PM \u2014 Foto: Pol\u00edcia Militar\" \/><\/figure>\n<p class=\"content-media__description \">Motorista capotou o carro ao tentar fugir da PM \u2014 Foto: Pol\u00edcia Militar<\/p>\n<\/div>\n<\/div>\n<div class=\"mc-column content-text active-extra-styles \" style=\"text-align: justify;\" data-block-type=\"unstyled\" data-block-weight=\"14\" data-block-id=\"8\">\n<p class=\"content-text__container \" data-track-category=\"Link no Texto\" data-track-links=\"\">Dentro do carro foram localizados 219 tijolos de maconha, que pesaram 179,780 quilos.<\/p>\n<\/div>\n<div class=\"mc-column content-text active-extra-styles \" style=\"text-align: justify;\" data-block-type=\"unstyled\" data-block-weight=\"27\" data-block-id=\"9\">\n<p class=\"content-text__container \" data-track-category=\"Link no Texto\" data-track-links=\"\">Durante pesquisa veicular via Centro de Opera\u00e7\u00f5es da Pol\u00edcia Militar (Copom) foi constatado registro de roubo em 22 de junho de 2020, no munic\u00edpio de Hortol\u00e2ndia (SP).<\/p>\n<\/div>\n<div class=\"mc-column content-text active-extra-styles \" style=\"text-align: justify;\" data-block-type=\"unstyled\" data-block-weight=\"9\" data-block-id=\"10\">\n<p class=\"content-text__container \" data-track-category=\"Link no Texto\" data-track-links=\"\">Foram apreendidos o ve\u00edculo, a droga e um celular.<\/p>\n<\/div>\n<div class=\"mc-column content-text active-extra-styles \" style=\"text-align: justify;\" data-block-type=\"unstyled\" data-block-weight=\"17\" data-block-id=\"11\">\n<p class=\"content-text__container \" data-track-category=\"Link no Texto\" data-track-links=\"\">O fato foi registrado na Delegacia da Pol\u00edcia Civil como tr\u00e1fico de drogas e adultera\u00e7\u00e3o de chassi.<\/p>\n<\/div>\n<div class=\"row medium-uncollapsed content-media content-photo\" style=\"text-align: justify;\" data-block-type=\"backstage-photo\" data-block-id=\"12\">\n<div class=\"mc-column content-media__container\">\n<figure><img decoding=\"async\" class=\"i-amphtml-fill-content i-amphtml-replaced-content\" src=\"https:\/\/s2.glbimg.com\/gtsOgke-Uw0nxZp3DaUxPt4_g0c=\/0x0:1280x960\/984x0\/smart\/filters:strip_icc()\/i.s3.glbimg.com\/v1\/AUTH_59edd422c0c84a879bd37670ae4f538a\/internal_photos\/bs\/2020\/i\/O\/LyQBuERrejNSvrJ6RAnQ\/whatsapp-image-2020-06-29-at-10.04.24.jpeg\" sizes=\"(max-width: 1242px) 648px, 100vw\" srcset=\"https:\/\/s2.glbimg.com\/i-D0AukhxjJCw5MMuQXqccrygdo=\/0x0:1280x960\/1000x0\/smart\/filters:strip_icc()\/i.s3.glbimg.com\/v1\/AUTH_59edd422c0c84a879bd37670ae4f538a\/internal_photos\/bs\/2020\/i\/O\/LyQBuERrejNSvrJ6RAnQ\/whatsapp-image-2020-06-29-at-10.04.24.jpeg 1000w, https:\/\/s2.glbimg.com\/gtsOgke-Uw0nxZp3DaUxPt4_g0c=\/0x0:1280x960\/984x0\/smart\/filters:strip_icc()\/i.s3.glbimg.com\/v1\/AUTH_59edd422c0c84a879bd37670ae4f538a\/internal_photos\/bs\/2020\/i\/O\/LyQBuERrejNSvrJ6RAnQ\/whatsapp-image-2020-06-29-at-10.04.24.jpeg 984w, https:\/\/s2.glbimg.com\/TIyjzmGOC5v_g4wJqu8R-8jRt0k=\/0x0:1280x960\/640x0\/smart\/filters:strip_icc()\/i.s3.glbimg.com\/v1\/AUTH_59edd422c0c84a879bd37670ae4f538a\/internal_photos\/bs\/2020\/i\/O\/LyQBuERrejNSvrJ6RAnQ\/whatsapp-image-2020-06-29-at-10.04.24.jpeg 640w, https:\/\/s2.glbimg.com\/1RoHPX4Z0Tb1nGbQnTkXDrI2Ac4=\/0x0:1280x960\/600x0\/smart\/filters:strip_icc()\/i.s3.glbimg.com\/v1\/AUTH_59edd422c0c84a879bd37670ae4f538a\/internal_photos\/bs\/2020\/i\/O\/LyQBuERrejNSvrJ6RAnQ\/whatsapp-image-2020-06-29-at-10.04.24.jpeg 600w\" alt=\"Quase 180 kg de maconha foram apreendidos pela PM, em Regente Feij\u00f3 \u2014 Foto: Pol\u00edcia Militar\" \/><\/figure>\n<p class=\"content-media__description \">Quase 180 kg de maconha foram apreendidos pela PM, em Regente Feij\u00f3 \u2014 Foto: Pol\u00edcia Militar<\/p>\n<\/div>\n<\/div>\n<div class=\"row medium-uncollapsed content-media content-photo\" data-block-type=\"backstage-photo\" data-block-id=\"13\">\n<div class=\"mc-column content-media__container\">\n<figure style=\"text-align: justify;\"><img decoding=\"async\" class=\"i-amphtml-fill-content i-amphtml-replaced-content\" src=\"https:\/\/s2.glbimg.com\/dx8WzdfK7yruqFFFyc8aGsV2jIk=\/0x0:1280x960\/984x0\/smart\/filters:strip_icc()\/i.s3.glbimg.com\/v1\/AUTH_59edd422c0c84a879bd37670ae4f538a\/internal_photos\/bs\/2020\/Y\/B\/1DWcAdTOCd7bYLAFWOpQ\/whatsapp-image-2020-06-29-at-10.04.24-1-.jpeg\" sizes=\"(max-width: 1242px) 648px, 100vw\" srcset=\"https:\/\/s2.glbimg.com\/BvhogoaklGNgsFbA_cU2wuwbqPw=\/0x0:1280x960\/1000x0\/smart\/filters:strip_icc()\/i.s3.glbimg.com\/v1\/AUTH_59edd422c0c84a879bd37670ae4f538a\/internal_photos\/bs\/2020\/Y\/B\/1DWcAdTOCd7bYLAFWOpQ\/whatsapp-image-2020-06-29-at-10.04.24-1-.jpeg 1000w, https:\/\/s2.glbimg.com\/dx8WzdfK7yruqFFFyc8aGsV2jIk=\/0x0:1280x960\/984x0\/smart\/filters:strip_icc()\/i.s3.glbimg.com\/v1\/AUTH_59edd422c0c84a879bd37670ae4f538a\/internal_photos\/bs\/2020\/Y\/B\/1DWcAdTOCd7bYLAFWOpQ\/whatsapp-image-2020-06-29-at-10.04.24-1-.jpeg 984w, https:\/\/s2.glbimg.com\/17ISPTl7TEnz-ESTR5W8z_WtJVk=\/0x0:1280x960\/640x0\/smart\/filters:strip_icc()\/i.s3.glbimg.com\/v1\/AUTH_59edd422c0c84a879bd37670ae4f538a\/internal_photos\/bs\/2020\/Y\/B\/1DWcAdTOCd7bYLAFWOpQ\/whatsapp-image-2020-06-29-at-10.04.24-1-.jpeg 640w, https:\/\/s2.glbimg.com\/YL_3ZEZmHL3aBcZTHdVDyol8NUc=\/0x0:1280x960\/600x0\/smart\/filters:strip_icc()\/i.s3.glbimg.com\/v1\/AUTH_59edd422c0c84a879bd37670ae4f538a\/internal_photos\/bs\/2020\/Y\/B\/1DWcAdTOCd7bYLAFWOpQ\/whatsapp-image-2020-06-29-at-10.04.24-1-.jpeg 600w\" alt=\"Quase 180 kg de maconha foram apreendidos pela PM, em Regente Feij\u00f3 \u2014 Foto: Pol\u00edcia Militar\" \/><\/figure>\n<p class=\"content-media__description \" style=\"text-align: justify;\">Quase 180 kg de maconha foram apreendidos pela PM, em Regente Feij\u00f3 \u2014 Foto: Pol\u00edcia Militar<\/p>\n<p>Fonte: G1<\/p>\n<\/div>\n<\/div>\n<\/div>\n","protected":false},"excerpt":{"rendered":"<p>Motorista desobedeceu a ordem de parada da PM e acabou se envolvendo em acidente. Ele conseguiu fugir, mas a droga foi apreendida. A Pol\u00edcia Militar apreendeu quase 180 quilos de maconha, em\u00a0Regente Feij\u00f3,\u00a0nesta segunda-feira (29). A droga era levada em um carro. O motorista conseguiu fugir. Uma equipe trafegava pela Rodovia Raposo Tavares (SP-270), sentido [&hellip;]<\/p>\n","protected":false},"author":1,"featured_media":29658,"comment_status":"closed","ping_status":"open","sticky":false,"template":"","format":"standard","meta":{"footnotes":""},"categories":[110,2],"tags":[],"class_list":["post-29657","post","type-post","status-publish","format-standard","has-post-thumbnail","hentry","category-noticiasdestaque","category-policial"],"_links":{"self":[{"href":"https:\/\/jorgezanoni.com.br\/2019\/wp-json\/wp\/v2\/posts\/29657","targetHints":{"allow":["GET"]}}],"collection":[{"href":"https:\/\/jorgezanoni.com.br\/2019\/wp-json\/wp\/v2\/posts"}],"about":[{"href":"https:\/\/jorgezanoni.com.br\/2019\/wp-json\/wp\/v2\/types\/post"}],"author":[{"embeddable":true,"href":"https:\/\/jorgezanoni.com.br\/2019\/wp-json\/wp\/v2\/users\/1"}],"replies":[{"embeddable":true,"href":"https:\/\/jorgezanoni.com.br\/2019\/wp-json\/wp\/v2\/comments?post=29657"}],"version-history":[{"count":0,"href":"https:\/\/jorgezanoni.com.br\/2019\/wp-json\/wp\/v2\/posts\/29657\/revisions"}],"wp:featuredmedia":[{"embeddable":true,"href":"https:\/\/jorgezanoni.com.br\/2019\/wp-json\/wp\/v2\/media\/29658"}],"wp:attachment":[{"href":"https:\/\/jorgezanoni.com.br\/2019\/wp-json\/wp\/v2\/media?parent=29657"}],"wp:term":[{"taxonomy":"category","embeddable":true,"href":"https:\/\/jorgezanoni.com.br\/2019\/wp-json\/wp\/v2\/categories?post=29657"},{"taxonomy":"post_tag","embeddable":true,"href":"https:\/\/jorgezanoni.com.br\/2019\/wp-json\/wp\/v2\/tags?post=29657"}],"curies":[{"name":"wp","href":"https:\/\/api.w.org\/{rel}","templated":true}]}}