{"id":29654,"date":"2020-06-29T14:12:25","date_gmt":"2020-06-29T14:12:25","guid":{"rendered":"https:\/\/jorgezanoni.com.br\/2019\/?p=29654"},"modified":"2020-06-29T14:12:25","modified_gmt":"2020-06-29T14:12:25","slug":"homem-e-preso-por-importunacao-sexual-em-adamantina","status":"publish","type":"post","link":"https:\/\/jorgezanoni.com.br\/2019\/homem-e-preso-por-importunacao-sexual-em-adamantina\/","title":{"rendered":"Homem \u00e9 preso por importuna\u00e7\u00e3o sexual em Adamantina"},"content":{"rendered":"<p style=\"text-align: justify;\">Na data de ontem (28) por volta das 19h47min a Pol\u00edcia Militar foi acionada via 190 para atendimento de ocorr\u00eancia de desentendimento entre pessoas pela via p\u00fablica. Na chegada da equipe policial foi visto um indiv\u00edduo contido por duas jovens e narraram que as duas jovens caminhavam pela via p\u00fablica momento que o autor segurou uma das garotas pelo bra\u00e7o e passou a m\u00e3o nas n\u00e1degas da v\u00edtima de 21 anos que se desvencilhou do autor (homem de 21 anos) que por sua vez passou a se evadir sendo acompanhado e contido pr\u00f3ximo \u00e0 Companhia da Pol\u00edcia Militar. Diante dos fatos foi dado voz de pris\u00e3o em flagrante permanecendo o mesmo recolhido a carceragem \u00e0 disposi\u00e7\u00e3o da Justi\u00e7a pelo crime de importuna\u00e7\u00e3o sexual.<\/p>\n<p style=\"text-align: justify;\">\n<strong>#25BPMI<\/strong><\/p>\n<p style=\"text-align: justify;\"><strong>#POLICIAMILITARSP<\/strong><\/p>\n<p style=\"text-align: justify;\"><strong>#AFOR\u00c7AP\u00daBLICADES\u00c3OPAULO<\/strong><\/p>\n<p style=\"text-align: justify;\"><strong>COMUNICA\u00c7\u00c3O SOCIAL DO 25BPMI<\/strong><\/p>\n","protected":false},"excerpt":{"rendered":"<p>Na data de ontem (28) por volta das 19h47min a Pol\u00edcia Militar foi acionada via 190 para atendimento de ocorr\u00eancia de desentendimento entre pessoas pela via p\u00fablica. Na chegada da equipe policial foi visto um indiv\u00edduo contido por duas jovens e narraram que as duas jovens caminhavam pela via p\u00fablica momento que o autor segurou [&hellip;]<\/p>\n","protected":false},"author":1,"featured_media":29655,"comment_status":"closed","ping_status":"open","sticky":false,"template":"","format":"standard","meta":{"footnotes":""},"categories":[110,2],"tags":[],"class_list":["post-29654","post","type-post","status-publish","format-standard","has-post-thumbnail","hentry","category-noticiasdestaque","category-policial"],"_links":{"self":[{"href":"https:\/\/jorgezanoni.com.br\/2019\/wp-json\/wp\/v2\/posts\/29654","targetHints":{"allow":["GET"]}}],"collection":[{"href":"https:\/\/jorgezanoni.com.br\/2019\/wp-json\/wp\/v2\/posts"}],"about":[{"href":"https:\/\/jorgezanoni.com.br\/2019\/wp-json\/wp\/v2\/types\/post"}],"author":[{"embeddable":true,"href":"https:\/\/jorgezanoni.com.br\/2019\/wp-json\/wp\/v2\/users\/1"}],"replies":[{"embeddable":true,"href":"https:\/\/jorgezanoni.com.br\/2019\/wp-json\/wp\/v2\/comments?post=29654"}],"version-history":[{"count":0,"href":"https:\/\/jorgezanoni.com.br\/2019\/wp-json\/wp\/v2\/posts\/29654\/revisions"}],"wp:featuredmedia":[{"embeddable":true,"href":"https:\/\/jorgezanoni.com.br\/2019\/wp-json\/wp\/v2\/media\/29655"}],"wp:attachment":[{"href":"https:\/\/jorgezanoni.com.br\/2019\/wp-json\/wp\/v2\/media?parent=29654"}],"wp:term":[{"taxonomy":"category","embeddable":true,"href":"https:\/\/jorgezanoni.com.br\/2019\/wp-json\/wp\/v2\/categories?post=29654"},{"taxonomy":"post_tag","embeddable":true,"href":"https:\/\/jorgezanoni.com.br\/2019\/wp-json\/wp\/v2\/tags?post=29654"}],"curies":[{"name":"wp","href":"https:\/\/api.w.org\/{rel}","templated":true}]}}