{"id":29651,"date":"2020-06-29T14:02:34","date_gmt":"2020-06-29T14:02:34","guid":{"rendered":"https:\/\/jorgezanoni.com.br\/2019\/?p=29651"},"modified":"2020-06-29T14:02:34","modified_gmt":"2020-06-29T14:02:34","slug":"filho-e-preso-por-descumprimento-de-medida-protetiva-em-dracena","status":"publish","type":"post","link":"https:\/\/jorgezanoni.com.br\/2019\/filho-e-preso-por-descumprimento-de-medida-protetiva-em-dracena\/","title":{"rendered":"Filho \u00e9 preso por descumprimento de medida protetiva em Dracena"},"content":{"rendered":"<p style=\"text-align: justify;\">Na data de ontem (28) por volta das 15h50min, atrav\u00e9s de solicita\u00e7\u00e3o via 190 onde foi informado que a v\u00edtima (mulher 51 anos) teria contra seu filho, homem de 29 anos, uma medida protetiva e estaria no interior da resid\u00eancia. Com a presen\u00e7a da equipe da Pol\u00edcia Militar no local, o indiciado permaneceu preso \u00e0 disposi\u00e7\u00e3o da Justi\u00e7a.<\/p>\n<p style=\"font-weight: 400; text-align: justify;\"><strong>#25BPMI<\/strong><\/p>\n<p style=\"font-weight: 400; text-align: justify;\"><strong>#POLICIAMILITARSP<\/strong><\/p>\n<p style=\"font-weight: 400; text-align: justify;\"><strong>#AFOR\u00c7AP\u00daBLICADES\u00c3OPAULO<\/strong><\/p>\n<p style=\"font-weight: 400; text-align: justify;\"><strong>COMUNICA\u00c7\u00c3O SOCIAL DO 25BPMI<\/strong><\/p>\n","protected":false},"excerpt":{"rendered":"<p>Na data de ontem (28) por volta das 15h50min, atrav\u00e9s de solicita\u00e7\u00e3o via 190 onde foi informado que a v\u00edtima (mulher 51 anos) teria contra seu filho, homem de 29 anos, uma medida protetiva e estaria no interior da resid\u00eancia. Com a presen\u00e7a da equipe da Pol\u00edcia Militar no local, o indiciado permaneceu preso \u00e0 [&hellip;]<\/p>\n","protected":false},"author":1,"featured_media":29652,"comment_status":"closed","ping_status":"open","sticky":false,"template":"","format":"standard","meta":{"footnotes":""},"categories":[110,2],"tags":[],"class_list":["post-29651","post","type-post","status-publish","format-standard","has-post-thumbnail","hentry","category-noticiasdestaque","category-policial"],"_links":{"self":[{"href":"https:\/\/jorgezanoni.com.br\/2019\/wp-json\/wp\/v2\/posts\/29651","targetHints":{"allow":["GET"]}}],"collection":[{"href":"https:\/\/jorgezanoni.com.br\/2019\/wp-json\/wp\/v2\/posts"}],"about":[{"href":"https:\/\/jorgezanoni.com.br\/2019\/wp-json\/wp\/v2\/types\/post"}],"author":[{"embeddable":true,"href":"https:\/\/jorgezanoni.com.br\/2019\/wp-json\/wp\/v2\/users\/1"}],"replies":[{"embeddable":true,"href":"https:\/\/jorgezanoni.com.br\/2019\/wp-json\/wp\/v2\/comments?post=29651"}],"version-history":[{"count":0,"href":"https:\/\/jorgezanoni.com.br\/2019\/wp-json\/wp\/v2\/posts\/29651\/revisions"}],"wp:featuredmedia":[{"embeddable":true,"href":"https:\/\/jorgezanoni.com.br\/2019\/wp-json\/wp\/v2\/media\/29652"}],"wp:attachment":[{"href":"https:\/\/jorgezanoni.com.br\/2019\/wp-json\/wp\/v2\/media?parent=29651"}],"wp:term":[{"taxonomy":"category","embeddable":true,"href":"https:\/\/jorgezanoni.com.br\/2019\/wp-json\/wp\/v2\/categories?post=29651"},{"taxonomy":"post_tag","embeddable":true,"href":"https:\/\/jorgezanoni.com.br\/2019\/wp-json\/wp\/v2\/tags?post=29651"}],"curies":[{"name":"wp","href":"https:\/\/api.w.org\/{rel}","templated":true}]}}