{"id":29648,"date":"2020-06-29T13:24:39","date_gmt":"2020-06-29T13:24:39","guid":{"rendered":"https:\/\/jorgezanoni.com.br\/2019\/?p=29648"},"modified":"2020-06-29T13:24:39","modified_gmt":"2020-06-29T13:24:39","slug":"moto-furtada-de-residencia-em-dracena-e-recuperada-pela-pm-e-devolvida-ao-proprietario","status":"publish","type":"post","link":"https:\/\/jorgezanoni.com.br\/2019\/moto-furtada-de-residencia-em-dracena-e-recuperada-pela-pm-e-devolvida-ao-proprietario\/","title":{"rendered":"Moto furtada de resid\u00eancia em Dracena \u00e9 recuperada pela PM e devolvida ao propriet\u00e1rio"},"content":{"rendered":"<h1 style=\"text-align: justify;\"><a href=\"https:\/\/25bpmi.blogspot.com\/2020\/06\/em-dracena-apos-furto-em-residencia.html\" data-item-type=\"post\" data-id=\"4309170915364893947\">EM DRACENA: AP\u00d3S FURTO EM RESID\u00caNCIA, MOTOCICLETA, PRODUTO DE FURTO, \u00c9 LOCALIZADA.<\/a><\/h1>\n<p style=\"text-align: justify;\">Na noite de ontem (28) por volta das 23h28min a Pol\u00edcia Militar foi acionada via 190 em que o propriet\u00e1rio declarou que ao chegar em casa notou que a motocicleta n\u00e3o estava no lugar o qual a havia deixado e que ao abrir a porta da sala percebeu que a casa estava revirada e deu falta tamb\u00e9m de um aparelho celular marca windows phone. De posse das informa\u00e7\u00f5es a equipe policial iniciou buscas e no cruzamento da rua S\u00e3o Paulo x Fidelis Paulino de Arruda foi visto uma motocicleta de cor preta vindo a evadir da viatura e ao adentrar na rua Visconde do Rio Branco pela linha f\u00e9rrea os ocupantes da moto a abandonaram e tomaram rumo ignorado no sendo poss\u00edvel a abordagem dos mesmos. Diante do fato, ap\u00f3s per\u00edcia, a motocicleta foi devolvida ao propriet\u00e1rio.<\/p>\n<p style=\"text-align: justify;\"><strong>#POLICIAMILITARSP<\/strong><\/p>\n<p style=\"text-align: justify;\"><strong>#AFOR\u00c7AP\u00daBLICADES\u00c3OPAULO<\/strong><\/p>\n<p style=\"text-align: justify;\"><strong>COMUNICA\u00c7\u00c3O SOCIAL DO 25BPMI<\/strong><\/p>\n","protected":false},"excerpt":{"rendered":"<p>EM DRACENA: AP\u00d3S FURTO EM RESID\u00caNCIA, MOTOCICLETA, PRODUTO DE FURTO, \u00c9 LOCALIZADA. Na noite de ontem (28) por volta das 23h28min a Pol\u00edcia Militar foi acionada via 190 em que o propriet\u00e1rio declarou que ao chegar em casa notou que a motocicleta n\u00e3o estava no lugar o qual a havia deixado e que ao abrir [&hellip;]<\/p>\n","protected":false},"author":1,"featured_media":29649,"comment_status":"closed","ping_status":"open","sticky":false,"template":"","format":"standard","meta":{"footnotes":""},"categories":[110,2],"tags":[],"class_list":["post-29648","post","type-post","status-publish","format-standard","has-post-thumbnail","hentry","category-noticiasdestaque","category-policial"],"_links":{"self":[{"href":"https:\/\/jorgezanoni.com.br\/2019\/wp-json\/wp\/v2\/posts\/29648","targetHints":{"allow":["GET"]}}],"collection":[{"href":"https:\/\/jorgezanoni.com.br\/2019\/wp-json\/wp\/v2\/posts"}],"about":[{"href":"https:\/\/jorgezanoni.com.br\/2019\/wp-json\/wp\/v2\/types\/post"}],"author":[{"embeddable":true,"href":"https:\/\/jorgezanoni.com.br\/2019\/wp-json\/wp\/v2\/users\/1"}],"replies":[{"embeddable":true,"href":"https:\/\/jorgezanoni.com.br\/2019\/wp-json\/wp\/v2\/comments?post=29648"}],"version-history":[{"count":0,"href":"https:\/\/jorgezanoni.com.br\/2019\/wp-json\/wp\/v2\/posts\/29648\/revisions"}],"wp:featuredmedia":[{"embeddable":true,"href":"https:\/\/jorgezanoni.com.br\/2019\/wp-json\/wp\/v2\/media\/29649"}],"wp:attachment":[{"href":"https:\/\/jorgezanoni.com.br\/2019\/wp-json\/wp\/v2\/media?parent=29648"}],"wp:term":[{"taxonomy":"category","embeddable":true,"href":"https:\/\/jorgezanoni.com.br\/2019\/wp-json\/wp\/v2\/categories?post=29648"},{"taxonomy":"post_tag","embeddable":true,"href":"https:\/\/jorgezanoni.com.br\/2019\/wp-json\/wp\/v2\/tags?post=29648"}],"curies":[{"name":"wp","href":"https:\/\/api.w.org\/{rel}","templated":true}]}}