{"id":29617,"date":"2020-06-29T00:01:06","date_gmt":"2020-06-29T00:01:06","guid":{"rendered":"https:\/\/jorgezanoni.com.br\/2019\/?p=29617"},"modified":"2020-06-29T00:01:06","modified_gmt":"2020-06-29T00:01:06","slug":"homem-de-29-anos-morre-na-sp-270-apos-bater-em-placa-e-capotar-veiculo","status":"publish","type":"post","link":"https:\/\/jorgezanoni.com.br\/2019\/homem-de-29-anos-morre-na-sp-270-apos-bater-em-placa-e-capotar-veiculo\/","title":{"rendered":"Homem de 29 anos morre na SP-270 ap\u00f3s bater em placa e capotar ve\u00edculo"},"content":{"rendered":"<p style=\"text-align: justify;\"><strong>A Pol\u00edcia Militar Rodovi\u00e1ria est\u00e1 atendendo uma ocorr\u00eancia com v\u00edtima fatal na \u00e1rea da 2\u00aa Companhia de Presidente Prudente, acontecido por volta de 18:30 Horas.<\/strong><\/p>\n<p style=\"text-align: justify;\">Est\u00e1 em atendimento na \u00e1rea da 2\u00aa Companhia de Pol\u00edcia Militar Rodovi\u00e1ria de Presidente Prudente\/SP, uma ocorr\u00eancia de Acidente de Tr\u00e2nsito com v\u00edtima fatal, somente o condutor de 29 anos, tipo Choque contra placa de sinaliza\u00e7\u00e3o e talude vindo ap\u00f3s a capotar, envolvendo um Autom\u00f3vel VW\/Gol com placas do munic\u00edpio de Regente Feij\u00f3\/SP.<\/p>\n<p style=\"text-align: justify;\">Ve\u00edculo VW Gol transitava no sentido oeste entre os munic\u00edpios de Martin\u00f3polis\/SP e Presidente Prudente\/SP, quando no Km 545+550 no munic\u00edpio de Regente Feij\u00f3, se descontrolou por motivos a serem esclarecidos, chocando contra a placa, talude e na sequ\u00eancia capotou, permanecendo o ve\u00edculo imobilizado dentro de uma propriedade rural.<\/p>\n<p style=\"text-align: justify;\">O local foi sinalizado pelo Policiamento Rodovi\u00e1rio, com apoio da concession\u00e1ria CART. A ocorr\u00eancia segue em atendimento, dados sujeito \u00e0 altera\u00e7\u00e3o e atualiza\u00e7\u00e3o.<\/p>\n<p style=\"text-align: justify;\">Fonte: 2\u00aa Cia. PMR.<\/p>\n","protected":false},"excerpt":{"rendered":"<p>A Pol\u00edcia Militar Rodovi\u00e1ria est\u00e1 atendendo uma ocorr\u00eancia com v\u00edtima fatal na \u00e1rea da 2\u00aa Companhia de Presidente Prudente, acontecido por volta de 18:30 Horas. Est\u00e1 em atendimento na \u00e1rea da 2\u00aa Companhia de Pol\u00edcia Militar Rodovi\u00e1ria de Presidente Prudente\/SP, uma ocorr\u00eancia de Acidente de Tr\u00e2nsito com v\u00edtima fatal, somente o condutor de 29 anos, [&hellip;]<\/p>\n","protected":false},"author":1,"featured_media":29618,"comment_status":"closed","ping_status":"open","sticky":false,"template":"","format":"standard","meta":{"footnotes":""},"categories":[170,110],"tags":[],"class_list":["post-29617","post","type-post","status-publish","format-standard","has-post-thumbnail","hentry","category-acidentes","category-noticiasdestaque"],"_links":{"self":[{"href":"https:\/\/jorgezanoni.com.br\/2019\/wp-json\/wp\/v2\/posts\/29617","targetHints":{"allow":["GET"]}}],"collection":[{"href":"https:\/\/jorgezanoni.com.br\/2019\/wp-json\/wp\/v2\/posts"}],"about":[{"href":"https:\/\/jorgezanoni.com.br\/2019\/wp-json\/wp\/v2\/types\/post"}],"author":[{"embeddable":true,"href":"https:\/\/jorgezanoni.com.br\/2019\/wp-json\/wp\/v2\/users\/1"}],"replies":[{"embeddable":true,"href":"https:\/\/jorgezanoni.com.br\/2019\/wp-json\/wp\/v2\/comments?post=29617"}],"version-history":[{"count":0,"href":"https:\/\/jorgezanoni.com.br\/2019\/wp-json\/wp\/v2\/posts\/29617\/revisions"}],"wp:featuredmedia":[{"embeddable":true,"href":"https:\/\/jorgezanoni.com.br\/2019\/wp-json\/wp\/v2\/media\/29618"}],"wp:attachment":[{"href":"https:\/\/jorgezanoni.com.br\/2019\/wp-json\/wp\/v2\/media?parent=29617"}],"wp:term":[{"taxonomy":"category","embeddable":true,"href":"https:\/\/jorgezanoni.com.br\/2019\/wp-json\/wp\/v2\/categories?post=29617"},{"taxonomy":"post_tag","embeddable":true,"href":"https:\/\/jorgezanoni.com.br\/2019\/wp-json\/wp\/v2\/tags?post=29617"}],"curies":[{"name":"wp","href":"https:\/\/api.w.org\/{rel}","templated":true}]}}