{"id":29607,"date":"2020-06-28T22:11:21","date_gmt":"2020-06-28T22:11:21","guid":{"rendered":"https:\/\/jorgezanoni.com.br\/2019\/?p=29607"},"modified":"2020-06-28T22:11:21","modified_gmt":"2020-06-28T22:11:21","slug":"mortes-por-covid-19-passam-de-500-mil-no-mundo-diz-universidade-johns-hopkins","status":"publish","type":"post","link":"https:\/\/jorgezanoni.com.br\/2019\/mortes-por-covid-19-passam-de-500-mil-no-mundo-diz-universidade-johns-hopkins\/","title":{"rendered":"Mortes por Covid-19 passam de 500 mil no mundo, diz universidade Johns Hopkins"},"content":{"rendered":"<h2 class=\"content-head__subtitle\" style=\"text-align: justify;\"><strong>Pa\u00edses ultrapassaram a marca de 10 milh\u00f5es de casos confirmados da doen\u00e7a causada pelo novo coronav\u00edrus tamb\u00e9m neste domingo.<\/strong><\/h2>\n<div class=\"mc-column content-text active-extra-styles \" data-block-type=\"unstyled\" data-block-weight=\"44\" data-block-id=\"2\">\n<p class=\"content-text__container \" style=\"text-align: justify;\" data-track-category=\"Link no Texto\" data-track-links=\"\">O mundo j\u00e1 registra mais de 500 mil mortes por Covid-19, a doen\u00e7a causada pelo novo coronav\u00edrus, segundo levantamento da universidade Johns Hopkins neste domingo (28). Em n\u00fameros absolutos, os Estados Unidos e o Brasil s\u00e3o os pa\u00edses com mais mortes no mundo.<\/p>\n<\/div>\n<div class=\"wall protected-content\">\n<div class=\"mc-column content-text active-extra-styles\" style=\"text-align: justify;\" data-block-type=\"raw\" data-block-weight=\"24\" data-block-id=\"3\">\n<ul class=\"content-unordered-list\">\n<li><strong>MEMORIAL<\/strong>:\u00a0<a href=\"http:\/\/especiais.g1.globo.com\/bemestar\/coronavirus\/memorial-vitimas-covid-19\/#\/\" target=\"_blank\" rel=\"noopener noreferrer\">os brasileiros que perderam a vida na pandemia<\/a><\/li>\n<li><strong>PREVEN\u00c7\u00c3O<\/strong>:\u00a0<a href=\"https:\/\/g1.globo.com\/bemestar\/coronavirus\/noticia\/2020\/02\/27\/como-se-prevenir-do-coronavirus.ghtml\">como evitar contamina\u00e7\u00e3o pelo coronav\u00edrus<\/a><\/li>\n<li><strong>COBERTURA COMPLETA<\/strong>:\u00a0<a href=\"https:\/\/g1.globo.com\/bemestar\/coronavirus\/\">veja as \u00faltimas not\u00edcias sobre a Covid-19<\/a><\/li>\n<\/ul>\n<\/div>\n<div class=\"mc-column content-text active-extra-styles \" style=\"text-align: justify;\" data-block-type=\"unstyled\" data-block-weight=\"37\" data-block-id=\"4\">\n<p class=\"content-text__container \" data-track-category=\"Link no Texto\" data-track-links=\"\">Tamb\u00e9m neste domingo, o n\u00famero de casos confirmados de novo coronav\u00edrus no mundo\u00a0<a href=\"https:\/\/g1.globo.com\/bemestar\/coronavirus\/noticia\/2020\/06\/28\/mundo-ultrapassa-10-milhoes-de-casos-de-coronavirus-diz-universidade.ghtml\">ultrapassou a marca de 10 milh\u00f5es<\/a>. O aumento em mais de 1 milh\u00e3o de novos casos confirmados aconteceu em menos de uma semana.<\/p>\n<\/div>\n<div class=\"mc-column content-text active-extra-styles \" style=\"text-align: justify;\" data-block-type=\"unstyled\" data-block-weight=\"10\" data-block-id=\"5\">\n<p class=\"content-text__container \" data-track-category=\"Link no Texto\" data-track-links=\"\"><strong>Veja quais s\u00e3o os pa\u00edses com mais mortes por Covid-19<\/strong><\/p>\n<\/div>\n<div class=\"mc-column content-text active-extra-styles\" style=\"text-align: justify;\" data-block-type=\"raw\" data-block-weight=\"25\" data-block-id=\"6\">\n<ul class=\"content-unordered-list\">\n<li><a href=\"https:\/\/g1.globo.com\/tudo-sobre\/estados-unidos\/\"><strong>EUA<\/strong><\/a><strong>:\u00a0<\/strong>125.747 mortes<\/li>\n<li><strong>Brasil: 57.070 mortes*<\/strong><\/li>\n<li><a href=\"https:\/\/g1.globo.com\/tudo-sobre\/gra-bretanha\/\"><strong>Reino Unido<\/strong><\/a><strong>:\u00a0<\/strong>43.634 mortes<\/li>\n<li><a href=\"https:\/\/g1.globo.com\/tudo-sobre\/italia\/\"><strong>It\u00e1lia<\/strong><\/a><strong>:\u00a0<\/strong>34.738 mortes<\/li>\n<li><a href=\"https:\/\/g1.globo.com\/tudo-sobre\/franca\/\"><strong>Fran\u00e7a<\/strong><\/a><strong>:\u00a0<\/strong>29.781 mortes<\/li>\n<li><a href=\"https:\/\/g1.globo.com\/tudo-sobre\/espanha\/\"><strong>Espanha<\/strong><\/a><strong>:<\/strong>\u00a028.343 mortes<\/li>\n<li><a href=\"https:\/\/g1.globo.com\/tudo-sobre\/mexico\/\"><strong>M\u00e9xico<\/strong><\/a><strong>:<\/strong>\u00a026.381 mortes<\/li>\n<li><a href=\"https:\/\/g1.globo.com\/tudo-sobre\/india\/\"><strong>\u00cdndia<\/strong><\/a><strong>:\u00a0<\/strong>16.095 mortes<\/li>\n<\/ul>\n<\/div>\n<div class=\"mc-column content-text active-extra-styles \" style=\"text-align: justify;\" data-block-type=\"unstyled\" data-block-weight=\"34\" data-block-id=\"7\">\n<p class=\"content-text__container \" data-track-category=\"Link no Texto\" data-track-links=\"\">*O n\u00famero \u00e9 o citado no levantamento da Johns Hopkins, que utiliza dados do Minist\u00e9rio da Sa\u00fade. Segundo cons\u00f3rcio de ve\u00edculos de comunica\u00e7\u00e3o,\u00a0<a href=\"https:\/\/g1.globo.com\/bemestar\/coronavirus\/noticia\/2020\/06\/28\/casos-e-mortes-por-coronavirus-no-brasil-28-de-junho-segundo-consorcio-de-veiculos-de-imprensa.ghtml\">o pa\u00eds tinha 57.174 mortes at\u00e9 as 13h deste domingo<\/a>.<\/p>\n<\/div>\n<div class=\"row medium-uncollapsed content-media content-photo\" style=\"text-align: justify;\" data-block-type=\"backstage-photo\" data-block-id=\"8\">\n<div class=\"mc-column content-media__container\">\n<figure><img decoding=\"async\" class=\"i-amphtml-fill-content i-amphtml-replaced-content\" src=\"https:\/\/s2.glbimg.com\/HbuIkvQxLwhuJJ0UFO1fn6Mp3EA=\/0x0:1600x2055\/984x0\/smart\/filters:strip_icc()\/i.s3.glbimg.com\/v1\/AUTH_59edd422c0c84a879bd37670ae4f538a\/internal_photos\/bs\/2020\/8\/m\/qJqRDtRcWwiQFcef1dEA\/2806-500milmortes.png\" sizes=\"(max-width: 1242px) 648px, 100vw\" srcset=\"https:\/\/s2.glbimg.com\/dmn2JAmUgrFE0lyx0fjAmqIAeXE=\/0x0:1600x2055\/1000x0\/smart\/filters:strip_icc()\/i.s3.glbimg.com\/v1\/AUTH_59edd422c0c84a879bd37670ae4f538a\/internal_photos\/bs\/2020\/8\/m\/qJqRDtRcWwiQFcef1dEA\/2806-500milmortes.png 1000w, https:\/\/s2.glbimg.com\/HbuIkvQxLwhuJJ0UFO1fn6Mp3EA=\/0x0:1600x2055\/984x0\/smart\/filters:strip_icc()\/i.s3.glbimg.com\/v1\/AUTH_59edd422c0c84a879bd37670ae4f538a\/internal_photos\/bs\/2020\/8\/m\/qJqRDtRcWwiQFcef1dEA\/2806-500milmortes.png 984w, https:\/\/s2.glbimg.com\/WRZXzbv4iZykK15z9i3_6EKo9uo=\/0x0:1600x2055\/640x0\/smart\/filters:strip_icc()\/i.s3.glbimg.com\/v1\/AUTH_59edd422c0c84a879bd37670ae4f538a\/internal_photos\/bs\/2020\/8\/m\/qJqRDtRcWwiQFcef1dEA\/2806-500milmortes.png 640w, https:\/\/s2.glbimg.com\/3KSH27nY8sHITt_gkJcbyv1gES4=\/0x0:1600x2055\/600x0\/smart\/filters:strip_icc()\/i.s3.glbimg.com\/v1\/AUTH_59edd422c0c84a879bd37670ae4f538a\/internal_photos\/bs\/2020\/8\/m\/qJqRDtRcWwiQFcef1dEA\/2806-500milmortes.png 600w\" alt=\"Mundo passa das 500 mil mortes por Covid-19 \u2014 Foto: G1\" \/><\/figure>\n<p class=\"content-media__description \">Mundo passa das 500 mil mortes por Covid-19 \u2014 Foto: G1<\/p>\n<\/div>\n<\/div>\n<div class=\"content-ads content-ads--reveal\" data-block-type=\"ads\" data-block-id=\"9\">\n<div id=\"banner_materia2\" class=\"tag-manager-publicidade-container mc-has-reveal mc-has-ad-lazyload tag-manager-publicidade-banner_materia2 tag-manager-publicidade-container--carregado tag-manager-publicidade-container--visivel\" data-id=\"banner_materia2\" data-google-query-id=\"COXrmfLCpeoCFSQluQYdsr0EpA\" data-cid=\"138313807295\" data-lid=\"5390325067\">\n<div class=\"mc-column content-text active-extra-styles\" style=\"text-align: justify;\" data-block-type=\"raw\" data-block-weight=\"5\" data-block-id=\"10\">\n<div class=\"content-intertitle\">\n<h2>5 pa\u00edses com mais mortes<\/h2>\n<\/div>\n<\/div>\n<div class=\"mc-column content-text active-extra-styles \" style=\"text-align: justify;\" data-block-type=\"unstyled\" data-block-weight=\"48\" data-block-id=\"11\">\n<p class=\"content-text__container \" data-track-category=\"Link no Texto\" data-track-links=\"\">O Brasil \u00e9 o segundo pa\u00eds, em n\u00fameros absolutos, com mais confirma\u00e7\u00f5es de mortes por coronav\u00edrus. Atr\u00e1s apenas dos EUA que j\u00e1 ultrapassa as 125 mil mortes. Reino Unido, It\u00e1lia, Fran\u00e7a e Espanha seguem como os pa\u00edses com mais mortos, mas apresentam estabilidade na contagem di\u00e1ria de v\u00edtimas.<\/p>\n<\/div>\n<div class=\"row medium-uncollapsed content-media content-photo\" style=\"text-align: justify;\" data-block-type=\"backstage-photo\" data-block-id=\"12\">\n<div class=\"mc-column content-media__container\">\n<figure><img decoding=\"async\" class=\"i-amphtml-fill-content i-amphtml-replaced-content\" src=\"https:\/\/s2.glbimg.com\/NgzWRNHAICQ3nufsKjm9y8xb8m8=\/0x0:1600x2420\/984x0\/smart\/filters:strip_icc()\/i.s3.glbimg.com\/v1\/AUTH_59edd422c0c84a879bd37670ae4f538a\/internal_photos\/bs\/2020\/J\/n\/DOGCdeRsCvDgQZICANQA\/2806-mortestotais.png\" sizes=\"(max-width: 1242px) 648px, 100vw\" srcset=\"https:\/\/s2.glbimg.com\/joRRMDlFl_yIyS4bURO_FsYJjrs=\/0x0:1600x2420\/1000x0\/smart\/filters:strip_icc()\/i.s3.glbimg.com\/v1\/AUTH_59edd422c0c84a879bd37670ae4f538a\/internal_photos\/bs\/2020\/J\/n\/DOGCdeRsCvDgQZICANQA\/2806-mortestotais.png 1000w, https:\/\/s2.glbimg.com\/NgzWRNHAICQ3nufsKjm9y8xb8m8=\/0x0:1600x2420\/984x0\/smart\/filters:strip_icc()\/i.s3.glbimg.com\/v1\/AUTH_59edd422c0c84a879bd37670ae4f538a\/internal_photos\/bs\/2020\/J\/n\/DOGCdeRsCvDgQZICANQA\/2806-mortestotais.png 984w, https:\/\/s2.glbimg.com\/twk0-e0PcxB_z3FhHOHNkfneHPQ=\/0x0:1600x2420\/640x0\/smart\/filters:strip_icc()\/i.s3.glbimg.com\/v1\/AUTH_59edd422c0c84a879bd37670ae4f538a\/internal_photos\/bs\/2020\/J\/n\/DOGCdeRsCvDgQZICANQA\/2806-mortestotais.png 640w, https:\/\/s2.glbimg.com\/I7iWzYh8YnUkINMp759mEUWM180=\/0x0:1600x2420\/600x0\/smart\/filters:strip_icc()\/i.s3.glbimg.com\/v1\/AUTH_59edd422c0c84a879bd37670ae4f538a\/internal_photos\/bs\/2020\/J\/n\/DOGCdeRsCvDgQZICANQA\/2806-mortestotais.png 600w\" alt=\"N\u00famero total de mortes por Covid-19 \u2013 dados at\u00e9 18 horas de domingo (28) \u2014 Foto: G1\" \/><\/figure>\n<p class=\"content-media__description \">N\u00famero total de mortes por Covid-19 \u2013 dados at\u00e9 18 horas de domingo (28) \u2014 Foto: G1<\/p>\n<\/div>\n<\/div>\n<div class=\"mc-column content-text active-extra-styles \" style=\"text-align: justify;\" data-block-type=\"unstyled\" data-block-weight=\"58\" data-block-id=\"13\">\n<p class=\"content-text__container \" data-track-category=\"Link no Texto\" data-track-links=\"\">A taxa para cada 100 mil habitantes aponta que o Brasil tem 27 mortes a cada 100 mil. Essa taxa mostra o efeito do v\u00edrus em pa\u00edses menos populosos, como a Fran\u00e7a (66,9 milh\u00f5es de habitantes), o Reino Unido (66,6 milh\u00f5es) e a It\u00e1lia (60,3 milh\u00f5es), em compara\u00e7\u00e3o com os EUA (329,5 milh\u00f5es) e Brasil (209,5 milh\u00f5es).<\/p>\n<\/div>\n<div class=\"row medium-uncollapsed content-media content-photo\" style=\"text-align: justify;\" data-block-type=\"backstage-photo\" data-block-id=\"14\">\n<div class=\"mc-column content-media__container\">\n<figure><img decoding=\"async\" class=\"i-amphtml-fill-content i-amphtml-replaced-content\" src=\"https:\/\/s2.glbimg.com\/A-nijf4Mdw5XdeZe99hcAwUutzk=\/0x0:1600x2422\/984x0\/smart\/filters:strip_icc()\/i.s3.glbimg.com\/v1\/AUTH_59edd422c0c84a879bd37670ae4f538a\/internal_photos\/bs\/2020\/2\/S\/RByBN0Qcij54b3nTOcYg\/28-06-mortespor100mil.png\" sizes=\"(max-width: 1242px) 648px, 100vw\" srcset=\"https:\/\/s2.glbimg.com\/l_PgjwJFiqJP1etV98nrmoIeZ-U=\/0x0:1600x2422\/1000x0\/smart\/filters:strip_icc()\/i.s3.glbimg.com\/v1\/AUTH_59edd422c0c84a879bd37670ae4f538a\/internal_photos\/bs\/2020\/2\/S\/RByBN0Qcij54b3nTOcYg\/28-06-mortespor100mil.png 1000w, https:\/\/s2.glbimg.com\/A-nijf4Mdw5XdeZe99hcAwUutzk=\/0x0:1600x2422\/984x0\/smart\/filters:strip_icc()\/i.s3.glbimg.com\/v1\/AUTH_59edd422c0c84a879bd37670ae4f538a\/internal_photos\/bs\/2020\/2\/S\/RByBN0Qcij54b3nTOcYg\/28-06-mortespor100mil.png 984w, https:\/\/s2.glbimg.com\/8L8ZVFdmBw_S1-_shHWAt38TcOQ=\/0x0:1600x2422\/640x0\/smart\/filters:strip_icc()\/i.s3.glbimg.com\/v1\/AUTH_59edd422c0c84a879bd37670ae4f538a\/internal_photos\/bs\/2020\/2\/S\/RByBN0Qcij54b3nTOcYg\/28-06-mortespor100mil.png 640w, https:\/\/s2.glbimg.com\/V32v6jSyT12S-mXyf2Z5nGv-f_M=\/0x0:1600x2422\/600x0\/smart\/filters:strip_icc()\/i.s3.glbimg.com\/v1\/AUTH_59edd422c0c84a879bd37670ae4f538a\/internal_photos\/bs\/2020\/2\/S\/RByBN0Qcij54b3nTOcYg\/28-06-mortespor100mil.png 600w\" alt=\"N\u00famero de mortes por Covid-19 a cada 100 mil habitantes \u2013 dados at\u00e9 18 horas de domingo (28) \u2014 Foto: G1\" \/><\/figure>\n<p class=\"content-media__description \">N\u00famero de mortes por Covid-19 a cada 100 mil habitantes \u2013 dados at\u00e9 18 horas de domingo (28) \u2014 Foto: G1<\/p>\n<\/div>\n<\/div>\n<div class=\"content-ads content-ads--reveal\" data-block-type=\"ads\" data-block-id=\"15\">\n<div id=\"banner_materia__d39f45bb-d452-4da6-885e-cd2cd350a3d9\" class=\"tag-manager-publicidade-container mc-has-reveal mc-has-ad-lazyload tag-manager-publicidade-banner_materia__d39f45bb-d452-4da6-885e-cd2cd350a3d9 tag-manager-publicidade-container--carregado tag-manager-publicidade-container--visivel\" data-id=\"banner_materia__d39f45bb-d452-4da6-885e-cd2cd350a3d9\" data-google-query-id=\"CLmOwYTDpeoCFc8yuQYdEGwJag\" data-cid=\"138313801913\" data-lid=\"5390325085\">\n<div class=\"mc-column content-text active-extra-styles \" style=\"text-align: justify;\" data-block-type=\"unstyled\" data-block-weight=\"50\" data-block-id=\"16\">\n<p class=\"content-text__container \" data-track-category=\"Link no Texto\" data-track-links=\"\">O painel da Johns Hopkins alerta, no entanto, para a alta incid\u00eancia de mortes por coronav\u00edrus em outros pa\u00edses latino-americanos, que chegam a ultrapassar o Brasil nessa taxa por 100 mil habitantes. O Peru e o Chile, pa\u00edses com menor demografia, t\u00eam 28,6 e 28,5 mortes com a normaliza\u00e7\u00e3o.<\/p>\n<\/div>\n<div class=\"mc-column content-text active-extra-styles \" style=\"text-align: justify;\" data-block-type=\"unstyled\" data-block-weight=\"45\" data-block-id=\"17\">\n<p class=\"content-text__container \" data-track-category=\"Link no Texto\" data-track-links=\"\">Os registros da Espanha, que nesta contagem fica como o segundo pa\u00eds mais afetado pela doen\u00e7a, foram revistos pelo governo espanhol e quase 2 mil mortes foram apagadas do levantamento oficial. \u00c9 por isso que h\u00e1 uma retra\u00e7\u00e3o na contagem no dia 26 de maio.<\/p>\n<\/div>\n<div class=\"mc-column content-text active-extra-styles\" style=\"text-align: justify;\" data-block-type=\"raw\" data-block-weight=\"2\" data-block-id=\"18\">\n<div class=\"content-intertitle\">\n<h2>Pandemia acelera<\/h2>\n<\/div>\n<\/div>\n<div class=\"mc-column content-text active-extra-styles \" style=\"text-align: justify;\" data-block-type=\"unstyled\" data-block-weight=\"43\" data-block-id=\"19\">\n<p class=\"content-text__container \" data-track-category=\"Link no Texto\" data-track-links=\"\">Mesmo com os n\u00fameros em queda na Europa, o avan\u00e7o da Covid-19 no mundo ainda preocupa a Organiza\u00e7\u00e3o Mundial da Sa\u00fade (OMS) sobretudo pela\u00a0<a href=\"https:\/\/g1.globo.com\/bemestar\/coronavirus\/noticia\/2020\/06\/22\/com-1-milhao-de-casos-de-covid-19-em-8-dias-oms-alerta-que-pandemia-continua-acelerando-no-mundo-e-que-efeitos-serao-sentidos-por-decadas.ghtml\">alta dos casos nas Am\u00e9ricas e por novos registros em pa\u00edses da \u00c1sia que j\u00e1 haviam controlado a doen\u00e7a<\/a>.<\/p>\n<\/div>\n<div class=\"mc-column content-text active-extra-styles \" style=\"text-align: justify;\" data-block-type=\"unstyled\" data-block-weight=\"62\" data-block-id=\"20\">\n<p class=\"content-text__container \" data-track-category=\"Link no Texto\" data-track-links=\"\">Uma das raz\u00f5es para a preocupa\u00e7\u00e3o \u00e9 que o mundo tem registrado em m\u00e9dia 1 milh\u00e3o de novos casos do coronav\u00edrus a cada semana \u2014 por exemplo, o total no planeta chegou a\u00a0<a href=\"https:\/\/g1.globo.com\/bemestar\/coronavirus\/noticia\/2020\/06\/15\/casos-de-novo-coronavirus-no-mundo-passam-de-8-milhoes-diz-universidade.ghtml\">8 milh\u00f5es em 15 de junho<\/a>, h\u00e1 duas semanas. Do primeiro caso confirmado de Covid-19 at\u00e9 a marca de\u00a0<a href=\"https:\/\/g1.globo.com\/bemestar\/coronavirus\/noticia\/2020\/04\/02\/numero-de-casos-confirmados-de-novo-coronavirus-passa-de-1-milhao-diz-levantamento.ghtml\">1 milh\u00e3o atingida em abril<\/a>, passaram-se mais de tr\u00eas meses.<\/p>\n<\/div>\n<div class=\"mc-column content-text active-extra-styles\" style=\"text-align: justify;\" data-block-type=\"raw\" data-block-weight=\"2\" data-block-id=\"21\">\n<div class=\"content-intertitle\">\n<h2>Hist\u00f3rias interrompidas<\/h2>\n<\/div>\n<\/div>\n<div class=\"mc-column content-text active-extra-styles \" style=\"text-align: justify;\" data-block-type=\"unstyled\" data-block-weight=\"37\" data-block-id=\"22\">\n<p class=\"content-text__container \" data-track-category=\"Link no Texto\" data-track-links=\"\">Desde a primeira morte por complica\u00e7\u00f5es de uma pneumonia ent\u00e3o desconhecida, na China, a doen\u00e7a causada pelo novo coronav\u00edrus (Sars-Cov-2) matou centenas de milhares de pessoas em todo o mundo. Suas hist\u00f3rias foram interrompidas durante a pandemia.<\/p>\n<\/div>\n<div class=\"mc-column content-text active-extra-styles \" data-block-type=\"unstyled\" data-block-weight=\"67\" data-block-id=\"23\">\n<p class=\"content-text__container \" style=\"text-align: justify;\" data-track-category=\"Link no Texto\" data-track-links=\"\">Ainda no in\u00edcio de fevereiro, a morte de Li Wenliang \u2013\u00a0<a href=\"https:\/\/g1.globo.com\/ciencia-e-saude\/noticia\/2020\/02\/06\/morre-medico-chines-que-tentou-alertar-colegas-sobre-surto-de-coronavirus.ghtml\">m\u00e9dico chin\u00eas que avisou sobre o coronav\u00edrus antes mesmo dos alertas oficiais<\/a>\u00a0\u2013 teve grande repercuss\u00e3o internacional. N\u00e3o s\u00f3 por ele ser jovem, e por isso n\u00e3o ser considerado como membro do grupo de risco para a Covid-19, mas tamb\u00e9m por ser perseguido pela pol\u00edcia chinesa que o acusou, inicialmente, de mentir sobre a pneumonia.<\/p>\n<p style=\"text-align: justify;\" data-track-category=\"Link no Texto\" data-track-links=\"\">Fonte: https:\/\/g1.globo.com\/bemestar\/coronavirus\/noticia\/2020\/06\/28\/mortes-por-covid-19-passam-de-500-mil-no-mundo-diz-universidade-johns-hopkins.ghtml<\/p>\n<\/div>\n<\/div>\n<\/div>\n<\/div>\n<\/div>\n<\/div>\n","protected":false},"excerpt":{"rendered":"<p>Pa\u00edses ultrapassaram a marca de 10 milh\u00f5es de casos confirmados da doen\u00e7a causada pelo novo coronav\u00edrus tamb\u00e9m neste domingo. O mundo j\u00e1 registra mais de 500 mil mortes por Covid-19, a doen\u00e7a causada pelo novo coronav\u00edrus, segundo levantamento da universidade Johns Hopkins neste domingo (28). Em n\u00fameros absolutos, os Estados Unidos e o Brasil s\u00e3o [&hellip;]<\/p>\n","protected":false},"author":1,"featured_media":29608,"comment_status":"closed","ping_status":"open","sticky":false,"template":"","format":"standard","meta":{"footnotes":""},"categories":[110,122],"tags":[],"class_list":["post-29607","post","type-post","status-publish","format-standard","has-post-thumbnail","hentry","category-noticiasdestaque","category-saudeeducacaoeconcurso"],"_links":{"self":[{"href":"https:\/\/jorgezanoni.com.br\/2019\/wp-json\/wp\/v2\/posts\/29607","targetHints":{"allow":["GET"]}}],"collection":[{"href":"https:\/\/jorgezanoni.com.br\/2019\/wp-json\/wp\/v2\/posts"}],"about":[{"href":"https:\/\/jorgezanoni.com.br\/2019\/wp-json\/wp\/v2\/types\/post"}],"author":[{"embeddable":true,"href":"https:\/\/jorgezanoni.com.br\/2019\/wp-json\/wp\/v2\/users\/1"}],"replies":[{"embeddable":true,"href":"https:\/\/jorgezanoni.com.br\/2019\/wp-json\/wp\/v2\/comments?post=29607"}],"version-history":[{"count":0,"href":"https:\/\/jorgezanoni.com.br\/2019\/wp-json\/wp\/v2\/posts\/29607\/revisions"}],"wp:featuredmedia":[{"embeddable":true,"href":"https:\/\/jorgezanoni.com.br\/2019\/wp-json\/wp\/v2\/media\/29608"}],"wp:attachment":[{"href":"https:\/\/jorgezanoni.com.br\/2019\/wp-json\/wp\/v2\/media?parent=29607"}],"wp:term":[{"taxonomy":"category","embeddable":true,"href":"https:\/\/jorgezanoni.com.br\/2019\/wp-json\/wp\/v2\/categories?post=29607"},{"taxonomy":"post_tag","embeddable":true,"href":"https:\/\/jorgezanoni.com.br\/2019\/wp-json\/wp\/v2\/tags?post=29607"}],"curies":[{"name":"wp","href":"https:\/\/api.w.org\/{rel}","templated":true}]}}