{"id":29601,"date":"2020-06-28T21:31:52","date_gmt":"2020-06-28T21:31:52","guid":{"rendered":"https:\/\/jorgezanoni.com.br\/2019\/?p=29601"},"modified":"2020-06-28T21:31:52","modified_gmt":"2020-06-28T21:31:52","slug":"carro-transita-na-contramao-na-sp-294-em-dracena-e-condutor-de-81-anos-e-preso-por-embriaguez-ao-volante","status":"publish","type":"post","link":"https:\/\/jorgezanoni.com.br\/2019\/carro-transita-na-contramao-na-sp-294-em-dracena-e-condutor-de-81-anos-e-preso-por-embriaguez-ao-volante\/","title":{"rendered":"Carro transita na contram\u00e3o, na SP-294 em Dracena, e condutor de 81 anos \u00e9 preso por embriaguez ao volante"},"content":{"rendered":"<h2 class=\"subtitulo\" style=\"text-align: justify;\"><strong>Homem foi preso em flagrante pela PM Rodovi\u00e1ria por embriaguez ao volante e dirigir na contram\u00e3o.<\/strong><\/h2>\n<p style=\"font-weight: 400; text-align: justify;\">Um aposentado de 81 anos foi preso em flagrante na noite deste s\u00e1bado (27) pela Pol\u00edcia Militar Rodovi\u00e1ria na Rodovia Comandante Jo\u00e3o Ribeiro de Barros, Km 645+500, em Dracena, por embriaguez ao volante.<\/p>\n<p style=\"font-weight: 400; text-align: justify;\">Durante patrulhamento com vistas a il\u00edcitos administrativos e penais, a equipe do policiamento rodovi\u00e1rio observou um ve\u00edculo Hyundai HB20, com placas de Dracena, transitando na contram\u00e3o de dire\u00e7\u00e3o pela rodovia, pouco depois das 19h.<\/p>\n<p style=\"font-weight: 400; text-align: justify;\">Diante da circunst\u00e2ncia, a equipe efetuou o retorno e abordou o ve\u00edculo, sendo que o condutor, de 81 anos, morador em Dracena, apresentava sinais not\u00f3rios de embriaguez, como fala pastosa, dificuldade de equil\u00edbrio e odor et\u00edlico. De pronto o aposentado foi convidado a ser submetido ao teste do baf\u00f4metro, que aferiu a quantia de 0,72 mg\/L de \u00e1lcool por litro de ar alveolar expelido pelos pulm\u00f5es.<\/p>\n<p style=\"font-weight: 400; text-align: justify;\">Diante dos fatos, foi dada voz de pris\u00e3o em flagrante delito ao condutor, sendo preso pelo cometimento do crime de embriaguez ao volante, tipificado nos termos do artigo 306 do C\u00f3digo de Tr\u00e2nsito Brasileiro (CTB).<\/p>\n<p style=\"font-weight: 400; text-align: justify;\">Ap\u00f3s o registro do flagrante no local, o caso foi apresentado no plant\u00e3o da Pol\u00edcia Civil de Dracena, sendo acionado o m\u00e9dico legista que tamb\u00e9m atestou positivo para embriaguez. Em ato cont\u00ednuo, o delegado ratificou a voz de pris\u00e3o em flagrante delito e elaborou os autos pertinentes, arbitrando a fian\u00e7a no valor de R$ 2.090,00, que foi paga pelo indiciado e liberado. Ele vai responder em liberdade. J\u00e1 o ve\u00edculo foi entregue a condutor devidamente habilitado.<\/p>\n<p style=\"font-weight: 400; text-align: justify;\">Em rela\u00e7\u00e3o \u00e0s infra\u00e7\u00f5es de tr\u00e2nsito, o condutor foi autuado tamb\u00e9m por transitar pela contram\u00e3o de dire\u00e7\u00e3o em via com duplo sentido de circula\u00e7\u00e3o.<\/p>\n<p style=\"text-align: justify;\">Fonte: PMR.<\/p>\n","protected":false},"excerpt":{"rendered":"<p>Homem foi preso em flagrante pela PM Rodovi\u00e1ria por embriaguez ao volante e dirigir na contram\u00e3o. Um aposentado de 81 anos foi preso em flagrante na noite deste s\u00e1bado (27) pela Pol\u00edcia Militar Rodovi\u00e1ria na Rodovia Comandante Jo\u00e3o Ribeiro de Barros, Km 645+500, em Dracena, por embriaguez ao volante. Durante patrulhamento com vistas a il\u00edcitos [&hellip;]<\/p>\n","protected":false},"author":1,"featured_media":29602,"comment_status":"closed","ping_status":"open","sticky":false,"template":"","format":"standard","meta":{"footnotes":""},"categories":[110,2],"tags":[],"class_list":["post-29601","post","type-post","status-publish","format-standard","has-post-thumbnail","hentry","category-noticiasdestaque","category-policial"],"_links":{"self":[{"href":"https:\/\/jorgezanoni.com.br\/2019\/wp-json\/wp\/v2\/posts\/29601","targetHints":{"allow":["GET"]}}],"collection":[{"href":"https:\/\/jorgezanoni.com.br\/2019\/wp-json\/wp\/v2\/posts"}],"about":[{"href":"https:\/\/jorgezanoni.com.br\/2019\/wp-json\/wp\/v2\/types\/post"}],"author":[{"embeddable":true,"href":"https:\/\/jorgezanoni.com.br\/2019\/wp-json\/wp\/v2\/users\/1"}],"replies":[{"embeddable":true,"href":"https:\/\/jorgezanoni.com.br\/2019\/wp-json\/wp\/v2\/comments?post=29601"}],"version-history":[{"count":0,"href":"https:\/\/jorgezanoni.com.br\/2019\/wp-json\/wp\/v2\/posts\/29601\/revisions"}],"wp:featuredmedia":[{"embeddable":true,"href":"https:\/\/jorgezanoni.com.br\/2019\/wp-json\/wp\/v2\/media\/29602"}],"wp:attachment":[{"href":"https:\/\/jorgezanoni.com.br\/2019\/wp-json\/wp\/v2\/media?parent=29601"}],"wp:term":[{"taxonomy":"category","embeddable":true,"href":"https:\/\/jorgezanoni.com.br\/2019\/wp-json\/wp\/v2\/categories?post=29601"},{"taxonomy":"post_tag","embeddable":true,"href":"https:\/\/jorgezanoni.com.br\/2019\/wp-json\/wp\/v2\/tags?post=29601"}],"curies":[{"name":"wp","href":"https:\/\/api.w.org\/{rel}","templated":true}]}}