{"id":29595,"date":"2020-06-28T19:57:05","date_gmt":"2020-06-28T19:57:05","guid":{"rendered":"https:\/\/jorgezanoni.com.br\/2019\/?p=29595"},"modified":"2020-06-28T19:57:05","modified_gmt":"2020-06-28T19:57:05","slug":"pai-mata-o-proprio-filho-a-facada","status":"publish","type":"post","link":"https:\/\/jorgezanoni.com.br\/2019\/pai-mata-o-proprio-filho-a-facada\/","title":{"rendered":"Pai mata o pr\u00f3prio filho a facada"},"content":{"rendered":"<p style=\"text-align: justify;\">A Pol\u00edcia Militar prendeu agora \u00e0 noite um homem de aproximadamente 50 anos acusado de matar o pr\u00f3prio filho, de 19 anos, durante uma discuss\u00e3o, no distrito de Avencas, em Mar\u00edlia. A v\u00edtima levou um \u00fanico golpe no peito e morreu antes mesmo de ser socorrido. O acusado foi preso em casa e s\u00f3 ficou sabendo da morte da v\u00edtima na Central de Pol\u00edcia Judici\u00e1ria.<\/p>\n<p style=\"text-align: justify;\">Equipes do resgate do Corpo de Bombeiros e a UTI M\u00f3vel do SAMU foram mobilizadas. De acordo com a PM, os dois envolvidos estavam em um bar e, quando voltavam para a casa, bastante embriagados, passaram a discutir, momento em que o pai puxou uma faca e atingiu o peito do rapaz, identificado inicialmente como Dener Paulino.<\/p>\n<p style=\"text-align: justify;\">\u201cEle nos disse agora h\u00e1 pouco, quando recordou a consci\u00eancia, que tinha apenas feito um risco no peito do rapaz e ficou desesperado quando soube que havia morrido\u201d, informou o tenente Paes que est\u00e1 comandando a ocorr\u00eancia. O homem n\u00e3o ofereceu resist\u00eancia ao ser preso. Ele est\u00e1 sendo autuado em flagrante por homic\u00eddio.<\/p>\n<p style=\"text-align: justify;\">De acordo com o m\u00e9dico do SAMU, Rodrigo Raful, assim que a UTI M\u00f3vel chegou ao local a v\u00edtima j\u00e1 estava morta. Uma auxiliar de enfermagem, que mora no distrito, foi a primeira a chegar e j\u00e1 havia constatado que o rapaz parou de respirar quando a viatura estava no meio do caminho.<\/p>\n<p style=\"text-align: justify;\">Fonte: Vis\u00e3o Noticias<\/p>\n","protected":false},"excerpt":{"rendered":"<p>A Pol\u00edcia Militar prendeu agora \u00e0 noite um homem de aproximadamente 50 anos acusado de matar o pr\u00f3prio filho, de 19 anos, durante uma discuss\u00e3o, no distrito de Avencas, em Mar\u00edlia. A v\u00edtima levou um \u00fanico golpe no peito e morreu antes mesmo de ser socorrido. O acusado foi preso em casa e s\u00f3 ficou [&hellip;]<\/p>\n","protected":false},"author":1,"featured_media":29596,"comment_status":"closed","ping_status":"open","sticky":false,"template":"","format":"standard","meta":{"footnotes":""},"categories":[110,2],"tags":[],"class_list":["post-29595","post","type-post","status-publish","format-standard","has-post-thumbnail","hentry","category-noticiasdestaque","category-policial"],"_links":{"self":[{"href":"https:\/\/jorgezanoni.com.br\/2019\/wp-json\/wp\/v2\/posts\/29595","targetHints":{"allow":["GET"]}}],"collection":[{"href":"https:\/\/jorgezanoni.com.br\/2019\/wp-json\/wp\/v2\/posts"}],"about":[{"href":"https:\/\/jorgezanoni.com.br\/2019\/wp-json\/wp\/v2\/types\/post"}],"author":[{"embeddable":true,"href":"https:\/\/jorgezanoni.com.br\/2019\/wp-json\/wp\/v2\/users\/1"}],"replies":[{"embeddable":true,"href":"https:\/\/jorgezanoni.com.br\/2019\/wp-json\/wp\/v2\/comments?post=29595"}],"version-history":[{"count":0,"href":"https:\/\/jorgezanoni.com.br\/2019\/wp-json\/wp\/v2\/posts\/29595\/revisions"}],"wp:featuredmedia":[{"embeddable":true,"href":"https:\/\/jorgezanoni.com.br\/2019\/wp-json\/wp\/v2\/media\/29596"}],"wp:attachment":[{"href":"https:\/\/jorgezanoni.com.br\/2019\/wp-json\/wp\/v2\/media?parent=29595"}],"wp:term":[{"taxonomy":"category","embeddable":true,"href":"https:\/\/jorgezanoni.com.br\/2019\/wp-json\/wp\/v2\/categories?post=29595"},{"taxonomy":"post_tag","embeddable":true,"href":"https:\/\/jorgezanoni.com.br\/2019\/wp-json\/wp\/v2\/tags?post=29595"}],"curies":[{"name":"wp","href":"https:\/\/api.w.org\/{rel}","templated":true}]}}