{"id":29592,"date":"2020-06-28T19:48:01","date_gmt":"2020-06-28T19:48:01","guid":{"rendered":"https:\/\/jorgezanoni.com.br\/2019\/?p=29592"},"modified":"2020-06-28T19:48:01","modified_gmt":"2020-06-28T19:48:01","slug":"jovem-sem-habilitacao-bate-carro-e-derruba-poste-na-tiradentes-em-venceslau","status":"publish","type":"post","link":"https:\/\/jorgezanoni.com.br\/2019\/jovem-sem-habilitacao-bate-carro-e-derruba-poste-na-tiradentes-em-venceslau\/","title":{"rendered":"Jovem sem habilita\u00e7\u00e3o bate carro e derruba poste na Tiradentes em Venceslau"},"content":{"rendered":"<p style=\"text-align: justify;\">Um acidente registrado por volta das 03h20 da madrugada deste domingo (28) deixou um jovem de 18 anos em estado grave. Ele conduzia uma Fiat Strada pela avenida Tiradentes no sentido bairro\/centro quando por raz\u00f5es desconhecidas colidiu contra o poste no canteiro central da avenida em Presidente Venceslau.<\/p>\n<p style=\"text-align: justify;\">Com o impacto do ve\u00edculo o poste de ilumina\u00e7\u00e3o p\u00fablica caiu no meio da avenida. O autom\u00f3vel ficou com a frente danificada.<\/p>\n<p style=\"text-align: justify;\">O jovem que estava sozinho dentro carro foi socorrido desacordado por equipes do Corpo de Bombeiros de Presidente Venceslau. Ap\u00f3s ser encaminhado at\u00e9 o Pronto Socorro da Santa Casa de Presidente Venceslau, o condutor teve transfer\u00eancia para um hospital de Presidente Prudente devido \u00e0 gravidade do quadro.<\/p>\n<p style=\"text-align: justify;\">A pol\u00edcia informou que o jovem, que completou 18 anos no \u00faltimo m\u00eas de fevereiro, n\u00e3o possu\u00eda habilita\u00e7\u00e3o.<\/p>\n<p style=\"text-align: justify;\">A per\u00edcia t\u00e9cnica foi acionada e ir\u00e1 apurar as causas do acidete. Um Boletim de Ocorr\u00eancia foi registrado junto a delegacia de Pol\u00edcia Civil de Presidente Venceslau e ir\u00e1 apurar as responsabilidades na ocorr\u00eancia.<\/p>\n<p><img decoding=\"async\" src=\"https:\/\/www.portalbueno.com.br\/uploads\/news\/28_06_2020_043613_500.jpg\" alt=\"\" \/><\/p>\n<p><img decoding=\"async\" src=\"https:\/\/www.portalbueno.com.br\/uploads\/news\/28_06_2020_043628_128.jpg\" alt=\"\" \/><\/p>\n<p>Fonte: Portal Bueno<\/p>\n","protected":false},"excerpt":{"rendered":"<p>Um acidente registrado por volta das 03h20 da madrugada deste domingo (28) deixou um jovem de 18 anos em estado grave. Ele conduzia uma Fiat Strada pela avenida Tiradentes no sentido bairro\/centro quando por raz\u00f5es desconhecidas colidiu contra o poste no canteiro central da avenida em Presidente Venceslau. Com o impacto do ve\u00edculo o poste [&hellip;]<\/p>\n","protected":false},"author":1,"featured_media":29593,"comment_status":"closed","ping_status":"open","sticky":false,"template":"","format":"standard","meta":{"footnotes":""},"categories":[170,110],"tags":[],"class_list":["post-29592","post","type-post","status-publish","format-standard","has-post-thumbnail","hentry","category-acidentes","category-noticiasdestaque"],"_links":{"self":[{"href":"https:\/\/jorgezanoni.com.br\/2019\/wp-json\/wp\/v2\/posts\/29592","targetHints":{"allow":["GET"]}}],"collection":[{"href":"https:\/\/jorgezanoni.com.br\/2019\/wp-json\/wp\/v2\/posts"}],"about":[{"href":"https:\/\/jorgezanoni.com.br\/2019\/wp-json\/wp\/v2\/types\/post"}],"author":[{"embeddable":true,"href":"https:\/\/jorgezanoni.com.br\/2019\/wp-json\/wp\/v2\/users\/1"}],"replies":[{"embeddable":true,"href":"https:\/\/jorgezanoni.com.br\/2019\/wp-json\/wp\/v2\/comments?post=29592"}],"version-history":[{"count":0,"href":"https:\/\/jorgezanoni.com.br\/2019\/wp-json\/wp\/v2\/posts\/29592\/revisions"}],"wp:featuredmedia":[{"embeddable":true,"href":"https:\/\/jorgezanoni.com.br\/2019\/wp-json\/wp\/v2\/media\/29593"}],"wp:attachment":[{"href":"https:\/\/jorgezanoni.com.br\/2019\/wp-json\/wp\/v2\/media?parent=29592"}],"wp:term":[{"taxonomy":"category","embeddable":true,"href":"https:\/\/jorgezanoni.com.br\/2019\/wp-json\/wp\/v2\/categories?post=29592"},{"taxonomy":"post_tag","embeddable":true,"href":"https:\/\/jorgezanoni.com.br\/2019\/wp-json\/wp\/v2\/tags?post=29592"}],"curies":[{"name":"wp","href":"https:\/\/api.w.org\/{rel}","templated":true}]}}