{"id":29544,"date":"2020-06-28T01:11:04","date_gmt":"2020-06-28T01:11:04","guid":{"rendered":"https:\/\/jorgezanoni.com.br\/2019\/?p=29544"},"modified":"2020-06-28T01:11:04","modified_gmt":"2020-06-28T01:11:04","slug":"acidente-deixa-tres-mulheres-feridas-em-osvaldo-cruz","status":"publish","type":"post","link":"https:\/\/jorgezanoni.com.br\/2019\/acidente-deixa-tres-mulheres-feridas-em-osvaldo-cruz\/","title":{"rendered":"Acidente deixa tr\u00eas mulheres feridas em Osvaldo Cruz"},"content":{"rendered":"<p><strong>Ocorr\u00eancia foi registrada neste s\u00e1bado (27).<\/strong><\/p>\n<p style=\"text-align: justify;\">Um acidente registrado na noite desde s\u00e1bado (27), na vicinal que liga Osvaldo Cruz a\u00a0 Rodovia Comandante Jo\u00e3o Ribeiro de Barros, a SP-294, deixou tr\u00eas mulheres feridas.<\/p>\n<p style=\"text-align: justify;\">Segundo informa\u00e7\u00f5es colhidas no local pela reportagem do Portal Metr\u00f3pole de Not\u00edcias, um ve\u00edculo Vectra seguia sentido cidade ao trevo, quando por motivos a serem apurados, a condutora perdeu o controle de dire\u00e7\u00e3o, bateu no barreiro existente a beira da via capotou, caindo em uma ribanceira de cerca de 12 metros.<\/p>\n<p style=\"text-align: justify;\">As v\u00edtimas foram socorridas pelo Corpo de Bombeiros e encaminhadas para a Santa Casa de Osvaldo Cruz com ferimentos aparentemente leves.<\/p>\n<p style=\"text-align: justify;\">Apoiaram a ocorr\u00eancia a Pol\u00edcia Militar, o servi\u00e7o de Ambul\u00e2ncia do munic\u00edpio e concession\u00e1ria Eixo-SP. A Pol\u00edcia Cient\u00edfica tamb\u00e9m compareceu ao local.<\/p>\n<p><img loading=\"lazy\" decoding=\"async\" class=\"alignnone size-full wp-image-29545\" src=\"https:\/\/jorgezanoni.com.br\/2019\/wp-content\/uploads\/2020\/06\/osvaldo-2.jpg\" alt=\"\" width=\"605\" height=\"340\" srcset=\"https:\/\/jorgezanoni.com.br\/2019\/wp-content\/uploads\/2020\/06\/osvaldo-2.jpg 605w, https:\/\/jorgezanoni.com.br\/2019\/wp-content\/uploads\/2020\/06\/osvaldo-2-300x169.jpg 300w\" sizes=\"auto, (max-width: 605px) 100vw, 605px\" \/> <img loading=\"lazy\" decoding=\"async\" class=\"alignnone size-full wp-image-29546\" src=\"https:\/\/jorgezanoni.com.br\/2019\/wp-content\/uploads\/2020\/06\/osvaldo1.jpg\" alt=\"\" width=\"1280\" height=\"720\" srcset=\"https:\/\/jorgezanoni.com.br\/2019\/wp-content\/uploads\/2020\/06\/osvaldo1.jpg 1280w, https:\/\/jorgezanoni.com.br\/2019\/wp-content\/uploads\/2020\/06\/osvaldo1-300x169.jpg 300w, https:\/\/jorgezanoni.com.br\/2019\/wp-content\/uploads\/2020\/06\/osvaldo1-1024x576.jpg 1024w, https:\/\/jorgezanoni.com.br\/2019\/wp-content\/uploads\/2020\/06\/osvaldo1-768x432.jpg 768w, https:\/\/jorgezanoni.com.br\/2019\/wp-content\/uploads\/2020\/06\/osvaldo1-696x392.jpg 696w, https:\/\/jorgezanoni.com.br\/2019\/wp-content\/uploads\/2020\/06\/osvaldo1-1068x601.jpg 1068w, https:\/\/jorgezanoni.com.br\/2019\/wp-content\/uploads\/2020\/06\/osvaldo1-747x420.jpg 747w\" sizes=\"auto, (max-width: 1280px) 100vw, 1280px\" \/> <img loading=\"lazy\" decoding=\"async\" class=\"alignnone size-full wp-image-29547\" src=\"https:\/\/jorgezanoni.com.br\/2019\/wp-content\/uploads\/2020\/06\/osvaldo2.jpg\" alt=\"\" width=\"449\" height=\"798\" srcset=\"https:\/\/jorgezanoni.com.br\/2019\/wp-content\/uploads\/2020\/06\/osvaldo2.jpg 449w, https:\/\/jorgezanoni.com.br\/2019\/wp-content\/uploads\/2020\/06\/osvaldo2-169x300.jpg 169w, https:\/\/jorgezanoni.com.br\/2019\/wp-content\/uploads\/2020\/06\/osvaldo2-236x420.jpg 236w\" sizes=\"auto, (max-width: 449px) 100vw, 449px\" \/><\/p>\n<p style=\"text-align: justify;\">Fonte: fmmetropole.com.br<\/p>\n","protected":false},"excerpt":{"rendered":"<p>Ocorr\u00eancia foi registrada neste s\u00e1bado (27). Um acidente registrado na noite desde s\u00e1bado (27), na vicinal que liga Osvaldo Cruz a\u00a0 Rodovia Comandante Jo\u00e3o Ribeiro de Barros, a SP-294, deixou tr\u00eas mulheres feridas. Segundo informa\u00e7\u00f5es colhidas no local pela reportagem do Portal Metr\u00f3pole de Not\u00edcias, um ve\u00edculo Vectra seguia sentido cidade ao trevo, quando por [&hellip;]<\/p>\n","protected":false},"author":1,"featured_media":29548,"comment_status":"closed","ping_status":"open","sticky":false,"template":"","format":"standard","meta":{"footnotes":""},"categories":[170,110],"tags":[],"class_list":["post-29544","post","type-post","status-publish","format-standard","has-post-thumbnail","hentry","category-acidentes","category-noticiasdestaque"],"_links":{"self":[{"href":"https:\/\/jorgezanoni.com.br\/2019\/wp-json\/wp\/v2\/posts\/29544","targetHints":{"allow":["GET"]}}],"collection":[{"href":"https:\/\/jorgezanoni.com.br\/2019\/wp-json\/wp\/v2\/posts"}],"about":[{"href":"https:\/\/jorgezanoni.com.br\/2019\/wp-json\/wp\/v2\/types\/post"}],"author":[{"embeddable":true,"href":"https:\/\/jorgezanoni.com.br\/2019\/wp-json\/wp\/v2\/users\/1"}],"replies":[{"embeddable":true,"href":"https:\/\/jorgezanoni.com.br\/2019\/wp-json\/wp\/v2\/comments?post=29544"}],"version-history":[{"count":0,"href":"https:\/\/jorgezanoni.com.br\/2019\/wp-json\/wp\/v2\/posts\/29544\/revisions"}],"wp:featuredmedia":[{"embeddable":true,"href":"https:\/\/jorgezanoni.com.br\/2019\/wp-json\/wp\/v2\/media\/29548"}],"wp:attachment":[{"href":"https:\/\/jorgezanoni.com.br\/2019\/wp-json\/wp\/v2\/media?parent=29544"}],"wp:term":[{"taxonomy":"category","embeddable":true,"href":"https:\/\/jorgezanoni.com.br\/2019\/wp-json\/wp\/v2\/categories?post=29544"},{"taxonomy":"post_tag","embeddable":true,"href":"https:\/\/jorgezanoni.com.br\/2019\/wp-json\/wp\/v2\/tags?post=29544"}],"curies":[{"name":"wp","href":"https:\/\/api.w.org\/{rel}","templated":true}]}}