{"id":29517,"date":"2020-06-27T22:21:34","date_gmt":"2020-06-27T22:21:34","guid":{"rendered":"https:\/\/jorgezanoni.com.br\/2019\/?p=29517"},"modified":"2020-06-27T22:21:34","modified_gmt":"2020-06-27T22:21:34","slug":"avahu-recebe-mascaras-doadas-pelo-rotary-club-de-dracena","status":"publish","type":"post","link":"https:\/\/jorgezanoni.com.br\/2019\/avahu-recebe-mascaras-doadas-pelo-rotary-club-de-dracena\/","title":{"rendered":"AVAHU recebe M\u00e1scaras doadas pelo Rotary Club de Dracena"},"content":{"rendered":"<div style=\"text-align: justify;\">Mais uma vez o Rotary Clube de Dracena, atrav\u00e9s da Presidente Mariza Scioli, solidarizou-se com as entidades de sa\u00fade do munic\u00edpio, entre elas a Avahu, na doa\u00e7\u00e3o de m\u00e1scaras descart\u00e1veis, o que proporcionar\u00e1 melhores condi\u00e7\u00f5es no atendimento dos seus assistidos.<\/div>\n<div style=\"text-align: justify;\"><\/div>\n<div style=\"text-align: justify;\">O presidente da Entidade Gelto Gevesier Nunes, agradece em nome de todos os diretores ao mencionado Clube de Servi\u00e7o, em especial a Presidente pela importante doa\u00e7\u00e3o.<\/div>\n<div style=\"text-align: justify;\"><\/div>\n<div style=\"text-align: justify;\">A todos os integrantes do Rotary, a nossa gratid\u00e3o.<\/div>\n","protected":false},"excerpt":{"rendered":"<p>Mais uma vez o Rotary Clube de Dracena, atrav\u00e9s da Presidente Mariza Scioli, solidarizou-se com as entidades de sa\u00fade do munic\u00edpio, entre elas a Avahu, na doa\u00e7\u00e3o de m\u00e1scaras descart\u00e1veis, o que proporcionar\u00e1 melhores condi\u00e7\u00f5es no atendimento dos seus assistidos. O presidente da Entidade Gelto Gevesier Nunes, agradece em nome de todos os diretores ao [&hellip;]<\/p>\n","protected":false},"author":1,"featured_media":29518,"comment_status":"closed","ping_status":"open","sticky":false,"template":"","format":"standard","meta":{"footnotes":""},"categories":[118],"tags":[],"class_list":["post-29517","post","type-post","status-publish","format-standard","has-post-thumbnail","hentry","category-religiaoesolidariedade"],"_links":{"self":[{"href":"https:\/\/jorgezanoni.com.br\/2019\/wp-json\/wp\/v2\/posts\/29517","targetHints":{"allow":["GET"]}}],"collection":[{"href":"https:\/\/jorgezanoni.com.br\/2019\/wp-json\/wp\/v2\/posts"}],"about":[{"href":"https:\/\/jorgezanoni.com.br\/2019\/wp-json\/wp\/v2\/types\/post"}],"author":[{"embeddable":true,"href":"https:\/\/jorgezanoni.com.br\/2019\/wp-json\/wp\/v2\/users\/1"}],"replies":[{"embeddable":true,"href":"https:\/\/jorgezanoni.com.br\/2019\/wp-json\/wp\/v2\/comments?post=29517"}],"version-history":[{"count":0,"href":"https:\/\/jorgezanoni.com.br\/2019\/wp-json\/wp\/v2\/posts\/29517\/revisions"}],"wp:featuredmedia":[{"embeddable":true,"href":"https:\/\/jorgezanoni.com.br\/2019\/wp-json\/wp\/v2\/media\/29518"}],"wp:attachment":[{"href":"https:\/\/jorgezanoni.com.br\/2019\/wp-json\/wp\/v2\/media?parent=29517"}],"wp:term":[{"taxonomy":"category","embeddable":true,"href":"https:\/\/jorgezanoni.com.br\/2019\/wp-json\/wp\/v2\/categories?post=29517"},{"taxonomy":"post_tag","embeddable":true,"href":"https:\/\/jorgezanoni.com.br\/2019\/wp-json\/wp\/v2\/tags?post=29517"}],"curies":[{"name":"wp","href":"https:\/\/api.w.org\/{rel}","templated":true}]}}