{"id":29500,"date":"2020-06-27T17:54:18","date_gmt":"2020-06-27T17:54:18","guid":{"rendered":"https:\/\/jorgezanoni.com.br\/2019\/?p=29500"},"modified":"2020-06-27T17:56:59","modified_gmt":"2020-06-27T17:56:59","slug":"presidios-de-sp-recebem-27-milhoes-de-mascaras-de-protecao","status":"publish","type":"post","link":"https:\/\/jorgezanoni.com.br\/2019\/presidios-de-sp-recebem-27-milhoes-de-mascaras-de-protecao\/","title":{"rendered":"Pres\u00eddios de SP recebem 2,7 milh\u00f5es de m\u00e1scaras de prote\u00e7\u00e3o"},"content":{"rendered":"<div>\n<p style=\"text-align: justify;\"><strong><i>Al\u00e9m de insumos adquiridos pela Secretaria da Administra\u00e7\u00e3o Penitenci\u00e1ria, tamb\u00e9m h\u00e1 outros provenientes de doa\u00e7\u00f5es.<\/i><\/strong><\/p>\n<p><img loading=\"lazy\" decoding=\"async\" class=\"alignnone size-full wp-image-29501\" src=\"https:\/\/jorgezanoni.com.br\/2019\/wp-content\/uploads\/2020\/06\/sap.jpg\" alt=\"\" width=\"1280\" height=\"853\" srcset=\"https:\/\/jorgezanoni.com.br\/2019\/wp-content\/uploads\/2020\/06\/sap.jpg 1280w, https:\/\/jorgezanoni.com.br\/2019\/wp-content\/uploads\/2020\/06\/sap-300x200.jpg 300w, https:\/\/jorgezanoni.com.br\/2019\/wp-content\/uploads\/2020\/06\/sap-1024x682.jpg 1024w, https:\/\/jorgezanoni.com.br\/2019\/wp-content\/uploads\/2020\/06\/sap-768x512.jpg 768w, https:\/\/jorgezanoni.com.br\/2019\/wp-content\/uploads\/2020\/06\/sap-696x464.jpg 696w, https:\/\/jorgezanoni.com.br\/2019\/wp-content\/uploads\/2020\/06\/sap-1068x712.jpg 1068w, https:\/\/jorgezanoni.com.br\/2019\/wp-content\/uploads\/2020\/06\/sap-630x420.jpg 630w\" sizes=\"auto, (max-width: 1280px) 100vw, 1280px\" \/> <img loading=\"lazy\" decoding=\"async\" class=\"alignnone size-full wp-image-29503\" src=\"https:\/\/jorgezanoni.com.br\/2019\/wp-content\/uploads\/2020\/06\/sap2.jpg\" alt=\"\" width=\"705\" height=\"523\" srcset=\"https:\/\/jorgezanoni.com.br\/2019\/wp-content\/uploads\/2020\/06\/sap2.jpg 705w, https:\/\/jorgezanoni.com.br\/2019\/wp-content\/uploads\/2020\/06\/sap2-300x223.jpg 300w, https:\/\/jorgezanoni.com.br\/2019\/wp-content\/uploads\/2020\/06\/sap2-80x60.jpg 80w, https:\/\/jorgezanoni.com.br\/2019\/wp-content\/uploads\/2020\/06\/sap2-265x198.jpg 265w, https:\/\/jorgezanoni.com.br\/2019\/wp-content\/uploads\/2020\/06\/sap2-696x516.jpg 696w, https:\/\/jorgezanoni.com.br\/2019\/wp-content\/uploads\/2020\/06\/sap2-566x420.jpg 566w\" sizes=\"auto, (max-width: 705px) 100vw, 705px\" \/> <img loading=\"lazy\" decoding=\"async\" class=\"alignnone size-full wp-image-29504\" src=\"https:\/\/jorgezanoni.com.br\/2019\/wp-content\/uploads\/2020\/06\/sap3.jpg\" alt=\"\" width=\"707\" height=\"521\" srcset=\"https:\/\/jorgezanoni.com.br\/2019\/wp-content\/uploads\/2020\/06\/sap3.jpg 707w, https:\/\/jorgezanoni.com.br\/2019\/wp-content\/uploads\/2020\/06\/sap3-300x221.jpg 300w, https:\/\/jorgezanoni.com.br\/2019\/wp-content\/uploads\/2020\/06\/sap3-80x60.jpg 80w, https:\/\/jorgezanoni.com.br\/2019\/wp-content\/uploads\/2020\/06\/sap3-696x513.jpg 696w, https:\/\/jorgezanoni.com.br\/2019\/wp-content\/uploads\/2020\/06\/sap3-570x420.jpg 570w\" sizes=\"auto, (max-width: 707px) 100vw, 707px\" \/><\/p>\n<p style=\"text-align: justify;\">A Secretaria da Administra\u00e7\u00e3o Penitenci\u00e1ria (SAP) j\u00e1 distribuiu, de mar\u00e7o at\u00e9 o momento, 2.744.620, entre materiais descart\u00e1veis e reutiliz\u00e1veis nas 176 unidades prisionais do Estado para reeducandos e servidores.<\/p>\n<p style=\"text-align: justify;\">Desse total, 400 mil m\u00e1scaras descart\u00e1veis foram adquiridas pela SAP e outras 100 mil recebidas do Governo do Estado. Outras cerca de 1,5 milh\u00e3o de m\u00e1scaras foram recebidas dos Minist\u00e9rios da Justi\u00e7a e Seguran\u00e7a P\u00fablica e da Sa\u00fade, por meio do Departamento Penitenci\u00e1rio Nacional (Depen).<\/p>\n<p style=\"text-align: justify;\">A iniciativa &#8220;Todos pela Sa\u00fade&#8221;, formada pelo Instituto A\u00e7\u00e3o Pela Paz e outras institui\u00e7\u00f5es, por sua vez, doou outras 852.600 m\u00e1scaras reutiliz\u00e1veis ao sistema prisional do estado.<\/p>\n<p style=\"text-align: justify;\">Al\u00e9m disso, o trabalho de distribui\u00e7\u00e3o de Equipamentos de Prote\u00e7\u00e3o Individual (EPIs) tem sido continuo pela pasta visando a prote\u00e7\u00e3o contra a Covid-19. At\u00e9 o momento, foram entregues cerca de 5,5 milh\u00f5es de luvas descart\u00e1veis, 4 mil \u00f3culos de prote\u00e7\u00e3o, 10 mil toucas cir\u00fargicas, 540 protetores faciais tipo face shield, 153.830 aventais descart\u00e1veis.<\/p>\n<p style=\"text-align: justify;\">Neste per\u00edodo, a pasta tamb\u00e9m adquiriu e distribuiu, 74,4 mil litros e cerca de 14 mil frascos de 440g cada de \u00e1lcool em gel para higieniza\u00e7\u00e3o, al\u00e9m de outros itens como \u00e1lcool 70%, sabonete l\u00edquido, detergente, hipoclorito de s\u00f3dio, que continuam sendo obtidos e distribu\u00eddos pela Secretaria.<\/p>\n<p style=\"text-align: justify;\"><b>Produ\u00e7\u00e3o nas penitenci\u00e1rias<\/b><\/p>\n<p style=\"text-align: justify;\">Os reeducandos de v\u00e1rias regi\u00f5es do estado tamb\u00e9m v\u00eam contribuindo para o esfor\u00e7o de produ\u00e7\u00e3o de EPIs para prote\u00e7\u00e3o contra a doen\u00e7a gra\u00e7as \u00e0 parceria entre a SAP e a Funda\u00e7\u00e3o &#8220;Prof. Dr. Manoel Pedro Pimentel&#8221; (Funap). De 25 de mar\u00e7o at\u00e9 o momento, j\u00e1 foram produzidas 4,2 milh\u00f5es de m\u00e1scaras, al\u00e9m de 10 mil escudos de prote\u00e7\u00e3o facial, 25 mil aventais e 7 mil toucas. Os itens s\u00e3o vendidos a pre\u00e7o de custo prioritariamente \u00e0s for\u00e7as de seguran\u00e7a e equipes de sa\u00fade do Estado. Os recursos auferidos s\u00e3o utilizados para remunerar os reeducandos com \u00be sal\u00e1rio m\u00ednimo, conforme determina a legisla\u00e7\u00e3o, al\u00e9m de adquirir insumos para a produ\u00e7\u00e3o.<\/p>\n<\/div>\n<div>\n<div id=\"Signature\">\n<div>\n<div style=\"text-align: justify;\">Respeitosamente,<\/div>\n<div style=\"text-align: justify;\"><\/div>\n<div style=\"text-align: justify;\"><img decoding=\"async\" class=\"EmojiInsert\" src=\"https:\/\/jorgezanoni.com.br:2096\/cpsess2652329045\/3rdparty\/roundcube\/?_task=mail&amp;_action=get&amp;_mbox=INBOX&amp;_uid=16073&amp;_token=wXXCYswZ2j4SjqFLiIPmL5EnZOy8qKXR&amp;_part=1.2&amp;_embed=1&amp;_mimeclass=image\" \/><\/div>\n<\/div>\n<\/div>\n<\/div>\n","protected":false},"excerpt":{"rendered":"<p>Al\u00e9m de insumos adquiridos pela Secretaria da Administra\u00e7\u00e3o Penitenci\u00e1ria, tamb\u00e9m h\u00e1 outros provenientes de doa\u00e7\u00f5es. A Secretaria da Administra\u00e7\u00e3o Penitenci\u00e1ria (SAP) j\u00e1 distribuiu, de mar\u00e7o at\u00e9 o momento, 2.744.620, entre materiais descart\u00e1veis e reutiliz\u00e1veis nas 176 unidades prisionais do Estado para reeducandos e servidores. Desse total, 400 mil m\u00e1scaras descart\u00e1veis foram adquiridas pela SAP e [&hellip;]<\/p>\n","protected":false},"author":1,"featured_media":29502,"comment_status":"closed","ping_status":"open","sticky":false,"template":"","format":"standard","meta":{"footnotes":""},"categories":[114,110],"tags":[],"class_list":["post-29500","post","type-post","status-publish","format-standard","has-post-thumbnail","hentry","category-geralecomercio","category-noticiasdestaque"],"_links":{"self":[{"href":"https:\/\/jorgezanoni.com.br\/2019\/wp-json\/wp\/v2\/posts\/29500","targetHints":{"allow":["GET"]}}],"collection":[{"href":"https:\/\/jorgezanoni.com.br\/2019\/wp-json\/wp\/v2\/posts"}],"about":[{"href":"https:\/\/jorgezanoni.com.br\/2019\/wp-json\/wp\/v2\/types\/post"}],"author":[{"embeddable":true,"href":"https:\/\/jorgezanoni.com.br\/2019\/wp-json\/wp\/v2\/users\/1"}],"replies":[{"embeddable":true,"href":"https:\/\/jorgezanoni.com.br\/2019\/wp-json\/wp\/v2\/comments?post=29500"}],"version-history":[{"count":0,"href":"https:\/\/jorgezanoni.com.br\/2019\/wp-json\/wp\/v2\/posts\/29500\/revisions"}],"wp:featuredmedia":[{"embeddable":true,"href":"https:\/\/jorgezanoni.com.br\/2019\/wp-json\/wp\/v2\/media\/29502"}],"wp:attachment":[{"href":"https:\/\/jorgezanoni.com.br\/2019\/wp-json\/wp\/v2\/media?parent=29500"}],"wp:term":[{"taxonomy":"category","embeddable":true,"href":"https:\/\/jorgezanoni.com.br\/2019\/wp-json\/wp\/v2\/categories?post=29500"},{"taxonomy":"post_tag","embeddable":true,"href":"https:\/\/jorgezanoni.com.br\/2019\/wp-json\/wp\/v2\/tags?post=29500"}],"curies":[{"name":"wp","href":"https:\/\/api.w.org\/{rel}","templated":true}]}}