{"id":29459,"date":"2020-06-27T14:58:02","date_gmt":"2020-06-27T14:58:02","guid":{"rendered":"https:\/\/jorgezanoni.com.br\/2019\/?p=29459"},"modified":"2020-06-27T14:58:40","modified_gmt":"2020-06-27T14:58:40","slug":"temporal-causa-estragos-em-cidades-na-regiao-de-marilia","status":"publish","type":"post","link":"https:\/\/jorgezanoni.com.br\/2019\/temporal-causa-estragos-em-cidades-na-regiao-de-marilia\/","title":{"rendered":"Temporal causa estragos em cidades na regi\u00e3o de Mar\u00edlia"},"content":{"rendered":"<h2 class=\"content-head__subtitle\" style=\"text-align: justify;\"><strong>Um dos locais mais atingidos foi Varpa, distrito de Tup\u00e3. Queda de \u00e1rvore deixou regi\u00e3o central de Mar\u00edlia sem energia.<\/strong><\/h2>\n<div id=\"fb-root\"><\/div>\n<p><script async=\"1\" defer=\"1\" crossorigin=\"anonymous\" src=\"https:\/\/connect.facebook.net\/en_US\/sdk.js#xfbml=1&amp;version=v7.0\" nonce=\"oDvFZmLd\"><\/script><\/p>\n<div class=\"fb-video\" data-href=\"https:\/\/www.facebook.com\/maistupan\/videos\/267805091331305\/\" data-width=\"696\">\n<blockquote cite=\"https:\/\/www.facebook.com\/maistupan\/videos\/267805091331305\/\" class=\"fb-xfbml-parse-ignore\"><p><a href=\"https:\/\/www.facebook.com\/maistupan\/videos\/267805091331305\/\">Destrui\u00e7\u00e3o em Varpa<\/a><\/p>\n<p>#URGENTEChuva da madrugada deste s\u00e1bado causou destrui\u00e7\u00e3o em Varpa.<\/p>\n<p>Posted by <a href=\"https:\/\/www.facebook.com\/maistupan\/\">Mais Tup\u00e3<\/a> on Saturday, June 27, 2020<\/p><\/blockquote>\n<\/div>\n<p>V\u00eddeo Mais Tup\u00e3<\/p>\n<div class=\"mc-column content-text active-extra-styles \" data-block-type=\"unstyled\" data-block-weight=\"21\" data-block-id=\"2\">\n<p class=\"content-text__container \" style=\"text-align: justify;\" data-track-category=\"Link no Texto\" data-track-links=\"\">Um forte temporal atingiu a regi\u00e3o de Mar\u00edlia (SP) na madrugada deste s\u00e1bado (27) e deixou estragos em v\u00e1rias cidades.<\/p>\n<\/div>\n<div class=\"wall protected-content\">\n<div class=\"mc-column content-text active-extra-styles \" style=\"text-align: justify;\" data-block-type=\"unstyled\" data-block-weight=\"34\" data-block-id=\"3\">\n<p class=\"content-text__container \" data-track-category=\"Link no Texto\" data-track-links=\"\">Um dos locais mais atingidos, especialmente pelos fortes ventos, foi Varpa, distrito de Tup\u00e3, onde casas foram destelhadas, \u00e1rvores tombaram e muros ca\u00edram. Como a fia\u00e7\u00e3o foi atingida por galhos, a energia foi interrompida.<\/p>\n<\/div>\n<div class=\"mc-column content-text active-extra-styles \" style=\"text-align: justify;\" data-block-type=\"unstyled\" data-block-weight=\"19\" data-block-id=\"4\">\n<p class=\"content-text__container \" data-track-category=\"Link no Texto\" data-track-links=\"\">O Corpo de Bombeiros de Tup\u00e3 precisou desobstruir a vicinal que d\u00e1 acesso a Varpa, onde \u00e1rvores ca\u00edram.<\/p>\n<\/div>\n<div class=\"mc-column content-text active-extra-styles \" style=\"text-align: justify;\" data-block-type=\"unstyled\" data-block-weight=\"39\" data-block-id=\"5\">\n<p class=\"content-text__container \" data-track-category=\"Link no Texto\" data-track-links=\"\">H\u00e1 relatos tamb\u00e9m de queda de energia em v\u00e1rias cidades, como Tup\u00e3, Mar\u00edlia, Gar\u00e7a, Quintana e Iacri. Consultada, a CPFL Paulista, concession\u00e1ria de energia el\u00e9trica na regi\u00e3o, ainda n\u00e3o informou previs\u00e3o de restabelecimento para a maior parte das cidades.<\/p>\n<\/div>\n<div class=\"mc-column content-text active-extra-styles \" style=\"text-align: justify;\" data-block-type=\"unstyled\" data-block-weight=\"62\" data-block-id=\"6\">\n<p class=\"content-text__container \" data-track-category=\"Link no Texto\" data-track-links=\"\">De acordo com o Instituto Nacional de Meteorologia (Inmet), no per\u00edodo de 24 horas, at\u00e9 as 10h deste s\u00e1bado, choveu 67,6 mm na regi\u00e3o. Na sexta-feira o Inmet, divulgou um alerta para chuva forte e vendaval na regi\u00e3o, com indica\u00e7\u00e3o de ventos de 60 km\/h a 100 kh\/h. Ainda alertou para o risco de descargas el\u00e9tricas e interrup\u00e7\u00e3o no fornecimento de energia.\/\/<\/p>\n<\/div>\n<div class=\"mc-column content-text active-extra-styles \" style=\"text-align: justify;\" data-block-type=\"unstyled\" data-block-weight=\"61\" data-block-id=\"7\">\n<p class=\"content-text__container \" data-track-category=\"Link no Texto\" data-track-links=\"\">Em Mar\u00edlia, a interrup\u00e7\u00e3o de energia aconteceu na regi\u00e3o central da cidade em fun\u00e7\u00e3o da queda de uma \u00e1rvore. Segundo o Inmet, os ventos chegaram a 65 km\/h. Na zona norte, uma lanchonete teve os vidros quebrados pela for\u00e7a dos ventos. Na vicinal que liga a cidade ao distrito de Avencas v\u00e1rias pedras se desprenderam e ficaram no meio da via.<\/p>\n<\/div>\n<div class=\"row medium-uncollapsed content-media content-photo\" style=\"text-align: justify;\" data-block-type=\"backstage-photo\" data-block-id=\"9\">\n<div class=\"mc-column content-media__container\">\n<figure><img decoding=\"async\" class=\"i-amphtml-fill-content i-amphtml-replaced-content\" src=\"https:\/\/s2.glbimg.com\/Yqenw2Ob4ZB6rAxd6sb9cSVZQh0=\/0x0:1280x720\/984x0\/smart\/filters:strip_icc()\/i.s3.glbimg.com\/v1\/AUTH_59edd422c0c84a879bd37670ae4f538a\/internal_photos\/bs\/2020\/p\/s\/sDQ9m5Qb2YotNwsRdaEA\/mra1.jpeg\" sizes=\"(max-width: 1242px) 648px, 100vw\" srcset=\"https:\/\/s2.glbimg.com\/BaRm_5vTWI5oWGa59lgSjPeYFgU=\/0x0:1280x720\/1000x0\/smart\/filters:strip_icc()\/i.s3.glbimg.com\/v1\/AUTH_59edd422c0c84a879bd37670ae4f538a\/internal_photos\/bs\/2020\/p\/s\/sDQ9m5Qb2YotNwsRdaEA\/mra1.jpeg 1000w, https:\/\/s2.glbimg.com\/Yqenw2Ob4ZB6rAxd6sb9cSVZQh0=\/0x0:1280x720\/984x0\/smart\/filters:strip_icc()\/i.s3.glbimg.com\/v1\/AUTH_59edd422c0c84a879bd37670ae4f538a\/internal_photos\/bs\/2020\/p\/s\/sDQ9m5Qb2YotNwsRdaEA\/mra1.jpeg 984w, https:\/\/s2.glbimg.com\/8BZDf76y5wf094QFxtnnh9IQeXM=\/0x0:1280x720\/640x0\/smart\/filters:strip_icc()\/i.s3.glbimg.com\/v1\/AUTH_59edd422c0c84a879bd37670ae4f538a\/internal_photos\/bs\/2020\/p\/s\/sDQ9m5Qb2YotNwsRdaEA\/mra1.jpeg 640w, https:\/\/s2.glbimg.com\/nYmU5SjgvECY6bu0ZNDXyg7CCIE=\/0x0:1280x720\/600x0\/smart\/filters:strip_icc()\/i.s3.glbimg.com\/v1\/AUTH_59edd422c0c84a879bd37670ae4f538a\/internal_photos\/bs\/2020\/p\/s\/sDQ9m5Qb2YotNwsRdaEA\/mra1.jpeg 600w\" alt=\"Uma, lanchonete na zona norte de Mar\u00edlia teve os vidros quebrados durante o temporal \u2014 Foto: Arquivo pessoal\" \/><\/figure>\n<p class=\"content-media__description \">Uma, lanchonete na zona norte de Mar\u00edlia teve os vidros quebrados durante o temporal \u2014 Foto: Arquivo pessoal<\/p>\n<\/div>\n<\/div>\n<div class=\"mc-column content-text active-extra-styles \" style=\"text-align: justify;\" data-block-type=\"unstyled\" data-block-weight=\"36\" data-block-id=\"10\">\n<p class=\"content-text__container \" data-track-category=\"Link no Texto\" data-track-links=\"\">Segundo o Corpo de Bombeiros de Mar\u00edlia, 25 \u00e1rvores ca\u00edram na cidade com a for\u00e7a dos ventos e foram registrados ainda um destelhamento, uma inunda\u00e7\u00e3o e tr\u00eas quedas de fios energizadas. N\u00e3o h\u00e1 registro de v\u00edtimas.<\/p>\n<\/div>\n<div class=\"mc-column content-text active-extra-styles \" style=\"text-align: justify;\" data-block-type=\"unstyled\" data-block-weight=\"27\" data-block-id=\"11\">\n<p class=\"content-text__container \" data-track-category=\"Link no Texto\" data-track-links=\"\">Em nota, a CPFL Paulista informou que as equipes de manuten\u00e7\u00e3o trabalham na regi\u00e3o central de Mar\u00edlia e que a energia deve ser restabelecida at\u00e9 o meio-dia.<\/p>\n<\/div>\n<div class=\"mc-column content-text active-extra-styles \" style=\"text-align: justify;\" data-block-type=\"unstyled\" data-block-weight=\"10\" data-block-id=\"12\">\n<p class=\"content-text__container \" data-track-category=\"Link no Texto\" data-track-links=\"\"><em>Veja mais not\u00edcias da regi\u00e3o no\u00a0<\/em><a href=\"http:\/\/g1.globo.com\/sp\/bauru-marilia\/\"><em>G1 Bauru e Mar\u00edlia<\/em><\/a><em>.<\/em><\/p>\n<\/div>\n<div class=\"row medium-uncollapsed content-media content-photo\" style=\"text-align: justify;\" data-block-type=\"backstage-photo\" data-block-id=\"13\">\n<div class=\"mc-column content-media__container\">\n<figure><img decoding=\"async\" class=\"i-amphtml-fill-content i-amphtml-replaced-content\" src=\"https:\/\/s2.glbimg.com\/A_u2wDrA-nUSZImCFxkP0f7GPfA=\/0x0:1280x960\/984x0\/smart\/filters:strip_icc()\/i.s3.glbimg.com\/v1\/AUTH_59edd422c0c84a879bd37670ae4f538a\/internal_photos\/bs\/2020\/O\/a\/76BB6RTj66yy84ofCVBA\/redes-sociais-2-.jpeg\" sizes=\"(max-width: 1242px) 648px, 100vw\" srcset=\"https:\/\/s2.glbimg.com\/pGWw8I4jKCHppQZGrgxQw1c58Xg=\/0x0:1280x960\/1000x0\/smart\/filters:strip_icc()\/i.s3.glbimg.com\/v1\/AUTH_59edd422c0c84a879bd37670ae4f538a\/internal_photos\/bs\/2020\/O\/a\/76BB6RTj66yy84ofCVBA\/redes-sociais-2-.jpeg 1000w, https:\/\/s2.glbimg.com\/A_u2wDrA-nUSZImCFxkP0f7GPfA=\/0x0:1280x960\/984x0\/smart\/filters:strip_icc()\/i.s3.glbimg.com\/v1\/AUTH_59edd422c0c84a879bd37670ae4f538a\/internal_photos\/bs\/2020\/O\/a\/76BB6RTj66yy84ofCVBA\/redes-sociais-2-.jpeg 984w, https:\/\/s2.glbimg.com\/7yXYVGD155z2RvqIAJtoyGHqFxw=\/0x0:1280x960\/640x0\/smart\/filters:strip_icc()\/i.s3.glbimg.com\/v1\/AUTH_59edd422c0c84a879bd37670ae4f538a\/internal_photos\/bs\/2020\/O\/a\/76BB6RTj66yy84ofCVBA\/redes-sociais-2-.jpeg 640w, https:\/\/s2.glbimg.com\/6owX-qWERq7UJ6iia-8nxSvnJJA=\/0x0:1280x960\/600x0\/smart\/filters:strip_icc()\/i.s3.glbimg.com\/v1\/AUTH_59edd422c0c84a879bd37670ae4f538a\/internal_photos\/bs\/2020\/O\/a\/76BB6RTj66yy84ofCVBA\/redes-sociais-2-.jpeg 600w\" alt=\"\u00c1rvores ca\u00edram na vicinal entre Tup\u00e3 e Varpa e interromperam o aceso ao distrito \u2014 Foto: Arquivo pessoal\" \/><\/figure>\n<p class=\"content-media__description \">\u00c1rvores ca\u00edram na vicinal entre Tup\u00e3 e Varpa e interromperam o aceso ao distrito \u2014 Foto: Arquivo pessoal<\/p>\n<\/div>\n<\/div>\n<div class=\"row medium-uncollapsed content-media content-photo\" style=\"text-align: justify;\" data-block-type=\"backstage-photo\" data-block-id=\"14\">\n<div class=\"mc-column content-media__container\">\n<figure><img decoding=\"async\" class=\"i-amphtml-fill-content i-amphtml-replaced-content\" src=\"https:\/\/s2.glbimg.com\/Hmsng5XkIJWCMAAUcbc5lGa2kqg=\/0x0:1280x960\/984x0\/smart\/filters:strip_icc()\/i.s3.glbimg.com\/v1\/AUTH_59edd422c0c84a879bd37670ae4f538a\/internal_photos\/bs\/2020\/H\/C\/4rDZ7gQGyahh7A5dbAig\/redes-sociais-6-.jpeg\" sizes=\"(max-width: 1242px) 648px, 100vw\" srcset=\"https:\/\/s2.glbimg.com\/0qc-Bxy9c_bAqc4erpdOzotOjdQ=\/0x0:1280x960\/1000x0\/smart\/filters:strip_icc()\/i.s3.glbimg.com\/v1\/AUTH_59edd422c0c84a879bd37670ae4f538a\/internal_photos\/bs\/2020\/H\/C\/4rDZ7gQGyahh7A5dbAig\/redes-sociais-6-.jpeg 1000w, https:\/\/s2.glbimg.com\/Hmsng5XkIJWCMAAUcbc5lGa2kqg=\/0x0:1280x960\/984x0\/smart\/filters:strip_icc()\/i.s3.glbimg.com\/v1\/AUTH_59edd422c0c84a879bd37670ae4f538a\/internal_photos\/bs\/2020\/H\/C\/4rDZ7gQGyahh7A5dbAig\/redes-sociais-6-.jpeg 984w, https:\/\/s2.glbimg.com\/a6dTjnXVk1jcDA3f5wF1rRrx3Ik=\/0x0:1280x960\/640x0\/smart\/filters:strip_icc()\/i.s3.glbimg.com\/v1\/AUTH_59edd422c0c84a879bd37670ae4f538a\/internal_photos\/bs\/2020\/H\/C\/4rDZ7gQGyahh7A5dbAig\/redes-sociais-6-.jpeg 640w, https:\/\/s2.glbimg.com\/_HzE_p_yeDfazZaVT1gAYNahxBo=\/0x0:1280x960\/600x0\/smart\/filters:strip_icc()\/i.s3.glbimg.com\/v1\/AUTH_59edd422c0c84a879bd37670ae4f538a\/internal_photos\/bs\/2020\/H\/C\/4rDZ7gQGyahh7A5dbAig\/redes-sociais-6-.jpeg 600w\" alt=\"Em Varpa, ventos fortes derrubaram muros e destalharam casas \u2014 Foto: Arquivo pessoal\" \/><\/figure>\n<p class=\"content-media__description \">Em Varpa, ventos fortes derrubaram muros e destalharam casas \u2014 Foto: Arquivo pessoal<\/p>\n<\/div>\n<\/div>\n<div class=\"row medium-uncollapsed content-media content-photo\" style=\"text-align: justify;\" data-block-type=\"backstage-photo\" data-block-id=\"16\">\n<div class=\"mc-column content-media__container\">\n<figure><img decoding=\"async\" class=\"i-amphtml-fill-content i-amphtml-replaced-content\" src=\"https:\/\/s2.glbimg.com\/rerZlN9gghlcclwCLpjw7ANeOsw=\/0x0:1280x960\/984x0\/smart\/filters:strip_icc()\/i.s3.glbimg.com\/v1\/AUTH_59edd422c0c84a879bd37670ae4f538a\/internal_photos\/bs\/2020\/2\/Y\/ZgRqhmS16pWXPg8FRKfQ\/redes-sociais-4-.jpeg\" sizes=\"(max-width: 1242px) 648px, 100vw\" srcset=\"https:\/\/s2.glbimg.com\/kqC3IWhfSUpXbynZ0tyXT0LiSHA=\/0x0:1280x960\/1000x0\/smart\/filters:strip_icc()\/i.s3.glbimg.com\/v1\/AUTH_59edd422c0c84a879bd37670ae4f538a\/internal_photos\/bs\/2020\/2\/Y\/ZgRqhmS16pWXPg8FRKfQ\/redes-sociais-4-.jpeg 1000w, https:\/\/s2.glbimg.com\/rerZlN9gghlcclwCLpjw7ANeOsw=\/0x0:1280x960\/984x0\/smart\/filters:strip_icc()\/i.s3.glbimg.com\/v1\/AUTH_59edd422c0c84a879bd37670ae4f538a\/internal_photos\/bs\/2020\/2\/Y\/ZgRqhmS16pWXPg8FRKfQ\/redes-sociais-4-.jpeg 984w, https:\/\/s2.glbimg.com\/r1fCfcyBuzBXXxqeMH_S36-4hu4=\/0x0:1280x960\/640x0\/smart\/filters:strip_icc()\/i.s3.glbimg.com\/v1\/AUTH_59edd422c0c84a879bd37670ae4f538a\/internal_photos\/bs\/2020\/2\/Y\/ZgRqhmS16pWXPg8FRKfQ\/redes-sociais-4-.jpeg 640w, https:\/\/s2.glbimg.com\/Sum7wDU9Fzb84eXtxHJRzPiBwk4=\/0x0:1280x960\/600x0\/smart\/filters:strip_icc()\/i.s3.glbimg.com\/v1\/AUTH_59edd422c0c84a879bd37670ae4f538a\/internal_photos\/bs\/2020\/2\/Y\/ZgRqhmS16pWXPg8FRKfQ\/redes-sociais-4-.jpeg 600w\" alt=\"Ruas do distrito ficaram interrompidas pela queda de \u00e1rvores e da fia\u00e7\u00e3o de energia el\u00e9trica \u2014 Foto: Arquivo pessoal\" \/><\/figure>\n<p class=\"content-media__description \">Ruas do distrito ficaram interrompidas pela queda de \u00e1rvores e da fia\u00e7\u00e3o de energia el\u00e9trica \u2014 Foto: Arquivo pessoal<\/p>\n<p>Fonte: G1<\/p>\n<\/div>\n<\/div>\n<div data-track-category=\"multicontent\" data-track-action=\"ultimo chunk conteudo\" data-track-noninteraction=\"false\" data-track-scroll=\"view\">\n<div class=\"block-podcast\" style=\"text-align: justify;\"><\/div>\n<\/div>\n<\/div>\n","protected":false},"excerpt":{"rendered":"<p>Um dos locais mais atingidos foi Varpa, distrito de Tup\u00e3. Queda de \u00e1rvore deixou regi\u00e3o central de Mar\u00edlia sem energia. Destrui\u00e7\u00e3o em Varpa #URGENTEChuva da madrugada deste s\u00e1bado causou destrui\u00e7\u00e3o em Varpa. Posted by Mais Tup\u00e3 on Saturday, June 27, 2020 V\u00eddeo Mais Tup\u00e3 Um forte temporal atingiu a regi\u00e3o de Mar\u00edlia (SP) na madrugada [&hellip;]<\/p>\n","protected":false},"author":1,"featured_media":29460,"comment_status":"closed","ping_status":"open","sticky":false,"template":"","format":"video","meta":{"footnotes":""},"categories":[114,110,169],"tags":[],"class_list":["post-29459","post","type-post","status-publish","format-video","has-post-thumbnail","hentry","category-geralecomercio","category-noticiasdestaque","category-videos","post_format-post-format-video"],"_links":{"self":[{"href":"https:\/\/jorgezanoni.com.br\/2019\/wp-json\/wp\/v2\/posts\/29459","targetHints":{"allow":["GET"]}}],"collection":[{"href":"https:\/\/jorgezanoni.com.br\/2019\/wp-json\/wp\/v2\/posts"}],"about":[{"href":"https:\/\/jorgezanoni.com.br\/2019\/wp-json\/wp\/v2\/types\/post"}],"author":[{"embeddable":true,"href":"https:\/\/jorgezanoni.com.br\/2019\/wp-json\/wp\/v2\/users\/1"}],"replies":[{"embeddable":true,"href":"https:\/\/jorgezanoni.com.br\/2019\/wp-json\/wp\/v2\/comments?post=29459"}],"version-history":[{"count":0,"href":"https:\/\/jorgezanoni.com.br\/2019\/wp-json\/wp\/v2\/posts\/29459\/revisions"}],"wp:featuredmedia":[{"embeddable":true,"href":"https:\/\/jorgezanoni.com.br\/2019\/wp-json\/wp\/v2\/media\/29460"}],"wp:attachment":[{"href":"https:\/\/jorgezanoni.com.br\/2019\/wp-json\/wp\/v2\/media?parent=29459"}],"wp:term":[{"taxonomy":"category","embeddable":true,"href":"https:\/\/jorgezanoni.com.br\/2019\/wp-json\/wp\/v2\/categories?post=29459"},{"taxonomy":"post_tag","embeddable":true,"href":"https:\/\/jorgezanoni.com.br\/2019\/wp-json\/wp\/v2\/tags?post=29459"}],"curies":[{"name":"wp","href":"https:\/\/api.w.org\/{rel}","templated":true}]}}