{"id":29456,"date":"2020-06-27T14:37:52","date_gmt":"2020-06-27T14:37:52","guid":{"rendered":"https:\/\/jorgezanoni.com.br\/2019\/?p=29456"},"modified":"2020-06-27T14:38:17","modified_gmt":"2020-06-27T14:38:17","slug":"cidades-da-regiao-registram-queda-de-arvores-e-destelhamentos-apos-temporal","status":"publish","type":"post","link":"https:\/\/jorgezanoni.com.br\/2019\/cidades-da-regiao-registram-queda-de-arvores-e-destelhamentos-apos-temporal\/","title":{"rendered":"Cidades da regi\u00e3o registram queda de \u00e1rvores e destelhamentos ap\u00f3s temporal"},"content":{"rendered":"<h2 class=\"content-head__subtitle\" style=\"text-align: justify;\"><strong>Defesa Civil de Martin\u00f3polis informou que choveu 90 mil\u00edmetros no distrito de Te\u00e7aind\u00e1. Ocorr\u00eancias foram entre sexta-feira (26) e este s\u00e1bado (27).<\/strong><\/h2>\n<div class=\"mc-column content-text active-extra-styles \" data-block-type=\"unstyled\" data-block-weight=\"22\" data-block-id=\"2\">\n<p class=\"content-text__container \" style=\"text-align: justify;\" data-track-category=\"Link no Texto\" data-track-links=\"\">O forte temporal entre a noite desta sexta-feira (26) e a madrugada deste s\u00e1bado (27) tamb\u00e9m atingiu v\u00e1rias em cidades da regi\u00e3o.<\/p>\n<\/div>\n<div class=\"wall protected-content\">\n<div class=\"mc-column content-text active-extra-styles \" style=\"text-align: justify;\" data-block-type=\"unstyled\" data-block-weight=\"51\" data-block-id=\"3\">\n<p class=\"content-text__container \" data-track-category=\"Link no Texto\" data-track-links=\"\">Em\u00a0<a href=\"https:\/\/g1.globo.com\/sp\/presidente-prudente-regiao\/cidade\/martinopolis-sp\/\">Martin\u00f3polis<\/a>, a Defesa Civil atendeu ocorr\u00eancias no Centro, Vila Alegrete, e nos bairros Helio Nastari, Jo\u00e3o Cordeiro, Pedro e Zulmira Bergamini. De acordo com o relat\u00f3rio do \u00f3rg\u00e3o, al\u00e9m da queda de \u00e1rvores, houve alagamento na Avenida Dr. F\u00e1bio Dal Fabro, destelhamento parcial em um im\u00f3vel no Bairro Helio Nastari.<\/p>\n<\/div>\n<div class=\"mc-column content-text active-extra-styles \" style=\"text-align: justify;\" data-block-type=\"unstyled\" data-block-weight=\"44\" data-block-id=\"4\">\n<p class=\"content-text__container \" data-track-category=\"Link no Texto\" data-track-links=\"\">Conforme dados do Departamento de Agricultura e Abastecimento de Martin\u00f3polis foram registrados no distrito de Te\u00e7aind\u00e1 90 mil\u00edmetros de chuva. Em uma propriedade rural pr\u00f3xima ao distrito de Guachos foram 65 mil\u00edmetros e em outro local perto da entrada do munic\u00edpio foram 75 mil\u00edmetros.<\/p>\n<\/div>\n<div class=\"mc-column content-text active-extra-styles \" style=\"text-align: justify;\" data-block-type=\"unstyled\" data-block-weight=\"51\" data-block-id=\"5\">\n<p class=\"content-text__container \" data-track-category=\"Link no Texto\" data-track-links=\"\">No momento da tempestade, equipes do Corpo de Bombeiros e da Guarda Municipal realizaram o primeiro atendimento \u00e0 popula\u00e7\u00e3o. Em seguida, equipes da Coordenadoria Municipal de Prote\u00e7\u00e3o e Defesa Civil (Compdec) iniciaram os trabalhos t\u00e9cnicos, sendo acionado o Departamento de Almoxarifado para remo\u00e7\u00e3o das \u00e1rvores danificadas e limpeza das \u00e1reas afetadas.<\/p>\n<\/div>\n<div class=\"mc-column content-text active-extra-styles \" style=\"text-align: justify;\" data-block-type=\"unstyled\" data-block-weight=\"13\" data-block-id=\"6\">\n<p class=\"content-text__container \" data-track-category=\"Link no Texto\" data-track-links=\"\">A Defesa Civil informou que n\u00e3o houve mortos, feridos, desabrigados ou desalojados.<\/p>\n<\/div>\n<div class=\"mc-column content-text active-extra-styles \" style=\"text-align: justify;\" data-block-type=\"unstyled\" data-block-weight=\"45\" data-block-id=\"7\">\n<p class=\"content-text__container \" data-track-category=\"Link no Texto\" data-track-links=\"\">No Jardim Panorama, em\u00a0<a href=\"https:\/\/g1.globo.com\/sp\/presidente-prudente-regiao\/cidade\/alvares-machado\/\">\u00c1lvares Machado<\/a>, tamb\u00e9m teve queda de galhos. Em\u00a0<a href=\"https:\/\/g1.globo.com\/sp\/presidente-prudente-regiao\/cidade\/anhumas\/\">Anhumas<\/a>, uma \u00e1rvore caiu em cima do port\u00e3o de uma casa. No bairro rural Sete Copas, em\u00a0<a href=\"https:\/\/g1.globo.com\/sp\/presidente-prudente-regiao\/cidade\/indiana\/\">Indiana<\/a>, uma mangueira caiu sobre a estrada e um barrac\u00e3o com implementos agr\u00edcolas teve telhas arrancadas.<\/p>\n<\/div>\n<div class=\"mc-column content-text active-extra-styles \" style=\"text-align: justify;\" data-block-type=\"unstyled\" data-block-weight=\"11\" data-block-id=\"9\">\n<p class=\"content-text__container \" data-track-category=\"Link no Texto\" data-track-links=\"\">Em\u00a0<a href=\"https:\/\/g1.globo.com\/sp\/presidente-prudente-regiao\/cidade\/presidente-prudente\/\">Presidente Prudente<\/a>, tamb\u00e9m houve\u00a0<a href=\"https:\/\/g1.globo.com\/sp\/presidente-prudente-regiao\/noticia\/2020\/06\/27\/forte-chuva-ventos-e-granizo-causam-estragos-em-bairros-de-presidente-prudente.ghtml\">registro de estragos causados pelo temporal<\/a>.<\/p>\n<\/div>\n<div class=\"mc-column content-text active-extra-styles\" style=\"text-align: justify;\" data-block-type=\"raw\" data-block-weight=\"14\" data-block-id=\"10\">\n<ul class=\"content-unordered-list\">\n<li><a href=\"https:\/\/g1.globo.com\/sp\/presidente-prudente-regiao\/noticia\/2020\/06\/27\/forte-chuva-ventos-e-granizo-causam-estragos-em-bairros-de-presidente-prudente.ghtml\">Forte chuva, ventos e granizo causam estragos em bairros de Presidente Prudente; veja V\u00cdDEO<\/a><\/li>\n<\/ul>\n<\/div>\n<div class=\"row medium-uncollapsed content-media content-photo\" style=\"text-align: justify;\" data-block-type=\"backstage-photo\" data-block-id=\"11\">\n<div class=\"mc-column content-media__container\">\n<figure><img decoding=\"async\" class=\"i-amphtml-fill-content i-amphtml-replaced-content\" src=\"https:\/\/s2.glbimg.com\/hQMJqehxy_2XmlXYVVPyQAS_0II=\/0x0:1152x648\/984x0\/smart\/filters:strip_icc()\/i.s3.glbimg.com\/v1\/AUTH_59edd422c0c84a879bd37670ae4f538a\/internal_photos\/bs\/2020\/c\/X\/7U40FeTmWwFNVKT2euSg\/whatsapp-image-2020-06-27-at-10.49.46.jpeg\" sizes=\"(max-width: 1242px) 648px, 100vw\" srcset=\"https:\/\/s2.glbimg.com\/9cP1oT4O8afvkcuhMVxWvIXvrzQ=\/0x0:1152x648\/1000x0\/smart\/filters:strip_icc()\/i.s3.glbimg.com\/v1\/AUTH_59edd422c0c84a879bd37670ae4f538a\/internal_photos\/bs\/2020\/c\/X\/7U40FeTmWwFNVKT2euSg\/whatsapp-image-2020-06-27-at-10.49.46.jpeg 1000w, https:\/\/s2.glbimg.com\/hQMJqehxy_2XmlXYVVPyQAS_0II=\/0x0:1152x648\/984x0\/smart\/filters:strip_icc()\/i.s3.glbimg.com\/v1\/AUTH_59edd422c0c84a879bd37670ae4f538a\/internal_photos\/bs\/2020\/c\/X\/7U40FeTmWwFNVKT2euSg\/whatsapp-image-2020-06-27-at-10.49.46.jpeg 984w, https:\/\/s2.glbimg.com\/Rg--BIJaqrnhQ88axnWIZ6njkHk=\/0x0:1152x648\/640x0\/smart\/filters:strip_icc()\/i.s3.glbimg.com\/v1\/AUTH_59edd422c0c84a879bd37670ae4f538a\/internal_photos\/bs\/2020\/c\/X\/7U40FeTmWwFNVKT2euSg\/whatsapp-image-2020-06-27-at-10.49.46.jpeg 640w, https:\/\/s2.glbimg.com\/mCAD99SRVF3dDfrrc9Cxm_1mz3A=\/0x0:1152x648\/600x0\/smart\/filters:strip_icc()\/i.s3.glbimg.com\/v1\/AUTH_59edd422c0c84a879bd37670ae4f538a\/internal_photos\/bs\/2020\/c\/X\/7U40FeTmWwFNVKT2euSg\/whatsapp-image-2020-06-27-at-10.49.46.jpeg 600w\" alt=\"Barrac\u00e3o no bairro rural Sete Copas, em Indiana, foi destelhado \u2014 Foto: Tiago Rodrigues\/TV Fronteira\" \/><\/figure>\n<p class=\"content-media__description \">Barrac\u00e3o no bairro rural Sete Copas, em Indiana, foi destelhado \u2014 Foto: Tiago Rodrigues\/TV Fronteira<\/p>\n<\/div>\n<\/div>\n<div class=\"row medium-uncollapsed content-media content-photo\" style=\"text-align: justify;\" data-block-type=\"backstage-photo\" data-block-id=\"12\">\n<div class=\"mc-column content-media__container\">\n<figure><img decoding=\"async\" class=\"i-amphtml-fill-content i-amphtml-replaced-content\" src=\"https:\/\/s2.glbimg.com\/N9uWDOHpuv4CXTsTflSBLmIg3Ho=\/0x0:1152x648\/984x0\/smart\/filters:strip_icc()\/i.s3.glbimg.com\/v1\/AUTH_59edd422c0c84a879bd37670ae4f538a\/internal_photos\/bs\/2020\/S\/n\/fvfKOBSOSASVno9PJBsA\/whatsapp-image-2020-06-27-at-10.45.26.jpeg\" sizes=\"(max-width: 1242px) 648px, 100vw\" srcset=\"https:\/\/s2.glbimg.com\/rKnd3nW9uV84JRR50JhzPer-2kM=\/0x0:1152x648\/1000x0\/smart\/filters:strip_icc()\/i.s3.glbimg.com\/v1\/AUTH_59edd422c0c84a879bd37670ae4f538a\/internal_photos\/bs\/2020\/S\/n\/fvfKOBSOSASVno9PJBsA\/whatsapp-image-2020-06-27-at-10.45.26.jpeg 1000w, https:\/\/s2.glbimg.com\/N9uWDOHpuv4CXTsTflSBLmIg3Ho=\/0x0:1152x648\/984x0\/smart\/filters:strip_icc()\/i.s3.glbimg.com\/v1\/AUTH_59edd422c0c84a879bd37670ae4f538a\/internal_photos\/bs\/2020\/S\/n\/fvfKOBSOSASVno9PJBsA\/whatsapp-image-2020-06-27-at-10.45.26.jpeg 984w, https:\/\/s2.glbimg.com\/mMW_UCSrLrnb2z7sUPA1PJWx_qA=\/0x0:1152x648\/640x0\/smart\/filters:strip_icc()\/i.s3.glbimg.com\/v1\/AUTH_59edd422c0c84a879bd37670ae4f538a\/internal_photos\/bs\/2020\/S\/n\/fvfKOBSOSASVno9PJBsA\/whatsapp-image-2020-06-27-at-10.45.26.jpeg 640w, https:\/\/s2.glbimg.com\/ZYsOc_rbajrcbJlC90qM0FvNhKk=\/0x0:1152x648\/600x0\/smart\/filters:strip_icc()\/i.s3.glbimg.com\/v1\/AUTH_59edd422c0c84a879bd37670ae4f538a\/internal_photos\/bs\/2020\/S\/n\/fvfKOBSOSASVno9PJBsA\/whatsapp-image-2020-06-27-at-10.45.26.jpeg 600w\" alt=\"Barrac\u00e3o no bairro rural Sete Copas, em Indiana, foi destelhado \u2014 Foto: Tiago Rodrigues\/TV Fronteira\" \/><\/figure>\n<p class=\"content-media__description \">Barrac\u00e3o no bairro rural Sete Copas, em Indiana, foi destelhado \u2014 Foto: Tiago Rodrigues\/TV Fronteira<\/p>\n<\/div>\n<\/div>\n<div class=\"row medium-uncollapsed content-media content-photo\" style=\"text-align: justify;\" data-block-type=\"backstage-photo\" data-block-id=\"13\">\n<div class=\"mc-column content-media__container\">\n<figure><img decoding=\"async\" class=\"i-amphtml-fill-content i-amphtml-replaced-content\" src=\"https:\/\/s2.glbimg.com\/wtn1eUTBLPSvjPvCbR0C9YzMwuk=\/0x0:1152x648\/984x0\/smart\/filters:strip_icc()\/i.s3.glbimg.com\/v1\/AUTH_59edd422c0c84a879bd37670ae4f538a\/internal_photos\/bs\/2020\/H\/2\/JUq2NBR2y2LYlAdpsXGw\/whatsapp-image-2020-06-27-at-10.30.32.jpeg\" sizes=\"(max-width: 1242px) 648px, 100vw\" srcset=\"https:\/\/s2.glbimg.com\/Lk26gNVEOeDHC9oKkK57MD4uV8s=\/0x0:1152x648\/1000x0\/smart\/filters:strip_icc()\/i.s3.glbimg.com\/v1\/AUTH_59edd422c0c84a879bd37670ae4f538a\/internal_photos\/bs\/2020\/H\/2\/JUq2NBR2y2LYlAdpsXGw\/whatsapp-image-2020-06-27-at-10.30.32.jpeg 1000w, https:\/\/s2.glbimg.com\/wtn1eUTBLPSvjPvCbR0C9YzMwuk=\/0x0:1152x648\/984x0\/smart\/filters:strip_icc()\/i.s3.glbimg.com\/v1\/AUTH_59edd422c0c84a879bd37670ae4f538a\/internal_photos\/bs\/2020\/H\/2\/JUq2NBR2y2LYlAdpsXGw\/whatsapp-image-2020-06-27-at-10.30.32.jpeg 984w, https:\/\/s2.glbimg.com\/8YcXjcux22VnbwMbEXCkjjg8ZC8=\/0x0:1152x648\/640x0\/smart\/filters:strip_icc()\/i.s3.glbimg.com\/v1\/AUTH_59edd422c0c84a879bd37670ae4f538a\/internal_photos\/bs\/2020\/H\/2\/JUq2NBR2y2LYlAdpsXGw\/whatsapp-image-2020-06-27-at-10.30.32.jpeg 640w, https:\/\/s2.glbimg.com\/hYJ_L_Z3Tz4Neiytu_NVMDTppnk=\/0x0:1152x648\/600x0\/smart\/filters:strip_icc()\/i.s3.glbimg.com\/v1\/AUTH_59edd422c0c84a879bd37670ae4f538a\/internal_photos\/bs\/2020\/H\/2\/JUq2NBR2y2LYlAdpsXGw\/whatsapp-image-2020-06-27-at-10.30.32.jpeg 600w\" alt=\"Parte de uma mangueira caiu na estrada do bairro rural Sete Copas, em Indiana \u2014 Foto: Tiago Rodrigues\/TV Fronteira\" \/><\/figure>\n<p class=\"content-media__description \">Parte de uma mangueira caiu na estrada do bairro rural Sete Copas, em Indiana \u2014 Foto: Tiago Rodrigues\/TV Fronteira<\/p>\n<\/div>\n<\/div>\n<div class=\"row medium-uncollapsed content-media content-photo\" style=\"text-align: justify;\" data-block-type=\"backstage-photo\" data-block-id=\"15\">\n<div class=\"mc-column content-media__container\">\n<figure><img decoding=\"async\" class=\"i-amphtml-fill-content i-amphtml-replaced-content\" src=\"https:\/\/s2.glbimg.com\/SHu0U9nHju6hhXDdWFNaZCCbZFc=\/0x0:720x442\/984x0\/smart\/filters:strip_icc()\/i.s3.glbimg.com\/v1\/AUTH_59edd422c0c84a879bd37670ae4f538a\/internal_photos\/bs\/2020\/f\/N\/Mf5K9yRKKMdYKMuLWnPQ\/defesa-civil-de-martinopolis-2.jpeg\" sizes=\"(max-width: 1242px) 648px, 100vw\" srcset=\"https:\/\/s2.glbimg.com\/ovvfwhONxsRKazUakjfQz_blZ70=\/0x0:720x442\/1000x0\/smart\/filters:strip_icc()\/i.s3.glbimg.com\/v1\/AUTH_59edd422c0c84a879bd37670ae4f538a\/internal_photos\/bs\/2020\/f\/N\/Mf5K9yRKKMdYKMuLWnPQ\/defesa-civil-de-martinopolis-2.jpeg 1000w, https:\/\/s2.glbimg.com\/SHu0U9nHju6hhXDdWFNaZCCbZFc=\/0x0:720x442\/984x0\/smart\/filters:strip_icc()\/i.s3.glbimg.com\/v1\/AUTH_59edd422c0c84a879bd37670ae4f538a\/internal_photos\/bs\/2020\/f\/N\/Mf5K9yRKKMdYKMuLWnPQ\/defesa-civil-de-martinopolis-2.jpeg 984w, https:\/\/s2.glbimg.com\/szyjLKoLhTjHDXQQn3ZFmBLhP0M=\/0x0:720x442\/640x0\/smart\/filters:strip_icc()\/i.s3.glbimg.com\/v1\/AUTH_59edd422c0c84a879bd37670ae4f538a\/internal_photos\/bs\/2020\/f\/N\/Mf5K9yRKKMdYKMuLWnPQ\/defesa-civil-de-martinopolis-2.jpeg 640w, https:\/\/s2.glbimg.com\/i7nhxW8cmBL2RtI6AZoqnk6b2eo=\/0x0:720x442\/600x0\/smart\/filters:strip_icc()\/i.s3.glbimg.com\/v1\/AUTH_59edd422c0c84a879bd37670ae4f538a\/internal_photos\/bs\/2020\/f\/N\/Mf5K9yRKKMdYKMuLWnPQ\/defesa-civil-de-martinopolis-2.jpeg 600w\" alt=\"Temporal derrubou \u00e1rvores em Martin\u00f3polis \u2014 Foto: Defesa Civil de Martin\u00f3polis\" \/><\/figure>\n<p class=\"content-media__description \">Temporal derrubou \u00e1rvores em Martin\u00f3polis \u2014 Foto: Defesa Civil de Martin\u00f3polis<\/p>\n<\/div>\n<\/div>\n<div class=\"row medium-uncollapsed content-media content-photo\" style=\"text-align: justify;\" data-block-type=\"backstage-photo\" data-block-id=\"16\">\n<div class=\"mc-column content-media__container\">\n<figure><img decoding=\"async\" class=\"i-amphtml-fill-content i-amphtml-replaced-content\" src=\"https:\/\/s2.glbimg.com\/MZTzA6cQ_txfHQp5XPabiBFi78E=\/0x0:1040x780\/984x0\/smart\/filters:strip_icc()\/i.s3.glbimg.com\/v1\/AUTH_59edd422c0c84a879bd37670ae4f538a\/internal_photos\/bs\/2020\/9\/X\/I4FVZKR9GVIdhVobN8UA\/defesa-civil-de-martinopolis.jpeg\" sizes=\"(max-width: 1242px) 648px, 100vw\" srcset=\"https:\/\/s2.glbimg.com\/qhBwzVq1FWy5pdktbCzzDBrRcIk=\/0x0:1040x780\/1000x0\/smart\/filters:strip_icc()\/i.s3.glbimg.com\/v1\/AUTH_59edd422c0c84a879bd37670ae4f538a\/internal_photos\/bs\/2020\/9\/X\/I4FVZKR9GVIdhVobN8UA\/defesa-civil-de-martinopolis.jpeg 1000w, https:\/\/s2.glbimg.com\/MZTzA6cQ_txfHQp5XPabiBFi78E=\/0x0:1040x780\/984x0\/smart\/filters:strip_icc()\/i.s3.glbimg.com\/v1\/AUTH_59edd422c0c84a879bd37670ae4f538a\/internal_photos\/bs\/2020\/9\/X\/I4FVZKR9GVIdhVobN8UA\/defesa-civil-de-martinopolis.jpeg 984w, https:\/\/s2.glbimg.com\/XjJrrcSGzKCxQ04egu0db4ARzfg=\/0x0:1040x780\/640x0\/smart\/filters:strip_icc()\/i.s3.glbimg.com\/v1\/AUTH_59edd422c0c84a879bd37670ae4f538a\/internal_photos\/bs\/2020\/9\/X\/I4FVZKR9GVIdhVobN8UA\/defesa-civil-de-martinopolis.jpeg 640w, https:\/\/s2.glbimg.com\/GsWjOTelxhtHuSdrBw1HK647CiM=\/0x0:1040x780\/600x0\/smart\/filters:strip_icc()\/i.s3.glbimg.com\/v1\/AUTH_59edd422c0c84a879bd37670ae4f538a\/internal_photos\/bs\/2020\/9\/X\/I4FVZKR9GVIdhVobN8UA\/defesa-civil-de-martinopolis.jpeg 600w\" alt=\"Temporal derrubou \u00e1rvores em Martin\u00f3polis \u2014 Foto: Defesa Civil de Martin\u00f3polis\" \/><\/figure>\n<p class=\"content-media__description \">Temporal derrubou \u00e1rvores em Martin\u00f3polis \u2014 Foto: Defesa Civil de Martin\u00f3polis<\/p>\n<\/div>\n<\/div>\n<div class=\"row medium-uncollapsed content-media content-photo\" style=\"text-align: justify;\" data-block-type=\"backstage-photo\" data-block-id=\"17\">\n<div class=\"mc-column content-media__container\">\n<figure><img decoding=\"async\" class=\"i-amphtml-fill-content i-amphtml-replaced-content\" src=\"https:\/\/s2.glbimg.com\/9tWw6--DEUCl3p7ceKl_9iq1MBw=\/0x0:1280x720\/984x0\/smart\/filters:strip_icc()\/i.s3.glbimg.com\/v1\/AUTH_59edd422c0c84a879bd37670ae4f538a\/internal_photos\/bs\/2020\/i\/p\/MTZuwETAOoUs92YDkyow\/ednaldo-junior-vicente-jd-panorama-machado.jpeg\" sizes=\"(max-width: 1242px) 648px, 100vw\" srcset=\"https:\/\/s2.glbimg.com\/3PzVDNcxiMX8eINJpZF2MXsOA80=\/0x0:1280x720\/1000x0\/smart\/filters:strip_icc()\/i.s3.glbimg.com\/v1\/AUTH_59edd422c0c84a879bd37670ae4f538a\/internal_photos\/bs\/2020\/i\/p\/MTZuwETAOoUs92YDkyow\/ednaldo-junior-vicente-jd-panorama-machado.jpeg 1000w, https:\/\/s2.glbimg.com\/9tWw6--DEUCl3p7ceKl_9iq1MBw=\/0x0:1280x720\/984x0\/smart\/filters:strip_icc()\/i.s3.glbimg.com\/v1\/AUTH_59edd422c0c84a879bd37670ae4f538a\/internal_photos\/bs\/2020\/i\/p\/MTZuwETAOoUs92YDkyow\/ednaldo-junior-vicente-jd-panorama-machado.jpeg 984w, https:\/\/s2.glbimg.com\/d0QjvxcVeC_RelLUEPwv6CHs5jg=\/0x0:1280x720\/640x0\/smart\/filters:strip_icc()\/i.s3.glbimg.com\/v1\/AUTH_59edd422c0c84a879bd37670ae4f538a\/internal_photos\/bs\/2020\/i\/p\/MTZuwETAOoUs92YDkyow\/ednaldo-junior-vicente-jd-panorama-machado.jpeg 640w, https:\/\/s2.glbimg.com\/vp9cuNTSXq2ZovzEN_HCg2ZKllE=\/0x0:1280x720\/600x0\/smart\/filters:strip_icc()\/i.s3.glbimg.com\/v1\/AUTH_59edd422c0c84a879bd37670ae4f538a\/internal_photos\/bs\/2020\/i\/p\/MTZuwETAOoUs92YDkyow\/ednaldo-junior-vicente-jd-panorama-machado.jpeg 600w\" alt=\"Houve queda de galho em \u00c1lvares Machado \u2014 Foto: Ednaldo Junior Vicente\/Cedida\" \/><\/figure>\n<p class=\"content-media__description \">Houve queda de galho em \u00c1lvares Machado \u2014 Foto: Ednaldo Junior Vicente\/Cedida<\/p>\n<\/div>\n<\/div>\n<div class=\"row medium-uncollapsed content-media content-photo\" data-block-type=\"backstage-photo\" data-block-id=\"19\">\n<div class=\"mc-column content-media__container\">\n<figure style=\"text-align: justify;\"><img decoding=\"async\" class=\"i-amphtml-fill-content i-amphtml-replaced-content\" src=\"https:\/\/s2.glbimg.com\/dr_pl0G_jry3jAjdSDzUeNjvUek=\/0x0:1280x721\/984x0\/smart\/filters:strip_icc()\/i.s3.glbimg.com\/v1\/AUTH_59edd422c0c84a879bd37670ae4f538a\/internal_photos\/bs\/2020\/O\/L\/UxzuaaTkeMXrk2FHBQPg\/sergio-manoel-2-anhumas.jpeg\" sizes=\"(max-width: 1242px) 648px, 100vw\" srcset=\"https:\/\/s2.glbimg.com\/DjqElYjSb6G4X0-9wNje1jpjyfY=\/0x0:1280x721\/1000x0\/smart\/filters:strip_icc()\/i.s3.glbimg.com\/v1\/AUTH_59edd422c0c84a879bd37670ae4f538a\/internal_photos\/bs\/2020\/O\/L\/UxzuaaTkeMXrk2FHBQPg\/sergio-manoel-2-anhumas.jpeg 1000w, https:\/\/s2.glbimg.com\/dr_pl0G_jry3jAjdSDzUeNjvUek=\/0x0:1280x721\/984x0\/smart\/filters:strip_icc()\/i.s3.glbimg.com\/v1\/AUTH_59edd422c0c84a879bd37670ae4f538a\/internal_photos\/bs\/2020\/O\/L\/UxzuaaTkeMXrk2FHBQPg\/sergio-manoel-2-anhumas.jpeg 984w, https:\/\/s2.glbimg.com\/LStXZR-D5OzSnAwYD_F5W8Pdga0=\/0x0:1280x721\/640x0\/smart\/filters:strip_icc()\/i.s3.glbimg.com\/v1\/AUTH_59edd422c0c84a879bd37670ae4f538a\/internal_photos\/bs\/2020\/O\/L\/UxzuaaTkeMXrk2FHBQPg\/sergio-manoel-2-anhumas.jpeg 640w, https:\/\/s2.glbimg.com\/jpOPkaHs6CPXX1pVNJbsQzM_VZM=\/0x0:1280x721\/600x0\/smart\/filters:strip_icc()\/i.s3.glbimg.com\/v1\/AUTH_59edd422c0c84a879bd37670ae4f538a\/internal_photos\/bs\/2020\/O\/L\/UxzuaaTkeMXrk2FHBQPg\/sergio-manoel-2-anhumas.jpeg 600w\" alt=\"\u00c1rvore caiu em cima de uma casa, em Anhumas \u2014 Foto: S\u00e9rgio Maneol\/Cedida\" \/><\/figure>\n<p class=\"content-media__description \" style=\"text-align: justify;\">\u00c1rvore caiu em cima de uma casa, em Anhumas \u2014 Foto: S\u00e9rgio Manoel\/Cedida<\/p>\n<p style=\"text-align: justify;\">Fonte: G1<\/p>\n<\/div>\n<\/div>\n<\/div>\n","protected":false},"excerpt":{"rendered":"<p>Defesa Civil de Martin\u00f3polis informou que choveu 90 mil\u00edmetros no distrito de Te\u00e7aind\u00e1. Ocorr\u00eancias foram entre sexta-feira (26) e este s\u00e1bado (27). O forte temporal entre a noite desta sexta-feira (26) e a madrugada deste s\u00e1bado (27) tamb\u00e9m atingiu v\u00e1rias em cidades da regi\u00e3o. Em\u00a0Martin\u00f3polis, a Defesa Civil atendeu ocorr\u00eancias no Centro, Vila Alegrete, e [&hellip;]<\/p>\n","protected":false},"author":1,"featured_media":29457,"comment_status":"closed","ping_status":"open","sticky":false,"template":"","format":"standard","meta":{"footnotes":""},"categories":[114,110],"tags":[],"class_list":["post-29456","post","type-post","status-publish","format-standard","has-post-thumbnail","hentry","category-geralecomercio","category-noticiasdestaque"],"_links":{"self":[{"href":"https:\/\/jorgezanoni.com.br\/2019\/wp-json\/wp\/v2\/posts\/29456","targetHints":{"allow":["GET"]}}],"collection":[{"href":"https:\/\/jorgezanoni.com.br\/2019\/wp-json\/wp\/v2\/posts"}],"about":[{"href":"https:\/\/jorgezanoni.com.br\/2019\/wp-json\/wp\/v2\/types\/post"}],"author":[{"embeddable":true,"href":"https:\/\/jorgezanoni.com.br\/2019\/wp-json\/wp\/v2\/users\/1"}],"replies":[{"embeddable":true,"href":"https:\/\/jorgezanoni.com.br\/2019\/wp-json\/wp\/v2\/comments?post=29456"}],"version-history":[{"count":0,"href":"https:\/\/jorgezanoni.com.br\/2019\/wp-json\/wp\/v2\/posts\/29456\/revisions"}],"wp:featuredmedia":[{"embeddable":true,"href":"https:\/\/jorgezanoni.com.br\/2019\/wp-json\/wp\/v2\/media\/29457"}],"wp:attachment":[{"href":"https:\/\/jorgezanoni.com.br\/2019\/wp-json\/wp\/v2\/media?parent=29456"}],"wp:term":[{"taxonomy":"category","embeddable":true,"href":"https:\/\/jorgezanoni.com.br\/2019\/wp-json\/wp\/v2\/categories?post=29456"},{"taxonomy":"post_tag","embeddable":true,"href":"https:\/\/jorgezanoni.com.br\/2019\/wp-json\/wp\/v2\/tags?post=29456"}],"curies":[{"name":"wp","href":"https:\/\/api.w.org\/{rel}","templated":true}]}}