{"id":29453,"date":"2020-06-27T14:19:05","date_gmt":"2020-06-27T14:19:05","guid":{"rendered":"https:\/\/jorgezanoni.com.br\/2019\/?p=29453"},"modified":"2020-06-27T14:19:05","modified_gmt":"2020-06-27T14:19:05","slug":"forte-chuva-ventos-e-granizo-causam-estragos-em-bairros-de-presidente-prudente","status":"publish","type":"post","link":"https:\/\/jorgezanoni.com.br\/2019\/forte-chuva-ventos-e-granizo-causam-estragos-em-bairros-de-presidente-prudente\/","title":{"rendered":"Forte chuva, ventos e granizo causam estragos em bairros de Presidente Prudente"},"content":{"rendered":"<h2 class=\"content-head__subtitle\" style=\"text-align: justify;\"><strong>De acordo com o Instituto Nacional de Meteorologia (INMET), ventos chegaram a quase 60 km\/h. Defesa Civil atende ocorr\u00eancias desde a noite desta sexta-feira (26).<\/strong><\/h2>\n<div class=\"mc-column content-text active-extra-styles \" data-block-type=\"unstyled\" data-block-weight=\"34\" data-block-id=\"3\">\n<p class=\"content-text__container \" style=\"text-align: justify;\" data-track-category=\"Link no Texto\" data-track-links=\"\">O forte temporal entre a noite desta sexta-feira (26) e a madrugada deste s\u00e1bado (27) causou estragos em v\u00e1rios bairros de\u00a0<a href=\"https:\/\/g1.globo.com\/sp\/presidente-prudente-regiao\/cidade\/presidente-prudente\/\">Presidente Prudente<\/a>. A chuva de granizo afetou v\u00e1rias casas, com\u00e9rcio e derrubou \u00e1rvores.<\/p>\n<\/div>\n<div class=\"wall protected-content\">\n<div class=\"mc-column content-text active-extra-styles \" style=\"text-align: justify;\" data-block-type=\"unstyled\" data-block-weight=\"29\" data-block-id=\"4\">\n<p class=\"content-text__container \" data-track-category=\"Link no Texto\" data-track-links=\"\">A Defesa Civil informou que est\u00e1 atendendo ocorr\u00eancias deste sexta \u00e0 noite principalmente no Conjunto Habitacional Jo\u00e3o Domingos Netto e no Residencial Cremonezi, ambos na zona norte de Prudente.<\/p>\n<\/div>\n<div class=\"mc-column content-text active-extra-styles \" style=\"text-align: justify;\" data-block-type=\"unstyled\" data-block-weight=\"14\" data-block-id=\"5\">\n<p class=\"content-text__container \" data-track-category=\"Link no Texto\" data-track-links=\"\">J\u00e1 o Corpo de Bombeiros afirmou que atendeu oito ocorr\u00eancias de quedas de \u00e1rvores.<\/p>\n<\/div>\n<div class=\"mc-column content-text active-extra-styles \" style=\"text-align: justify;\" data-block-type=\"unstyled\" data-block-weight=\"41\" data-block-id=\"6\">\n<p class=\"content-text__container \" data-track-category=\"Link no Texto\" data-track-links=\"\">Segundo dados do Instituto Nacional de Meteorologia (INMET), somando a chuva desta sexta-feira (26) e deste s\u00e1bado (27), at\u00e9 \u00e0s 7h, choveu 68,40 mil\u00edmetros. As rajadas de vento registradas na cidade chegaram a 59,7 km\/h, ainda de acordo com o INMET.<\/p>\n<p class=\"content-text__container \" data-track-category=\"Link no Texto\" data-track-links=\"\"><span style=\"font-family: inherit; font-size: inherit; font-style: inherit; font-variant-ligatures: inherit; font-variant-caps: inherit; font-weight: inherit; text-align: center;\">Uma farm\u00e1cia localizada na Rua Doutor Gurgel, no Centro de Presidente Prudente, teve a fachada danificada. &#8220;Ficamos sabendo pelos vizinhos, \u00e0s 5h50. Quando soubemos j\u00e1 viemos correndo para c\u00e1 ver o que houve. O dano foi na fachada, no telhado e na cerca el\u00e9trica, mas n\u00e3o teve nenhum dano interno e gra\u00e7as a Deus ningu\u00e9m se feriu. J\u00e1 acionamos o seguro. Eu ainda n\u00e3o sei mensurar o preju\u00edzo&#8221;, contou a propriet\u00e1ria Jakeline Foresti.<\/span><\/p>\n<p class=\"content-text__container \" data-track-category=\"Link no Texto\" data-track-links=\"\">V\u00e1rios moradores do Jo\u00e3o Domingos Netto tiveram as casas destelhadas. Em um dos casos, uma menina de tr\u00eas anos ficou ferida com a queda de uma telha. Conforme a m\u00e3e da crian\u00e7a, Vanessa Red\u00edgolo, a filha estava dormindo quando tudo aconteceu. Ela relatou que foi retirar os eletrodom\u00e9sticos da tomada, por volta da 0h, e a estrutura do telhado foi danificada.<\/p>\n<\/div>\n<div class=\"mc-column content-text active-extra-styles \" style=\"text-align: justify;\" data-block-type=\"unstyled\" data-block-weight=\"51\" data-block-id=\"10\">\n<p class=\"content-text__container \" data-track-category=\"Link no Texto\" data-track-links=\"\">Com os ferimentos, a menina foi levada para a Unidade de Pronto Antedimento (UPA) do Jardim Guanabara, e levou quatro pontos na testa e tr\u00eas pontos no nariz. A m\u00e3e tamb\u00e9m teve ferimentos na perna causado por uma telha, mas n\u00e3o preciso de pontos. A casa da fam\u00edlia ficou completamente alagada.<\/p>\n<\/div>\n<div class=\"row medium-uncollapsed content-media content-photo\" style=\"text-align: justify;\" data-block-type=\"backstage-photo\" data-block-id=\"11\">\n<div class=\"mc-column content-media__container\">\n<figure><img decoding=\"async\" class=\"i-amphtml-fill-content i-amphtml-replaced-content\" src=\"https:\/\/s2.glbimg.com\/Ea1rwcMQ4_3g5IIVAtF21czVLJs=\/0x0:780x561\/984x0\/smart\/filters:strip_icc()\/i.s3.glbimg.com\/v1\/AUTH_59edd422c0c84a879bd37670ae4f538a\/internal_photos\/bs\/2020\/g\/d\/WDZzMERJ2shhJq2BrxgA\/vanessa-redigolo-jd.jpeg\" sizes=\"(max-width: 1242px) 648px, 100vw\" srcset=\"https:\/\/s2.glbimg.com\/DYeEWlmTei4O-d4xV-7PkcYGipw=\/0x0:780x561\/1000x0\/smart\/filters:strip_icc()\/i.s3.glbimg.com\/v1\/AUTH_59edd422c0c84a879bd37670ae4f538a\/internal_photos\/bs\/2020\/g\/d\/WDZzMERJ2shhJq2BrxgA\/vanessa-redigolo-jd.jpeg 1000w, https:\/\/s2.glbimg.com\/Ea1rwcMQ4_3g5IIVAtF21czVLJs=\/0x0:780x561\/984x0\/smart\/filters:strip_icc()\/i.s3.glbimg.com\/v1\/AUTH_59edd422c0c84a879bd37670ae4f538a\/internal_photos\/bs\/2020\/g\/d\/WDZzMERJ2shhJq2BrxgA\/vanessa-redigolo-jd.jpeg 984w, https:\/\/s2.glbimg.com\/03t1sBQ10mICEDtgRBwtE0LXe2U=\/0x0:780x561\/640x0\/smart\/filters:strip_icc()\/i.s3.glbimg.com\/v1\/AUTH_59edd422c0c84a879bd37670ae4f538a\/internal_photos\/bs\/2020\/g\/d\/WDZzMERJ2shhJq2BrxgA\/vanessa-redigolo-jd.jpeg 640w, https:\/\/s2.glbimg.com\/mWAQ6uhjvK5OanuTZ1s_IPGBJs4=\/0x0:780x561\/600x0\/smart\/filters:strip_icc()\/i.s3.glbimg.com\/v1\/AUTH_59edd422c0c84a879bd37670ae4f538a\/internal_photos\/bs\/2020\/g\/d\/WDZzMERJ2shhJq2BrxgA\/vanessa-redigolo-jd.jpeg 600w\" alt=\"Menina de 3 anos ficou com ferida com a queda de uma telha \u2014 Foto: Vanessa Red\u00edgolo\/Cedida\" \/><\/figure>\n<p class=\"content-media__description \">Menina de 3 anos ficou com ferida com a queda de uma telha \u2014 Foto: Vanessa Red\u00edgolo\/Cedida<\/p>\n<\/div>\n<\/div>\n<div class=\"row medium-uncollapsed content-media content-photo\" style=\"text-align: justify;\" data-block-type=\"backstage-photo\" data-block-id=\"12\">\n<div class=\"mc-column content-media__container\">\n<figure><img decoding=\"async\" class=\"i-amphtml-fill-content i-amphtml-replaced-content\" src=\"https:\/\/s2.glbimg.com\/-nGGpOXKLa_BY6RpgiOMNY4AVC4=\/0x110:720x855\/984x0\/smart\/filters:strip_icc()\/i.s3.glbimg.com\/v1\/AUTH_59edd422c0c84a879bd37670ae4f538a\/internal_photos\/bs\/2020\/W\/B\/ylrNyTQ6mHAEOCHj1eVA\/vanessa-redigolo-2-jd.jpeg\" sizes=\"(max-width: 1242px) 648px, 100vw\" srcset=\"https:\/\/s2.glbimg.com\/H2RWrOae2yzaHJ4HYWOCCMt86QA=\/0x110:720x855\/1000x0\/smart\/filters:strip_icc()\/i.s3.glbimg.com\/v1\/AUTH_59edd422c0c84a879bd37670ae4f538a\/internal_photos\/bs\/2020\/W\/B\/ylrNyTQ6mHAEOCHj1eVA\/vanessa-redigolo-2-jd.jpeg 1000w, https:\/\/s2.glbimg.com\/-nGGpOXKLa_BY6RpgiOMNY4AVC4=\/0x110:720x855\/984x0\/smart\/filters:strip_icc()\/i.s3.glbimg.com\/v1\/AUTH_59edd422c0c84a879bd37670ae4f538a\/internal_photos\/bs\/2020\/W\/B\/ylrNyTQ6mHAEOCHj1eVA\/vanessa-redigolo-2-jd.jpeg 984w, https:\/\/s2.glbimg.com\/XCk6Jk-HwVXRYOOMKmtuWhLIImA=\/0x110:720x855\/640x0\/smart\/filters:strip_icc()\/i.s3.glbimg.com\/v1\/AUTH_59edd422c0c84a879bd37670ae4f538a\/internal_photos\/bs\/2020\/W\/B\/ylrNyTQ6mHAEOCHj1eVA\/vanessa-redigolo-2-jd.jpeg 640w, https:\/\/s2.glbimg.com\/Hfxg55o_n1oB4I4sGxwXF8VIE_Y=\/0x110:720x855\/600x0\/smart\/filters:strip_icc()\/i.s3.glbimg.com\/v1\/AUTH_59edd422c0c84a879bd37670ae4f538a\/internal_photos\/bs\/2020\/W\/B\/ylrNyTQ6mHAEOCHj1eVA\/vanessa-redigolo-2-jd.jpeg 600w\" alt=\"Menina de 3 anos precisou ser atendida na UPA do Jardim Guanabara \u2014 Foto: Vanessa Red\u00edgolo\/Cedida\" \/><\/figure>\n<p class=\"content-media__description \">Menina de 3 anos precisou ser atendida na UPA do Jardim Guanabara \u2014 Foto: Vanessa Red\u00edgolo\/Cedida<\/p>\n<\/div>\n<\/div>\n<div class=\"content-ads content-ads--reveal\" style=\"text-align: justify;\" data-block-type=\"ads\" data-block-id=\"13\">\n<div id=\"banner_materia__97cee37c-d154-4273-883e-b1e1c593ada5\" class=\"tag-manager-publicidade-container mc-has-reveal mc-has-ad-lazyload tag-manager-publicidade-banner_materia__97cee37c-d154-4273-883e-b1e1c593ada5 tag-manager-publicidade-container--carregado tag-manager-publicidade-container--visivel\" data-id=\"banner_materia__97cee37c-d154-4273-883e-b1e1c593ada5\" data-google-query-id=\"CKjczpyXouoCFQ8DuQYd7IUFwQ\" data-cid=\"138313807295\" data-lid=\"5390325067\">\n<div id=\"google_ads_iframe_\/95377733\/tvg_G1\/Sua_Regiao&gt;Sudeste&gt;Sao_Paulo_(Pres_Prudente)_3__container__\" style=\"box-sizing: inherit; margin: auto; padding: 0px; border: 0pt none; font: inherit; vertical-align: baseline; width: 970px; max-width: 100%; text-align: center;\"><img decoding=\"async\" class=\"i-amphtml-fill-content i-amphtml-replaced-content\" src=\"https:\/\/s2.glbimg.com\/0BApNFPuXKI40Y9MbxGPi52dwWE=\/0x0:541x960\/984x0\/smart\/filters:strip_icc()\/i.s3.glbimg.com\/v1\/AUTH_59edd422c0c84a879bd37670ae4f538a\/internal_photos\/bs\/2020\/o\/B\/GAyHgoTbmwde9bOv6O7g\/luciano-vieira-2-jd.jpeg\" sizes=\"(max-width: 1242px) 648px, 100vw\" srcset=\"https:\/\/s2.glbimg.com\/dSdlo9-43evi9qYAXS5OyQe5eto=\/0x0:541x960\/1000x0\/smart\/filters:strip_icc()\/i.s3.glbimg.com\/v1\/AUTH_59edd422c0c84a879bd37670ae4f538a\/internal_photos\/bs\/2020\/o\/B\/GAyHgoTbmwde9bOv6O7g\/luciano-vieira-2-jd.jpeg 1000w, https:\/\/s2.glbimg.com\/0BApNFPuXKI40Y9MbxGPi52dwWE=\/0x0:541x960\/984x0\/smart\/filters:strip_icc()\/i.s3.glbimg.com\/v1\/AUTH_59edd422c0c84a879bd37670ae4f538a\/internal_photos\/bs\/2020\/o\/B\/GAyHgoTbmwde9bOv6O7g\/luciano-vieira-2-jd.jpeg 984w, https:\/\/s2.glbimg.com\/a6eJZADPRe1tkAjvnnsXCZJDNuY=\/0x0:541x960\/640x0\/smart\/filters:strip_icc()\/i.s3.glbimg.com\/v1\/AUTH_59edd422c0c84a879bd37670ae4f538a\/internal_photos\/bs\/2020\/o\/B\/GAyHgoTbmwde9bOv6O7g\/luciano-vieira-2-jd.jpeg 640w, https:\/\/s2.glbimg.com\/I-fAyYchxZejHI8GBldXn4cfo8o=\/0x0:541x960\/600x0\/smart\/filters:strip_icc()\/i.s3.glbimg.com\/v1\/AUTH_59edd422c0c84a879bd37670ae4f538a\/internal_photos\/bs\/2020\/o\/B\/GAyHgoTbmwde9bOv6O7g\/luciano-vieira-2-jd.jpeg 600w\" alt=\"Temporal destelhou casas do Conjunto Habitacional Jo\u00e3o Domingos Netto \u2014 Foto: Luciano Vieira\/Cedida\" \/><\/div>\n<\/div>\n<\/div>\n<div class=\"row medium-uncollapsed content-media content-photo\" style=\"text-align: justify;\" data-block-type=\"backstage-photo\" data-block-id=\"14\">\n<div class=\"mc-column content-media__container\">\n<p class=\"content-media__description \">Temporal destelhou casas do Conjunto Habitacional Jo\u00e3o Domingos Netto \u2014 Foto: Luciano Vieira\/Cedida<\/p>\n<\/div>\n<\/div>\n<div class=\"row medium-uncollapsed content-media content-photo\" style=\"text-align: justify;\" data-block-type=\"backstage-photo\" data-block-id=\"15\">\n<div class=\"mc-column content-media__container\">\n<figure><img decoding=\"async\" class=\"i-amphtml-fill-content i-amphtml-replaced-content\" src=\"https:\/\/s2.glbimg.com\/GV2nm490bwELv0CoDAdpuemMoxU=\/0x0:552x311\/984x0\/smart\/filters:strip_icc()\/i.s3.glbimg.com\/v1\/AUTH_59edd422c0c84a879bd37670ae4f538a\/internal_photos\/bs\/2020\/S\/F\/ELJZIOT3KsW1nCAcLGnw\/luciano-vieira-3-jd.jpeg\" sizes=\"(max-width: 1242px) 648px, 100vw\" srcset=\"https:\/\/s2.glbimg.com\/QLgwgR-2PR3hIE-THPDWc-UBziE=\/0x0:552x311\/1000x0\/smart\/filters:strip_icc()\/i.s3.glbimg.com\/v1\/AUTH_59edd422c0c84a879bd37670ae4f538a\/internal_photos\/bs\/2020\/S\/F\/ELJZIOT3KsW1nCAcLGnw\/luciano-vieira-3-jd.jpeg 1000w, https:\/\/s2.glbimg.com\/GV2nm490bwELv0CoDAdpuemMoxU=\/0x0:552x311\/984x0\/smart\/filters:strip_icc()\/i.s3.glbimg.com\/v1\/AUTH_59edd422c0c84a879bd37670ae4f538a\/internal_photos\/bs\/2020\/S\/F\/ELJZIOT3KsW1nCAcLGnw\/luciano-vieira-3-jd.jpeg 984w, https:\/\/s2.glbimg.com\/t3BdoDnBIXtlmk3nWiikYJ3lu9Y=\/0x0:552x311\/640x0\/smart\/filters:strip_icc()\/i.s3.glbimg.com\/v1\/AUTH_59edd422c0c84a879bd37670ae4f538a\/internal_photos\/bs\/2020\/S\/F\/ELJZIOT3KsW1nCAcLGnw\/luciano-vieira-3-jd.jpeg 640w, https:\/\/s2.glbimg.com\/tZFUqPkXId4iUsaEo5-HFJhympA=\/0x0:552x311\/600x0\/smart\/filters:strip_icc()\/i.s3.glbimg.com\/v1\/AUTH_59edd422c0c84a879bd37670ae4f538a\/internal_photos\/bs\/2020\/S\/F\/ELJZIOT3KsW1nCAcLGnw\/luciano-vieira-3-jd.jpeg 600w\" alt=\"Chuva de granizo atingiu casas no Conjunto Habitacional Jo\u00e3o Domingos Netto \u2014 Foto: Luciano Vieira\/Cedida\" \/><\/figure>\n<p class=\"content-media__description \">Chuva de granizo atingiu casas no Conjunto Habitacional Jo\u00e3o Domingos Netto \u2014 Foto: Luciano Vieira\/Cedida<\/p>\n<\/div>\n<\/div>\n<div class=\"row medium-uncollapsed content-media content-photo\" style=\"text-align: justify;\" data-block-type=\"backstage-photo\" data-block-id=\"16\">\n<div class=\"mc-column content-media__container\">\n<figure><img decoding=\"async\" class=\"i-amphtml-fill-content i-amphtml-replaced-content\" src=\"https:\/\/s2.glbimg.com\/TsbellKW0vIpOCgdZ0t1DFnbQ20=\/0x0:552x414\/984x0\/smart\/filters:strip_icc()\/i.s3.glbimg.com\/v1\/AUTH_59edd422c0c84a879bd37670ae4f538a\/internal_photos\/bs\/2020\/p\/m\/KrPYxpQjO2aiUbuAE9bQ\/luciano-vieira-jd.jpeg\" sizes=\"(max-width: 1242px) 648px, 100vw\" srcset=\"https:\/\/s2.glbimg.com\/elVu3Qw-5ax3FfFsWvlR07ZupKY=\/0x0:552x414\/1000x0\/smart\/filters:strip_icc()\/i.s3.glbimg.com\/v1\/AUTH_59edd422c0c84a879bd37670ae4f538a\/internal_photos\/bs\/2020\/p\/m\/KrPYxpQjO2aiUbuAE9bQ\/luciano-vieira-jd.jpeg 1000w, https:\/\/s2.glbimg.com\/TsbellKW0vIpOCgdZ0t1DFnbQ20=\/0x0:552x414\/984x0\/smart\/filters:strip_icc()\/i.s3.glbimg.com\/v1\/AUTH_59edd422c0c84a879bd37670ae4f538a\/internal_photos\/bs\/2020\/p\/m\/KrPYxpQjO2aiUbuAE9bQ\/luciano-vieira-jd.jpeg 984w, https:\/\/s2.glbimg.com\/YJUvqLoZK6-fkS-JoyByc1p2q88=\/0x0:552x414\/640x0\/smart\/filters:strip_icc()\/i.s3.glbimg.com\/v1\/AUTH_59edd422c0c84a879bd37670ae4f538a\/internal_photos\/bs\/2020\/p\/m\/KrPYxpQjO2aiUbuAE9bQ\/luciano-vieira-jd.jpeg 640w, https:\/\/s2.glbimg.com\/LSV6QsuQO1XNblTPjmhiod_7y9g=\/0x0:552x414\/600x0\/smart\/filters:strip_icc()\/i.s3.glbimg.com\/v1\/AUTH_59edd422c0c84a879bd37670ae4f538a\/internal_photos\/bs\/2020\/p\/m\/KrPYxpQjO2aiUbuAE9bQ\/luciano-vieira-jd.jpeg 600w\" alt=\"Chuva de granizo atingiu casas no Conjunto Habitacional Jo\u00e3o Domingos Netto \u2014 Foto: Luciano Vieira\/Cedida\" \/><\/figure>\n<p class=\"content-media__description \">Chuva de granizo atingiu casas no Conjunto Habitacional Jo\u00e3o Domingos Netto \u2014 Foto: Luciano Vieira\/Cedida<\/p>\n<\/div>\n<\/div>\n<div class=\"row medium-uncollapsed content-media content-photo\" style=\"text-align: justify;\" data-block-type=\"backstage-photo\" data-block-id=\"18\">\n<div class=\"mc-column content-media__container\">\n<figure><img decoding=\"async\" class=\"i-amphtml-fill-content i-amphtml-replaced-content\" src=\"https:\/\/s2.glbimg.com\/-_Ys3gl_ef6uZwZ_3dIBkm35ZH8=\/0x0:720x681\/984x0\/smart\/filters:strip_icc()\/i.s3.glbimg.com\/v1\/AUTH_59edd422c0c84a879bd37670ae4f538a\/internal_photos\/bs\/2020\/z\/r\/2OOFEJTeOXvoYhQppQAg\/vania-daniela-dos-santos-silva-2-jd.jpeg\" sizes=\"(max-width: 1242px) 648px, 100vw\" srcset=\"https:\/\/s2.glbimg.com\/FuizBMWTnXAqfKsou_VWVKNJ30o=\/0x0:720x681\/1000x0\/smart\/filters:strip_icc()\/i.s3.glbimg.com\/v1\/AUTH_59edd422c0c84a879bd37670ae4f538a\/internal_photos\/bs\/2020\/z\/r\/2OOFEJTeOXvoYhQppQAg\/vania-daniela-dos-santos-silva-2-jd.jpeg 1000w, https:\/\/s2.glbimg.com\/-_Ys3gl_ef6uZwZ_3dIBkm35ZH8=\/0x0:720x681\/984x0\/smart\/filters:strip_icc()\/i.s3.glbimg.com\/v1\/AUTH_59edd422c0c84a879bd37670ae4f538a\/internal_photos\/bs\/2020\/z\/r\/2OOFEJTeOXvoYhQppQAg\/vania-daniela-dos-santos-silva-2-jd.jpeg 984w, https:\/\/s2.glbimg.com\/Y2c8ZROL_nlCuGjV5gALudAUqoQ=\/0x0:720x681\/640x0\/smart\/filters:strip_icc()\/i.s3.glbimg.com\/v1\/AUTH_59edd422c0c84a879bd37670ae4f538a\/internal_photos\/bs\/2020\/z\/r\/2OOFEJTeOXvoYhQppQAg\/vania-daniela-dos-santos-silva-2-jd.jpeg 640w, https:\/\/s2.glbimg.com\/sSfyO_wxte9U7fMLmgXki4FGQvk=\/0x0:720x681\/600x0\/smart\/filters:strip_icc()\/i.s3.glbimg.com\/v1\/AUTH_59edd422c0c84a879bd37670ae4f538a\/internal_photos\/bs\/2020\/z\/r\/2OOFEJTeOXvoYhQppQAg\/vania-daniela-dos-santos-silva-2-jd.jpeg 600w\" alt=\"Chuva de granizo atingiu casas no Conjunto Habitacional Jo\u00e3o Domingos Netto \u2014 Foto: V\u00e2nia Daniela dos Santos Silva\/Cedida\" \/><\/figure>\n<p class=\"content-media__description \">Chuva de granizo atingiu casas no Conjunto Habitacional Jo\u00e3o Domingos Netto \u2014 Foto: V\u00e2nia Daniela dos Santos Silva\/Cedida<\/p>\n<\/div>\n<\/div>\n<div class=\"row medium-uncollapsed content-media content-photo\" style=\"text-align: justify;\" data-block-type=\"backstage-photo\" data-block-id=\"19\">\n<div class=\"mc-column content-media__container\">\n<figure><img decoding=\"async\" class=\"i-amphtml-fill-content i-amphtml-replaced-content\" src=\"https:\/\/s2.glbimg.com\/4Ko39cVVEMh6FFF0aKjPCYSasa4=\/0x0:1040x780\/984x0\/smart\/filters:strip_icc()\/i.s3.glbimg.com\/v1\/AUTH_59edd422c0c84a879bd37670ae4f538a\/internal_photos\/bs\/2020\/5\/l\/ju5BBgTXC81DSM1R6XpA\/vania-daniela-dos-santos-silva-jd.jpeg\" sizes=\"(max-width: 1242px) 648px, 100vw\" srcset=\"https:\/\/s2.glbimg.com\/cwT6VlEhLEsCUK-K7w6dHMDLTNs=\/0x0:1040x780\/1000x0\/smart\/filters:strip_icc()\/i.s3.glbimg.com\/v1\/AUTH_59edd422c0c84a879bd37670ae4f538a\/internal_photos\/bs\/2020\/5\/l\/ju5BBgTXC81DSM1R6XpA\/vania-daniela-dos-santos-silva-jd.jpeg 1000w, https:\/\/s2.glbimg.com\/4Ko39cVVEMh6FFF0aKjPCYSasa4=\/0x0:1040x780\/984x0\/smart\/filters:strip_icc()\/i.s3.glbimg.com\/v1\/AUTH_59edd422c0c84a879bd37670ae4f538a\/internal_photos\/bs\/2020\/5\/l\/ju5BBgTXC81DSM1R6XpA\/vania-daniela-dos-santos-silva-jd.jpeg 984w, https:\/\/s2.glbimg.com\/0Tcb0y1dWGVJCUELDjpcYFUEbgU=\/0x0:1040x780\/640x0\/smart\/filters:strip_icc()\/i.s3.glbimg.com\/v1\/AUTH_59edd422c0c84a879bd37670ae4f538a\/internal_photos\/bs\/2020\/5\/l\/ju5BBgTXC81DSM1R6XpA\/vania-daniela-dos-santos-silva-jd.jpeg 640w, https:\/\/s2.glbimg.com\/IPHDgh3jCW7uVyYYAi5mj3AzeyE=\/0x0:1040x780\/600x0\/smart\/filters:strip_icc()\/i.s3.glbimg.com\/v1\/AUTH_59edd422c0c84a879bd37670ae4f538a\/internal_photos\/bs\/2020\/5\/l\/ju5BBgTXC81DSM1R6XpA\/vania-daniela-dos-santos-silva-jd.jpeg 600w\" alt=\"Chuva de granizo atingiu casas no Conjunto Habitacional Jo\u00e3o Domingos Netto \u2014 Foto: V\u00e2nia Daniela dos Santos Silva\/Cedida\" \/><\/figure>\n<p class=\"content-media__description \">Chuva de granizo atingiu casas no Conjunto Habitacional Jo\u00e3o Domingos Netto \u2014 Foto: V\u00e2nia Daniela dos Santos Silva\/Cedida<\/p>\n<\/div>\n<\/div>\n<div class=\"row medium-uncollapsed content-media content-photo\" style=\"text-align: justify;\" data-block-type=\"backstage-photo\" data-block-id=\"20\">\n<div class=\"mc-column content-media__container\">\n<figure><img decoding=\"async\" class=\"i-amphtml-fill-content i-amphtml-replaced-content\" src=\"https:\/\/s2.glbimg.com\/3Mj3J0-ki7AMVbC7KMf4kRmbMdU=\/0x0:1280x721\/984x0\/smart\/filters:strip_icc()\/i.s3.glbimg.com\/v1\/AUTH_59edd422c0c84a879bd37670ae4f538a\/internal_photos\/bs\/2020\/j\/e\/Sm4UTWSQGvBJArv2Ic1w\/luana-karine-guimaraes-elias-2-jd.jpeg\" sizes=\"(max-width: 1242px) 648px, 100vw\" srcset=\"https:\/\/s2.glbimg.com\/gq44CLVjDZXuTTEz-A4IYSo2IOg=\/0x0:1280x721\/1000x0\/smart\/filters:strip_icc()\/i.s3.glbimg.com\/v1\/AUTH_59edd422c0c84a879bd37670ae4f538a\/internal_photos\/bs\/2020\/j\/e\/Sm4UTWSQGvBJArv2Ic1w\/luana-karine-guimaraes-elias-2-jd.jpeg 1000w, https:\/\/s2.glbimg.com\/3Mj3J0-ki7AMVbC7KMf4kRmbMdU=\/0x0:1280x721\/984x0\/smart\/filters:strip_icc()\/i.s3.glbimg.com\/v1\/AUTH_59edd422c0c84a879bd37670ae4f538a\/internal_photos\/bs\/2020\/j\/e\/Sm4UTWSQGvBJArv2Ic1w\/luana-karine-guimaraes-elias-2-jd.jpeg 984w, https:\/\/s2.glbimg.com\/I63H1j8FKE1DLXvgczsSkPFvNks=\/0x0:1280x721\/640x0\/smart\/filters:strip_icc()\/i.s3.glbimg.com\/v1\/AUTH_59edd422c0c84a879bd37670ae4f538a\/internal_photos\/bs\/2020\/j\/e\/Sm4UTWSQGvBJArv2Ic1w\/luana-karine-guimaraes-elias-2-jd.jpeg 640w, https:\/\/s2.glbimg.com\/l25u3EBORGvOLkNExNW_rr1GSNs=\/0x0:1280x721\/600x0\/smart\/filters:strip_icc()\/i.s3.glbimg.com\/v1\/AUTH_59edd422c0c84a879bd37670ae4f538a\/internal_photos\/bs\/2020\/j\/e\/Sm4UTWSQGvBJArv2Ic1w\/luana-karine-guimaraes-elias-2-jd.jpeg 600w\" alt=\"Chuva de granizo atingiu casas no Conjunto Habitacional Jo\u00e3o Domingos Netto \u2014 Foto: Luana Karine Guimar\u00e3es Elias\/Cedida\" \/><\/figure>\n<p class=\"content-media__description \">Chuva de granizo atingiu casas no Conjunto Habitacional Jo\u00e3o Domingos Netto \u2014 Foto: Luana Karine Guimar\u00e3es Elias\/Cedida<\/p>\n<\/div>\n<\/div>\n<div class=\"row medium-uncollapsed content-media content-photo\" style=\"text-align: justify;\" data-block-type=\"backstage-photo\" data-block-id=\"22\">\n<div class=\"mc-column content-media__container\">\n<figure><img decoding=\"async\" class=\"i-amphtml-fill-content i-amphtml-replaced-content\" src=\"https:\/\/s2.glbimg.com\/JQx3_iUlPqfrrUL8KeJsl3B690o=\/0x0:1080x820\/984x0\/smart\/filters:strip_icc()\/i.s3.glbimg.com\/v1\/AUTH_59edd422c0c84a879bd37670ae4f538a\/internal_photos\/bs\/2020\/x\/Z\/szKnrXSjqRVrr8kBdQXA\/rodrigo-arrais-tolotti-jd-aviacao.jpeg\" sizes=\"(max-width: 1242px) 648px, 100vw\" srcset=\"https:\/\/s2.glbimg.com\/s4Hw4CtdRrFLqMFgAunorBiBOHs=\/0x0:1080x820\/1000x0\/smart\/filters:strip_icc()\/i.s3.glbimg.com\/v1\/AUTH_59edd422c0c84a879bd37670ae4f538a\/internal_photos\/bs\/2020\/x\/Z\/szKnrXSjqRVrr8kBdQXA\/rodrigo-arrais-tolotti-jd-aviacao.jpeg 1000w, https:\/\/s2.glbimg.com\/JQx3_iUlPqfrrUL8KeJsl3B690o=\/0x0:1080x820\/984x0\/smart\/filters:strip_icc()\/i.s3.glbimg.com\/v1\/AUTH_59edd422c0c84a879bd37670ae4f538a\/internal_photos\/bs\/2020\/x\/Z\/szKnrXSjqRVrr8kBdQXA\/rodrigo-arrais-tolotti-jd-aviacao.jpeg 984w, https:\/\/s2.glbimg.com\/SKtGoqg0Luf2riHncvTYSSCB78k=\/0x0:1080x820\/640x0\/smart\/filters:strip_icc()\/i.s3.glbimg.com\/v1\/AUTH_59edd422c0c84a879bd37670ae4f538a\/internal_photos\/bs\/2020\/x\/Z\/szKnrXSjqRVrr8kBdQXA\/rodrigo-arrais-tolotti-jd-aviacao.jpeg 640w, https:\/\/s2.glbimg.com\/hqS43zgL0MNcSOOY07GxB0py4VA=\/0x0:1080x820\/600x0\/smart\/filters:strip_icc()\/i.s3.glbimg.com\/v1\/AUTH_59edd422c0c84a879bd37670ae4f538a\/internal_photos\/bs\/2020\/x\/Z\/szKnrXSjqRVrr8kBdQXA\/rodrigo-arrais-tolotti-jd-aviacao.jpeg 600w\" alt=\"Tamb\u00e9m houve destelhamento no Jardim Avia\u00e7\u00e3o, em Presidente Prudente \u2014 Foto: Rodrigo Arrais Tolotti\/Cedida\" \/><\/figure>\n<p class=\"content-media__description \">Tamb\u00e9m houve destelhamento no Jardim Avia\u00e7\u00e3o, em Presidente Prudente \u2014 Foto: Rodrigo Arrais Tolotti\/Cedida<\/p>\n<\/div>\n<\/div>\n<div class=\"row medium-uncollapsed content-media content-photo\" style=\"text-align: justify;\" data-block-type=\"backstage-photo\" data-block-id=\"23\">\n<div class=\"mc-column content-media__container\">\n<figure><img decoding=\"async\" class=\"i-amphtml-fill-content i-amphtml-replaced-content\" src=\"https:\/\/s2.glbimg.com\/td6Vx3wczOgSdihJdrkLK_vLZ48=\/0x0:1280x606\/984x0\/smart\/filters:strip_icc()\/i.s3.glbimg.com\/v1\/AUTH_59edd422c0c84a879bd37670ae4f538a\/internal_photos\/bs\/2020\/y\/j\/umB3TRQPimCZhtLJnc5Q\/fatima.-aparecida-de-oliveira-2-jd.jpeg\" sizes=\"(max-width: 1242px) 648px, 100vw\" srcset=\"https:\/\/s2.glbimg.com\/NDDqr5z59xPZgSDMeU19V_cINVA=\/0x0:1280x606\/1000x0\/smart\/filters:strip_icc()\/i.s3.glbimg.com\/v1\/AUTH_59edd422c0c84a879bd37670ae4f538a\/internal_photos\/bs\/2020\/y\/j\/umB3TRQPimCZhtLJnc5Q\/fatima.-aparecida-de-oliveira-2-jd.jpeg 1000w, https:\/\/s2.glbimg.com\/td6Vx3wczOgSdihJdrkLK_vLZ48=\/0x0:1280x606\/984x0\/smart\/filters:strip_icc()\/i.s3.glbimg.com\/v1\/AUTH_59edd422c0c84a879bd37670ae4f538a\/internal_photos\/bs\/2020\/y\/j\/umB3TRQPimCZhtLJnc5Q\/fatima.-aparecida-de-oliveira-2-jd.jpeg 984w, https:\/\/s2.glbimg.com\/0ScrZAVnDWj8uaXyijGst2tLCjI=\/0x0:1280x606\/640x0\/smart\/filters:strip_icc()\/i.s3.glbimg.com\/v1\/AUTH_59edd422c0c84a879bd37670ae4f538a\/internal_photos\/bs\/2020\/y\/j\/umB3TRQPimCZhtLJnc5Q\/fatima.-aparecida-de-oliveira-2-jd.jpeg 640w, https:\/\/s2.glbimg.com\/v91A8dHbp8FTID7-7vSNYKxEr8w=\/0x0:1280x606\/600x0\/smart\/filters:strip_icc()\/i.s3.glbimg.com\/v1\/AUTH_59edd422c0c84a879bd37670ae4f538a\/internal_photos\/bs\/2020\/y\/j\/umB3TRQPimCZhtLJnc5Q\/fatima.-aparecida-de-oliveira-2-jd.jpeg 600w\" alt=\"Temporal destelhou casas do Conjunto Habitacional Jo\u00e3o Domingos Netto \u2014 Foto: F\u00e1tima Aparecida de Oliveira\/Cedida\" \/><\/figure>\n<p class=\"content-media__description \">Temporal destelhou casas do Conjunto Habitacional Jo\u00e3o Domingos Netto \u2014 Foto: F\u00e1tima Aparecida de Oliveira\/Cedida<\/p>\n<\/div>\n<\/div>\n<div class=\"row medium-uncollapsed content-media content-photo\" style=\"text-align: justify;\" data-block-type=\"backstage-photo\" data-block-id=\"24\">\n<div class=\"mc-column content-media__container\">\n<figure><img decoding=\"async\" class=\"i-amphtml-fill-content i-amphtml-replaced-content\" src=\"https:\/\/s2.glbimg.com\/Xk_FWfrKt2CmQkr9yGSh5SLTmMk=\/0x0:1280x606\/984x0\/smart\/filters:strip_icc()\/i.s3.glbimg.com\/v1\/AUTH_59edd422c0c84a879bd37670ae4f538a\/internal_photos\/bs\/2020\/T\/D\/7FEh2HROA6iSKdjCFEbA\/fatima.-aparecida-de-oliveira-jd.jpeg\" sizes=\"(max-width: 1242px) 648px, 100vw\" srcset=\"https:\/\/s2.glbimg.com\/_YkJBPxPrg2tAEyCInJpbIEPDE4=\/0x0:1280x606\/1000x0\/smart\/filters:strip_icc()\/i.s3.glbimg.com\/v1\/AUTH_59edd422c0c84a879bd37670ae4f538a\/internal_photos\/bs\/2020\/T\/D\/7FEh2HROA6iSKdjCFEbA\/fatima.-aparecida-de-oliveira-jd.jpeg 1000w, https:\/\/s2.glbimg.com\/Xk_FWfrKt2CmQkr9yGSh5SLTmMk=\/0x0:1280x606\/984x0\/smart\/filters:strip_icc()\/i.s3.glbimg.com\/v1\/AUTH_59edd422c0c84a879bd37670ae4f538a\/internal_photos\/bs\/2020\/T\/D\/7FEh2HROA6iSKdjCFEbA\/fatima.-aparecida-de-oliveira-jd.jpeg 984w, https:\/\/s2.glbimg.com\/jMtzf7FCz_-aB7VrucaZjeFQ3V8=\/0x0:1280x606\/640x0\/smart\/filters:strip_icc()\/i.s3.glbimg.com\/v1\/AUTH_59edd422c0c84a879bd37670ae4f538a\/internal_photos\/bs\/2020\/T\/D\/7FEh2HROA6iSKdjCFEbA\/fatima.-aparecida-de-oliveira-jd.jpeg 640w, https:\/\/s2.glbimg.com\/Gte3yHsMXFA0BIAbWz8680EYOGY=\/0x0:1280x606\/600x0\/smart\/filters:strip_icc()\/i.s3.glbimg.com\/v1\/AUTH_59edd422c0c84a879bd37670ae4f538a\/internal_photos\/bs\/2020\/T\/D\/7FEh2HROA6iSKdjCFEbA\/fatima.-aparecida-de-oliveira-jd.jpeg 600w\" alt=\"Temporal destelhou casas do Conjunto Habitacional Jo\u00e3o Domingos Netto \u2014 Foto: F\u00e1tima Aparecida de Oliveira\/Cedida\" \/><\/figure>\n<p class=\"content-media__description \">Temporal destelhou casas do Conjunto Habitacional Jo\u00e3o Domingos Netto \u2014 Foto: F\u00e1tima Aparecida de Oliveira\/Cedida<\/p>\n<\/div>\n<\/div>\n<div class=\"row medium-uncollapsed content-media content-photo\" style=\"text-align: justify;\" data-block-type=\"backstage-photo\" data-block-id=\"26\">\n<div class=\"mc-column content-media__container\">\n<figure><img decoding=\"async\" class=\"i-amphtml-fill-content i-amphtml-replaced-content\" src=\"https:\/\/s2.glbimg.com\/Qm4haiBgvvzCx_LvXbV_FoCyWCM=\/0x0:1040x780\/984x0\/smart\/filters:strip_icc()\/i.s3.glbimg.com\/v1\/AUTH_59edd422c0c84a879bd37670ae4f538a\/internal_photos\/bs\/2020\/z\/I\/Glp5ocRX2p0y9ukXpYew\/claudia-vieira-2-jd.jpeg\" sizes=\"(max-width: 1242px) 648px, 100vw\" srcset=\"https:\/\/s2.glbimg.com\/hlgNa5FIDu_vayNQdMiYkUzD178=\/0x0:1040x780\/1000x0\/smart\/filters:strip_icc()\/i.s3.glbimg.com\/v1\/AUTH_59edd422c0c84a879bd37670ae4f538a\/internal_photos\/bs\/2020\/z\/I\/Glp5ocRX2p0y9ukXpYew\/claudia-vieira-2-jd.jpeg 1000w, https:\/\/s2.glbimg.com\/Qm4haiBgvvzCx_LvXbV_FoCyWCM=\/0x0:1040x780\/984x0\/smart\/filters:strip_icc()\/i.s3.glbimg.com\/v1\/AUTH_59edd422c0c84a879bd37670ae4f538a\/internal_photos\/bs\/2020\/z\/I\/Glp5ocRX2p0y9ukXpYew\/claudia-vieira-2-jd.jpeg 984w, https:\/\/s2.glbimg.com\/SW7rGruUHSd_DeFA6tyqLMN-sUU=\/0x0:1040x780\/640x0\/smart\/filters:strip_icc()\/i.s3.glbimg.com\/v1\/AUTH_59edd422c0c84a879bd37670ae4f538a\/internal_photos\/bs\/2020\/z\/I\/Glp5ocRX2p0y9ukXpYew\/claudia-vieira-2-jd.jpeg 640w, https:\/\/s2.glbimg.com\/IipEplexTVvs1FbG9s30Ud45Sis=\/0x0:1040x780\/600x0\/smart\/filters:strip_icc()\/i.s3.glbimg.com\/v1\/AUTH_59edd422c0c84a879bd37670ae4f538a\/internal_photos\/bs\/2020\/z\/I\/Glp5ocRX2p0y9ukXpYew\/claudia-vieira-2-jd.jpeg 600w\" alt=\"Temporal tamb\u00e9m derrubou \u00e1rvores no Conjunto Habitacional Jo\u00e3o Domingos Netto \u2014 Foto: Cl\u00e1udia Vieira\/Cedida\" \/><\/figure>\n<p class=\"content-media__description \">Temporal tamb\u00e9m derrubou \u00e1rvores no Conjunto Habitacional Jo\u00e3o Domingos Netto \u2014 Foto: Cl\u00e1udia Vieira\/Cedida<\/p>\n<\/div>\n<\/div>\n<div class=\"row medium-uncollapsed content-media content-photo\" data-block-type=\"backstage-photo\" data-block-id=\"27\">\n<div class=\"mc-column content-media__container\">\n<figure style=\"text-align: justify;\"><img decoding=\"async\" class=\"i-amphtml-fill-content i-amphtml-replaced-content\" src=\"https:\/\/s2.glbimg.com\/z5P6_dttl9m2soQShbc_azJo7cg=\/0x0:1040x780\/984x0\/smart\/filters:strip_icc()\/i.s3.glbimg.com\/v1\/AUTH_59edd422c0c84a879bd37670ae4f538a\/internal_photos\/bs\/2020\/7\/8\/rdjBjuStWqFfNIQnVXjg\/claudia-vieira-jd.jpeg\" sizes=\"(max-width: 1242px) 648px, 100vw\" srcset=\"https:\/\/s2.glbimg.com\/0cAN85G44C0FihAVd2183pVOe9k=\/0x0:1040x780\/1000x0\/smart\/filters:strip_icc()\/i.s3.glbimg.com\/v1\/AUTH_59edd422c0c84a879bd37670ae4f538a\/internal_photos\/bs\/2020\/7\/8\/rdjBjuStWqFfNIQnVXjg\/claudia-vieira-jd.jpeg 1000w, https:\/\/s2.glbimg.com\/z5P6_dttl9m2soQShbc_azJo7cg=\/0x0:1040x780\/984x0\/smart\/filters:strip_icc()\/i.s3.glbimg.com\/v1\/AUTH_59edd422c0c84a879bd37670ae4f538a\/internal_photos\/bs\/2020\/7\/8\/rdjBjuStWqFfNIQnVXjg\/claudia-vieira-jd.jpeg 984w, https:\/\/s2.glbimg.com\/XkHrGvWB3SBf37dRbGChdhTuVgw=\/0x0:1040x780\/640x0\/smart\/filters:strip_icc()\/i.s3.glbimg.com\/v1\/AUTH_59edd422c0c84a879bd37670ae4f538a\/internal_photos\/bs\/2020\/7\/8\/rdjBjuStWqFfNIQnVXjg\/claudia-vieira-jd.jpeg 640w, https:\/\/s2.glbimg.com\/Mto6TYO597KMGOU8P-JFlSryPSc=\/0x0:1040x780\/600x0\/smart\/filters:strip_icc()\/i.s3.glbimg.com\/v1\/AUTH_59edd422c0c84a879bd37670ae4f538a\/internal_photos\/bs\/2020\/7\/8\/rdjBjuStWqFfNIQnVXjg\/claudia-vieira-jd.jpeg 600w\" alt=\"Casas do Conjunto Habitacional Jo\u00e3o Domingos Netto foram danificadas \u2014 Foto: Cl\u00e1udia Vieira\/Cedida\" \/><\/figure>\n<p class=\"content-media__description \" style=\"text-align: justify;\">Casas do Conjunto Habitacional Jo\u00e3o Domingos Netto foram danificadas \u2014 Foto: Cl\u00e1udia Vieira\/Cedida<\/p>\n<p style=\"text-align: justify;\">Fonte: https:\/\/g1.globo.com\/sp\/presidente-prudente-regiao\/noticia\/2020\/06\/27\/forte-chuva-ventos-e-granizo-causam-estragos-em-bairros-de-presidente-prudente.ghtml<\/p>\n<\/div>\n<\/div>\n<\/div>\n","protected":false},"excerpt":{"rendered":"<p>De acordo com o Instituto Nacional de Meteorologia (INMET), ventos chegaram a quase 60 km\/h. Defesa Civil atende ocorr\u00eancias desde a noite desta sexta-feira (26). O forte temporal entre a noite desta sexta-feira (26) e a madrugada deste s\u00e1bado (27) causou estragos em v\u00e1rios bairros de\u00a0Presidente Prudente. A chuva de granizo afetou v\u00e1rias casas, com\u00e9rcio [&hellip;]<\/p>\n","protected":false},"author":1,"featured_media":29454,"comment_status":"closed","ping_status":"open","sticky":false,"template":"","format":"standard","meta":{"footnotes":""},"categories":[114,110],"tags":[],"class_list":["post-29453","post","type-post","status-publish","format-standard","has-post-thumbnail","hentry","category-geralecomercio","category-noticiasdestaque"],"_links":{"self":[{"href":"https:\/\/jorgezanoni.com.br\/2019\/wp-json\/wp\/v2\/posts\/29453","targetHints":{"allow":["GET"]}}],"collection":[{"href":"https:\/\/jorgezanoni.com.br\/2019\/wp-json\/wp\/v2\/posts"}],"about":[{"href":"https:\/\/jorgezanoni.com.br\/2019\/wp-json\/wp\/v2\/types\/post"}],"author":[{"embeddable":true,"href":"https:\/\/jorgezanoni.com.br\/2019\/wp-json\/wp\/v2\/users\/1"}],"replies":[{"embeddable":true,"href":"https:\/\/jorgezanoni.com.br\/2019\/wp-json\/wp\/v2\/comments?post=29453"}],"version-history":[{"count":0,"href":"https:\/\/jorgezanoni.com.br\/2019\/wp-json\/wp\/v2\/posts\/29453\/revisions"}],"wp:featuredmedia":[{"embeddable":true,"href":"https:\/\/jorgezanoni.com.br\/2019\/wp-json\/wp\/v2\/media\/29454"}],"wp:attachment":[{"href":"https:\/\/jorgezanoni.com.br\/2019\/wp-json\/wp\/v2\/media?parent=29453"}],"wp:term":[{"taxonomy":"category","embeddable":true,"href":"https:\/\/jorgezanoni.com.br\/2019\/wp-json\/wp\/v2\/categories?post=29453"},{"taxonomy":"post_tag","embeddable":true,"href":"https:\/\/jorgezanoni.com.br\/2019\/wp-json\/wp\/v2\/tags?post=29453"}],"curies":[{"name":"wp","href":"https:\/\/api.w.org\/{rel}","templated":true}]}}