{"id":29425,"date":"2020-06-27T01:11:57","date_gmt":"2020-06-27T01:11:57","guid":{"rendered":"https:\/\/jorgezanoni.com.br\/2019\/?p=29425"},"modified":"2020-06-27T01:11:57","modified_gmt":"2020-06-27T01:11:57","slug":"acidente-proximo-ao-trevo-de-venceslau-deixa-motorista-gravemente-ferido","status":"publish","type":"post","link":"https:\/\/jorgezanoni.com.br\/2019\/acidente-proximo-ao-trevo-de-venceslau-deixa-motorista-gravemente-ferido\/","title":{"rendered":"Acidente pr\u00f3ximo ao trevo de Venceslau deixa motorista gravemente ferido"},"content":{"rendered":"<p style=\"text-align: justify;\">Uma colis\u00e3o traseira envolvendo um ve\u00edculo Gol e um caminh\u00e3o deixou um homem de 60 anos de idade gravemente ferido no in\u00edcio da noite desta sexta-feira (26). O acidente foi registrado por volta das 18h55 na Rodovia Raposo Tavares, pr\u00f3ximo ao trevo de Presidente Venceslau.<\/p>\n<p style=\"text-align: justify;\">De acordo com informa\u00e7\u00f5es da Pol\u00edcia Rodovi\u00e1ria, a v\u00edtima estava na dire\u00e7\u00e3o do ve\u00edculo Gol com placas de Presidente Venceslau, e colidiu na traseira de um caminh\u00e3o com placas de Presidente Epit\u00e1cio que transportava uma carga de telha. Os dois ve\u00edculos trafegavam no sentido Piquerobi\/Caiu\u00e1.<\/p>\n<p style=\"text-align: justify;\">O motorista do Gol foi socorrido por equipes do Corpo de Bombeiros e conduzido at\u00e9 o Pronto Socorro da Santa Casa de Presidente Venceslau em estado grave. Ele passa por exames e est\u00e1 sendo monitorado por equipes m\u00e9dicas.<\/p>\n<p style=\"text-align: justify;\">J\u00e1 o\u00a0motororista do caminh\u00e3o nada sofreu.<\/p>\n<p style=\"text-align: justify;\">Equipes da Cart sinalizaram o local e o tr\u00e2nsito n\u00e3o foi interrompido. A per\u00edcia t\u00e9cnica foi acionada para elaborar um laudo com as causas da colis\u00e3o. Chovia no momento do acidente.<\/p>\n<p><img decoding=\"async\" src=\"https:\/\/www.portalbueno.com.br\/uploads\/news\/26_06_2020_094440_72.jpg\" alt=\"\" \/><\/p>\n<p>Fonte: Portal Bueno<\/p>\n","protected":false},"excerpt":{"rendered":"<p>Uma colis\u00e3o traseira envolvendo um ve\u00edculo Gol e um caminh\u00e3o deixou um homem de 60 anos de idade gravemente ferido no in\u00edcio da noite desta sexta-feira (26). O acidente foi registrado por volta das 18h55 na Rodovia Raposo Tavares, pr\u00f3ximo ao trevo de Presidente Venceslau. De acordo com informa\u00e7\u00f5es da Pol\u00edcia Rodovi\u00e1ria, a v\u00edtima estava [&hellip;]<\/p>\n","protected":false},"author":1,"featured_media":29426,"comment_status":"closed","ping_status":"open","sticky":false,"template":"","format":"standard","meta":{"footnotes":""},"categories":[170,110],"tags":[],"class_list":["post-29425","post","type-post","status-publish","format-standard","has-post-thumbnail","hentry","category-acidentes","category-noticiasdestaque"],"_links":{"self":[{"href":"https:\/\/jorgezanoni.com.br\/2019\/wp-json\/wp\/v2\/posts\/29425","targetHints":{"allow":["GET"]}}],"collection":[{"href":"https:\/\/jorgezanoni.com.br\/2019\/wp-json\/wp\/v2\/posts"}],"about":[{"href":"https:\/\/jorgezanoni.com.br\/2019\/wp-json\/wp\/v2\/types\/post"}],"author":[{"embeddable":true,"href":"https:\/\/jorgezanoni.com.br\/2019\/wp-json\/wp\/v2\/users\/1"}],"replies":[{"embeddable":true,"href":"https:\/\/jorgezanoni.com.br\/2019\/wp-json\/wp\/v2\/comments?post=29425"}],"version-history":[{"count":0,"href":"https:\/\/jorgezanoni.com.br\/2019\/wp-json\/wp\/v2\/posts\/29425\/revisions"}],"wp:featuredmedia":[{"embeddable":true,"href":"https:\/\/jorgezanoni.com.br\/2019\/wp-json\/wp\/v2\/media\/29426"}],"wp:attachment":[{"href":"https:\/\/jorgezanoni.com.br\/2019\/wp-json\/wp\/v2\/media?parent=29425"}],"wp:term":[{"taxonomy":"category","embeddable":true,"href":"https:\/\/jorgezanoni.com.br\/2019\/wp-json\/wp\/v2\/categories?post=29425"},{"taxonomy":"post_tag","embeddable":true,"href":"https:\/\/jorgezanoni.com.br\/2019\/wp-json\/wp\/v2\/tags?post=29425"}],"curies":[{"name":"wp","href":"https:\/\/api.w.org\/{rel}","templated":true}]}}