{"id":29395,"date":"2020-06-26T15:19:57","date_gmt":"2020-06-26T15:19:57","guid":{"rendered":"https:\/\/jorgezanoni.com.br\/2019\/?p=29395"},"modified":"2020-06-26T15:19:57","modified_gmt":"2020-06-26T15:19:57","slug":"maior-raio-do-mundo-e-registrado-no-brasil-com-709-km-de-extensao-diz-organizacao-meteorologica-mundial","status":"publish","type":"post","link":"https:\/\/jorgezanoni.com.br\/2019\/maior-raio-do-mundo-e-registrado-no-brasil-com-709-km-de-extensao-diz-organizacao-meteorologica-mundial\/","title":{"rendered":"Maior raio do mundo \u00e9 registrado no Brasil, com 709 km de extens\u00e3o, diz Organiza\u00e7\u00e3o Meteorol\u00f3gica Mundial"},"content":{"rendered":"<h2 class=\"content-head__subtitle\" style=\"text-align: justify;\"><strong>Raio cortou o Sul do Brasil em outubro de 2018; al\u00e9m deste recorde, organiza\u00e7\u00e3o tamb\u00e9m anunciou o registro do raio mais longo, em segundos, na Argentina<\/strong>.<\/h2>\n<div class=\"mc-column content-text active-extra-styles \" data-block-type=\"unstyled\" data-block-weight=\"31\" data-block-id=\"2\">\n<p class=\"content-text__container \" style=\"text-align: justify;\" data-track-category=\"Link no Texto\" data-track-links=\"\">A Organiza\u00e7\u00e3o Meteorol\u00f3gica Mundial (OMM) anunciou nesta sexta-feira (26) o registro de dois recordes de raios: o mais extenso em dist\u00e2ncia percorrida, e o mais longo em segundos. S\u00e3o os &#8220;megaflashes&#8221;.<\/p>\n<\/div>\n<div class=\"wall protected-content\">\n<div class=\"mc-column content-text active-extra-styles\" style=\"text-align: justify;\" data-block-type=\"raw\" data-block-weight=\"101\" data-block-id=\"3\">\n<ul class=\"content-unordered-list\">\n<li><strong>O recorde de raio mais extenso \u00e9 do Brasil:<\/strong>\u00a0Ele percorreu\u00a0<strong>709 km<\/strong>\u00a0em uma linha horizontal, cortando o Sul do Brasil, em 31 de outubro de 2018. \u00c9 mais que o dobro do recorde anterior, registrado em Oklahoma (EUA), com 321 km.<\/li>\n<li><strong>O recorde de raio com dura\u00e7\u00e3o mais longa \u00e9 da Argentina:\u00a0<\/strong>Ele durou\u00a0<strong>16,73 segundos<\/strong>\u00a0a partir de um flash que come\u00e7ou no norte da Argentina, em 4 de mar\u00e7o de 2019. Ele tamb\u00e9m \u00e9 mais que o dobro do recorde anterior, de 7,74 segundos registrado em Provence-Alpes-C\u00f4te d&#8217;Azur, Fran\u00e7a em 30 de agosto de 2012.<\/li>\n<\/ul>\n<\/div>\n<div class=\"row medium-uncollapsed content-media content-photo\" style=\"text-align: justify;\" data-block-type=\"backstage-photo\" data-block-id=\"4\">\n<div class=\"mc-column content-media__container\">\n<figure><img decoding=\"async\" class=\"i-amphtml-fill-content i-amphtml-replaced-content\" src=\"https:\/\/s2.glbimg.com\/PmIbxOHxGBoLlgkzSlude2XejXE=\/0x0:741x589\/984x0\/smart\/filters:strip_icc()\/i.s3.glbimg.com\/v1\/AUTH_59edd422c0c84a879bd37670ae4f538a\/internal_photos\/bs\/2020\/A\/S\/S5kDFuQcqRqrsiDHUbtw\/raio-distancia.png\" sizes=\"(max-width: 1242px) 648px, 100vw\" srcset=\"https:\/\/s2.glbimg.com\/2uhXHj9fjj7ALje9Dl6g6pOO2zM=\/0x0:741x589\/1000x0\/smart\/filters:strip_icc()\/i.s3.glbimg.com\/v1\/AUTH_59edd422c0c84a879bd37670ae4f538a\/internal_photos\/bs\/2020\/A\/S\/S5kDFuQcqRqrsiDHUbtw\/raio-distancia.png 1000w, https:\/\/s2.glbimg.com\/PmIbxOHxGBoLlgkzSlude2XejXE=\/0x0:741x589\/984x0\/smart\/filters:strip_icc()\/i.s3.glbimg.com\/v1\/AUTH_59edd422c0c84a879bd37670ae4f538a\/internal_photos\/bs\/2020\/A\/S\/S5kDFuQcqRqrsiDHUbtw\/raio-distancia.png 984w, https:\/\/s2.glbimg.com\/EOK4JP075rY_3K-8jYc7DHAEPqQ=\/0x0:741x589\/640x0\/smart\/filters:strip_icc()\/i.s3.glbimg.com\/v1\/AUTH_59edd422c0c84a879bd37670ae4f538a\/internal_photos\/bs\/2020\/A\/S\/S5kDFuQcqRqrsiDHUbtw\/raio-distancia.png 640w, https:\/\/s2.glbimg.com\/70udZtMTizj3N6DgF8PbJx1tapI=\/0x0:741x589\/600x0\/smart\/filters:strip_icc()\/i.s3.glbimg.com\/v1\/AUTH_59edd422c0c84a879bd37670ae4f538a\/internal_photos\/bs\/2020\/A\/S\/S5kDFuQcqRqrsiDHUbtw\/raio-distancia.png 600w\" alt=\"Infogr\u00e1fico da OMM mostra a dist\u00e2ncia percorrida pelo maior raio do mundo, que cortou o Sul do Brasil em outubro de 2018; registro de raio com brilho mais longo foi na Argentina, em mar\u00e7o de 2019: durou 16,730 segundos \u2014 Foto: Divulga\u00e7\u00e3o\/OMM\" \/><\/figure>\n<p class=\"content-media__description \">Infogr\u00e1fico da OMM mostra a dist\u00e2ncia percorrida pelo maior raio do mundo, que cortou o Sul do Brasil em outubro de 2018; registro de raio com brilho mais longo foi na Argentina, em mar\u00e7o de 2019: durou 16,730 segundos \u2014 Foto: Divulga\u00e7\u00e3o\/OMM<\/p>\n<\/div>\n<\/div>\n<div class=\"mc-column content-text active-extra-styles \" style=\"text-align: justify;\" data-block-type=\"unstyled\" data-block-weight=\"35\" data-block-id=\"6\">\n<p class=\"content-text__container \" data-track-category=\"Link no Texto\" data-track-links=\"\">O novo recorde foi estabelecido devido a uma nova tecnologia de imagens por sat\u00e9lite. Mas, segundo a OMM, tanto o registro anterior quanto o novo usaram a mesma metodologia para medir a extens\u00e3o do flash.<\/p>\n<\/div>\n<div class=\"mc-column content-text active-extra-styles \" style=\"text-align: justify;\" data-block-type=\"unstyled\" data-block-weight=\"25\" data-block-id=\"7\">\n<p class=\"content-text__container \" data-track-category=\"Link no Texto\" data-track-links=\"\">As descobertas foram publicadas pelas Cartas de Pesquisa Geof\u00edsica da American Geophysical Union, antev\u00e9spera do Dia Internacional da Seguran\u00e7a contra Raios, em 28 de junho.<\/p>\n<\/div>\n<div class=\"mc-column content-text active-extra-styles \" style=\"text-align: justify;\" data-block-type=\"unstyled\" data-block-weight=\"67\" data-block-id=\"8\">\n<p class=\"content-text__container \" data-track-category=\"Link no Texto\" data-track-links=\"\">\u201cEsses s\u00e3o registros extraordin\u00e1rios de eventos \u00fanicos de rel\u00e2mpagos. Eventos clim\u00e1ticos extremos s\u00e3o medidas vivas do que a natureza \u00e9 capaz, bem como o progresso cient\u00edfico em poder fazer essas avalia\u00e7\u00f5es. \u00c9 prov\u00e1vel que ainda haja extremos ainda maiores e que possamos observ\u00e1-los na medida que a tecnologia de detec\u00e7\u00e3o de raios melhorar \u201d, disse o professor Randall Cerveny, relator-chefe de extremos clim\u00e1ticos da OMM.<\/p>\n<\/div>\n<div class=\"mc-column content-text active-extra-styles \" style=\"text-align: justify;\" data-block-type=\"unstyled\" data-block-weight=\"27\" data-block-id=\"9\">\n<p class=\"content-text__container \" data-track-category=\"Link no Texto\" data-track-links=\"\">&#8220;Isso fornecer\u00e1 informa\u00e7\u00f5es valiosas para o estabelecimento de limites \u00e0 escala de raios \u2013 incluindo megaflashes \u2013 para quest\u00f5es de engenharia, seguran\u00e7a e cient\u00edficas&#8221;, disse ele.<\/p>\n<\/div>\n<div class=\"mc-column content-text active-extra-styles \" style=\"text-align: justify;\" data-block-type=\"unstyled\" data-block-weight=\"35\" data-block-id=\"10\">\n<p class=\"content-text__container \" data-track-category=\"Link no Texto\" data-track-links=\"\">Os raios representam um grande risco \u00e0 vida de muitas pessoas, todos os anos. As descobertas destacam importantes preocupa\u00e7\u00f5es de seguran\u00e7a p\u00fablica contra raios para nuvens eletrificadas, onde os flashes podem percorrer dist\u00e2ncias extremamente grandes.<\/p>\n<\/div>\n<div class=\"mc-column content-text active-extra-styles\" style=\"text-align: justify;\" data-block-type=\"raw\" data-block-weight=\"3\" data-block-id=\"11\">\n<div class=\"content-intertitle\">\n<h2>Raios no Brasil<\/h2>\n<\/div>\n<\/div>\n<div class=\"row medium-uncollapsed content-media content-photo\" style=\"text-align: justify;\" data-block-type=\"backstage-photo\" data-block-id=\"12\">\n<div class=\"mc-column content-media__container\">\n<figure><\/figure>\n<p class=\"content-media__description \">Raio foi registrado em Ubatuba, litoral de SP, em imagem de 2015. \u2014 Foto: Frederico Viebig\/ELAT\/INPE<\/p>\n<\/div>\n<\/div>\n<div class=\"mc-column content-text active-extra-styles \" style=\"text-align: justify;\" data-block-type=\"unstyled\" data-block-weight=\"70\" data-block-id=\"13\">\n<p class=\"content-text__container \" data-track-category=\"Link no Texto\" data-track-links=\"\">De acordo com o Grupo de Eletricidade Atmosf\u00e9rica (Elat) do Instituto Nacional de Pesquisas Espaciais (Inpe),\u00a0<strong>78 milh\u00f5es de raios caem todos os anos no Brasil.\u00a0<\/strong>Entre 2000 e 2019, 2,1 mil pessoas morreram devido \u00e0 incid\u00eancia de raios \u2013a cada 50 mortes por raio no mundo, 1 \u00e9 registrada no Brasil. O estado com mais mortes por raios, de 2000 a 2019, foi S\u00e3o Paulo, com 327 \u00f3bitos.<\/p>\n<\/div>\n<div class=\"mc-column content-text active-extra-styles \" style=\"text-align: justify;\" data-block-type=\"unstyled\" data-block-weight=\"4\" data-block-id=\"15\">\n<p class=\"content-text__container \" data-track-category=\"Link no Texto\" data-track-links=\"\">Veja abaixo os n\u00fameros:<\/p>\n<\/div>\n<div class=\"mc-column content-text active-extra-styles\" style=\"text-align: justify;\" data-block-type=\"raw\" data-block-weight=\"83\" data-block-id=\"16\">\n<ul class=\"content-unordered-list\">\n<li>78 milh\u00f5es de raios caem todos os anos no Brasil<\/li>\n<li>A cada 50 mortes por raio no mundo, 1 \u00e9 no Brasil<\/li>\n<li>De 2000 a 2019, 2.194 pessoas morreram no Brasil, por incid\u00eancia de raios<\/li>\n<li>O estado que mais registrou mortes por raios no per\u00edodo foi SP (327), seguido por MG (175) e PA (162)<\/li>\n<li>26% das mortes ocorreram na \u00e1rea rural; 21% em casa; 9% pr\u00f3ximo \u00e0 \u00e1gua; 9% debaixo de \u00e1rvores; 8% em \u00e1reas cobertas; 7% em \u00e1reas descampadas; entre outros.<\/li>\n<\/ul>\n<\/div>\n<div class=\"mc-column content-text active-extra-styles \" data-block-type=\"unstyled\" data-block-weight=\"45\" data-block-id=\"17\">\n<p class=\"content-text__container \" style=\"text-align: justify;\" data-track-category=\"Link no Texto\" data-track-links=\"\">Segundo o Elat,\u00a0<a href=\"https:\/\/g1.globo.com\/sp\/sao-paulo\/noticia\/2020\/06\/25\/queda-da-poluicao-provocada-pela-quarentena-para-conter-covid-19-diminui-quantidade-de-raios-em-sp.ghtml\">a incid\u00eancia de raios diminuiu 20% na cidade de S\u00e3o Paulo no per\u00edodo inicial da quarentena<\/a>. Segundo o cientista Osmar Pinto Junior, coordenador do Elat, o motivo foi a queda na emiss\u00e3o de poluentes atmosf\u00e9ricos, com a redu\u00e7\u00e3o de ve\u00edculos nas ruas.<\/p>\n<p style=\"text-align: justify;\" data-track-category=\"Link no Texto\" data-track-links=\"\">Fonte: https:\/\/g1.globo.com\/ciencia-e-saude\/noticia\/2020\/06\/26\/maior-raio-do-mundo-e-registrado-no-brasil-com-709-km-de-extensao-diz-organizacao-meteorologica-mundial.ghtml<\/p>\n<\/div>\n<\/div>\n","protected":false},"excerpt":{"rendered":"<p>Raio cortou o Sul do Brasil em outubro de 2018; al\u00e9m deste recorde, organiza\u00e7\u00e3o tamb\u00e9m anunciou o registro do raio mais longo, em segundos, na Argentina. A Organiza\u00e7\u00e3o Meteorol\u00f3gica Mundial (OMM) anunciou nesta sexta-feira (26) o registro de dois recordes de raios: o mais extenso em dist\u00e2ncia percorrida, e o mais longo em segundos. S\u00e3o [&hellip;]<\/p>\n","protected":false},"author":1,"featured_media":29396,"comment_status":"closed","ping_status":"open","sticky":false,"template":"","format":"standard","meta":{"footnotes":""},"categories":[114,110],"tags":[],"class_list":["post-29395","post","type-post","status-publish","format-standard","has-post-thumbnail","hentry","category-geralecomercio","category-noticiasdestaque"],"_links":{"self":[{"href":"https:\/\/jorgezanoni.com.br\/2019\/wp-json\/wp\/v2\/posts\/29395","targetHints":{"allow":["GET"]}}],"collection":[{"href":"https:\/\/jorgezanoni.com.br\/2019\/wp-json\/wp\/v2\/posts"}],"about":[{"href":"https:\/\/jorgezanoni.com.br\/2019\/wp-json\/wp\/v2\/types\/post"}],"author":[{"embeddable":true,"href":"https:\/\/jorgezanoni.com.br\/2019\/wp-json\/wp\/v2\/users\/1"}],"replies":[{"embeddable":true,"href":"https:\/\/jorgezanoni.com.br\/2019\/wp-json\/wp\/v2\/comments?post=29395"}],"version-history":[{"count":0,"href":"https:\/\/jorgezanoni.com.br\/2019\/wp-json\/wp\/v2\/posts\/29395\/revisions"}],"wp:featuredmedia":[{"embeddable":true,"href":"https:\/\/jorgezanoni.com.br\/2019\/wp-json\/wp\/v2\/media\/29396"}],"wp:attachment":[{"href":"https:\/\/jorgezanoni.com.br\/2019\/wp-json\/wp\/v2\/media?parent=29395"}],"wp:term":[{"taxonomy":"category","embeddable":true,"href":"https:\/\/jorgezanoni.com.br\/2019\/wp-json\/wp\/v2\/categories?post=29395"},{"taxonomy":"post_tag","embeddable":true,"href":"https:\/\/jorgezanoni.com.br\/2019\/wp-json\/wp\/v2\/tags?post=29395"}],"curies":[{"name":"wp","href":"https:\/\/api.w.org\/{rel}","templated":true}]}}