{"id":29375,"date":"2020-06-25T22:13:51","date_gmt":"2020-06-25T22:13:51","guid":{"rendered":"https:\/\/jorgezanoni.com.br\/2019\/?p=29375"},"modified":"2020-06-25T22:13:51","modified_gmt":"2020-06-25T22:13:51","slug":"boletim-atualizado-da-covid-19-da-secretaria-municipal-de-saude-de-dracena-25-06","status":"publish","type":"post","link":"https:\/\/jorgezanoni.com.br\/2019\/boletim-atualizado-da-covid-19-da-secretaria-municipal-de-saude-de-dracena-25-06\/","title":{"rendered":"Boletim atualizado da COVID-19 da Secretaria Municipal de Sa\u00fade de Dracena 25\/06"},"content":{"rendered":"<p style=\"text-align: justify;\">Secretaria Municipal de Sa\u00fade e Higiene P\u00fablica informa a atualiza\u00e7\u00e3o do quadro de casos suspeitos e confirmados de Covid-19 em Dracena.<\/p>\n<p style=\"text-align: justify;\">S\u00e3o 62 pessoas curadas e somente dezoito com o v\u00edrus ativo que est\u00e3o sendo tratadas com isolamento social (dezessete pessoas) e isolamento hospitalar (uma pessoa) em nossa cidade.<\/p>\n<p style=\"text-align: justify;\">Aten\u00e7\u00e3o, esses n\u00fameros s\u00e3o apenas de moradores de Dracena. Na Santa Casa existem outras pessoas de cidades vizinhas que est\u00e3o internadas nos leitos de isolamento e<span class=\"text_exposed_show\">\u00a0n\u00e3o entram na estat\u00edstica do nosso munic\u00edpio.<\/span><\/p>\n<div class=\"text_exposed_show\">\n<p style=\"text-align: justify;\">Dracena contra a COVID-19.<\/p>\n<\/div>\n","protected":false},"excerpt":{"rendered":"<p>Secretaria Municipal de Sa\u00fade e Higiene P\u00fablica informa a atualiza\u00e7\u00e3o do quadro de casos suspeitos e confirmados de Covid-19 em Dracena. S\u00e3o 62 pessoas curadas e somente dezoito com o v\u00edrus ativo que est\u00e3o sendo tratadas com isolamento social (dezessete pessoas) e isolamento hospitalar (uma pessoa) em nossa cidade. Aten\u00e7\u00e3o, esses n\u00fameros s\u00e3o apenas de [&hellip;]<\/p>\n","protected":false},"author":1,"featured_media":29376,"comment_status":"closed","ping_status":"open","sticky":false,"template":"","format":"standard","meta":{"footnotes":""},"categories":[179,184,110],"tags":[],"class_list":["post-29375","post","type-post","status-publish","format-standard","has-post-thumbnail","hentry","category-cidadeseregiao","category-dracena","category-noticiasdestaque"],"_links":{"self":[{"href":"https:\/\/jorgezanoni.com.br\/2019\/wp-json\/wp\/v2\/posts\/29375","targetHints":{"allow":["GET"]}}],"collection":[{"href":"https:\/\/jorgezanoni.com.br\/2019\/wp-json\/wp\/v2\/posts"}],"about":[{"href":"https:\/\/jorgezanoni.com.br\/2019\/wp-json\/wp\/v2\/types\/post"}],"author":[{"embeddable":true,"href":"https:\/\/jorgezanoni.com.br\/2019\/wp-json\/wp\/v2\/users\/1"}],"replies":[{"embeddable":true,"href":"https:\/\/jorgezanoni.com.br\/2019\/wp-json\/wp\/v2\/comments?post=29375"}],"version-history":[{"count":0,"href":"https:\/\/jorgezanoni.com.br\/2019\/wp-json\/wp\/v2\/posts\/29375\/revisions"}],"wp:featuredmedia":[{"embeddable":true,"href":"https:\/\/jorgezanoni.com.br\/2019\/wp-json\/wp\/v2\/media\/29376"}],"wp:attachment":[{"href":"https:\/\/jorgezanoni.com.br\/2019\/wp-json\/wp\/v2\/media?parent=29375"}],"wp:term":[{"taxonomy":"category","embeddable":true,"href":"https:\/\/jorgezanoni.com.br\/2019\/wp-json\/wp\/v2\/categories?post=29375"},{"taxonomy":"post_tag","embeddable":true,"href":"https:\/\/jorgezanoni.com.br\/2019\/wp-json\/wp\/v2\/tags?post=29375"}],"curies":[{"name":"wp","href":"https:\/\/api.w.org\/{rel}","templated":true}]}}