{"id":29360,"date":"2020-06-25T15:38:08","date_gmt":"2020-06-25T15:38:08","guid":{"rendered":"https:\/\/jorgezanoni.com.br\/2019\/?p=29360"},"modified":"2020-06-25T15:38:08","modified_gmt":"2020-06-25T15:38:08","slug":"docente-de-medicina-da-unifadra-conclui-mestrado-2","status":"publish","type":"post","link":"https:\/\/jorgezanoni.com.br\/2019\/docente-de-medicina-da-unifadra-conclui-mestrado-2\/","title":{"rendered":"Docente de Medicina da Unifadra conclui mestrado"},"content":{"rendered":"<p dir=\"ltr\" style=\"text-align: justify;\">A docente do curso de Medicina da Faculdade Unifadra de Dracena Profa. Carla Sola Deponte concluiu, no dia 18 de junho, o Mestrado Profissional em Ensino em Sa\u00fade, pela Faculdade de Medicina de Mar\u00edlia &#8211; FAMEMA.<\/p>\n<p dir=\"ltr\" style=\"text-align: justify;\">Carla defendeu a disserta\u00e7\u00e3o &#8220;Preven\u00e7\u00e3o do c\u00e2ncer de pele em adolescentes: a\u00e7\u00e3o educativa em escola p\u00fablica&#8221;, orientada pela Profa. Dra. Ieda Francischetti.<\/p>\n<p dir=\"ltr\" style=\"text-align: justify;\">A Unifadra parabeniza a professora pela conclus\u00e3o do mestrado e por suas contribui\u00e7\u00f5es ao curso de Medicina da institui\u00e7\u00e3o.<span id=\"gmail-docs-internal-guid-275652e8-7fff-7869-8780-a4c616941191\"><\/span><\/p>\n<div style=\"text-align: justify;\">Foto: A m\u00e9dica Profa. Ma. Carla Sola Deponte.<\/div>\n<div style=\"text-align: justify;\"><\/div>\n<div class=\"gmail_signature\" dir=\"ltr\">\n<div dir=\"ltr\" style=\"text-align: justify;\">Carolina Colnago<br \/>\nAssistente de Comunica\u00e7\u00e3o<br \/>\nFunda\u00e7\u00e3o Dracenense de Educa\u00e7\u00e3o e Cultura<\/div>\n<\/div>\n","protected":false},"excerpt":{"rendered":"<p>A docente do curso de Medicina da Faculdade Unifadra de Dracena Profa. Carla Sola Deponte concluiu, no dia 18 de junho, o Mestrado Profissional em Ensino em Sa\u00fade, pela Faculdade de Medicina de Mar\u00edlia &#8211; FAMEMA. Carla defendeu a disserta\u00e7\u00e3o &#8220;Preven\u00e7\u00e3o do c\u00e2ncer de pele em adolescentes: a\u00e7\u00e3o educativa em escola p\u00fablica&#8221;, orientada pela Profa. [&hellip;]<\/p>\n","protected":false},"author":1,"featured_media":29361,"comment_status":"closed","ping_status":"open","sticky":false,"template":"","format":"standard","meta":{"footnotes":""},"categories":[122],"tags":[],"class_list":["post-29360","post","type-post","status-publish","format-standard","has-post-thumbnail","hentry","category-saudeeducacaoeconcurso"],"_links":{"self":[{"href":"https:\/\/jorgezanoni.com.br\/2019\/wp-json\/wp\/v2\/posts\/29360","targetHints":{"allow":["GET"]}}],"collection":[{"href":"https:\/\/jorgezanoni.com.br\/2019\/wp-json\/wp\/v2\/posts"}],"about":[{"href":"https:\/\/jorgezanoni.com.br\/2019\/wp-json\/wp\/v2\/types\/post"}],"author":[{"embeddable":true,"href":"https:\/\/jorgezanoni.com.br\/2019\/wp-json\/wp\/v2\/users\/1"}],"replies":[{"embeddable":true,"href":"https:\/\/jorgezanoni.com.br\/2019\/wp-json\/wp\/v2\/comments?post=29360"}],"version-history":[{"count":0,"href":"https:\/\/jorgezanoni.com.br\/2019\/wp-json\/wp\/v2\/posts\/29360\/revisions"}],"wp:featuredmedia":[{"embeddable":true,"href":"https:\/\/jorgezanoni.com.br\/2019\/wp-json\/wp\/v2\/media\/29361"}],"wp:attachment":[{"href":"https:\/\/jorgezanoni.com.br\/2019\/wp-json\/wp\/v2\/media?parent=29360"}],"wp:term":[{"taxonomy":"category","embeddable":true,"href":"https:\/\/jorgezanoni.com.br\/2019\/wp-json\/wp\/v2\/categories?post=29360"},{"taxonomy":"post_tag","embeddable":true,"href":"https:\/\/jorgezanoni.com.br\/2019\/wp-json\/wp\/v2\/tags?post=29360"}],"curies":[{"name":"wp","href":"https:\/\/api.w.org\/{rel}","templated":true}]}}