{"id":29357,"date":"2020-06-25T15:29:40","date_gmt":"2020-06-25T15:29:40","guid":{"rendered":"https:\/\/jorgezanoni.com.br\/2019\/?p=29357"},"modified":"2020-06-25T15:29:40","modified_gmt":"2020-06-25T15:29:40","slug":"inscricoes-abertas-para-receber-transferencias-de-alunos-medicina-para-a-unifadra-fundec-de-dracena","status":"publish","type":"post","link":"https:\/\/jorgezanoni.com.br\/2019\/inscricoes-abertas-para-receber-transferencias-de-alunos-medicina-para-a-unifadra-fundec-de-dracena\/","title":{"rendered":"Inscri\u00e7\u00f5es abertas para receber transfer\u00eancias de alunos Medicina para a Unifadra\/Fundec de Dracena\u00a0"},"content":{"rendered":"<div>\n<p dir=\"ltr\" style=\"text-align: justify;\">A Faculdade Unifadra, unidade escolar mantida pela Fundec, em Dracena, est\u00e1 com as inscri\u00e7\u00f5es abertas para receber transfer\u00eancias externas para o 2\u00ba, 4\u00ba, 6\u00ba e 8\u00ba semestres do curso de Medicina. As inscri\u00e7\u00f5es para esse processo seletivo poder\u00e3o ser feitas at\u00e9 o dia 15 de julho, pelo site <a href=\"http:\/\/www.fundec.edu.br\/\" target=\"_blank\" rel=\"noopener noreferrer\">www.fundec.edu.br<\/a>.<\/p>\n<p dir=\"ltr\" style=\"text-align: justify;\">Com 52 anos de exist\u00eancia, a Fundec tem a miss\u00e3o de educar e qualificar pessoas em todos os n\u00edveis, com qualidade e responsabilidade social e tem se tornado refer\u00eancia educacional pela excel\u00eancia de qualidade dos servi\u00e7os prestados. O curso de Medicina, considerado um dos melhores do Estado de S\u00e3o Paulo, recebe estudantes de todo o pa\u00eds, que buscam a melhor forma\u00e7\u00e3o profissional com metodologias ativas e inovadoras de ensino.<br \/>\nO diretor acad\u00eamico da Unifadra Prof. Dr. Enio Garbelini destacou que a estrutura da Unifadra conta com v\u00e1rios laborat\u00f3rios de sa\u00fade totalmente dotados de equipamentos tecnol\u00f3gicos de \u00faltima gera\u00e7\u00e3o e de alto custo, como simuladores real\u00edsticos, mesas simuladoras de anatomia 3D, aparelhos completos para procedimentos e pr\u00e1ticas cir\u00fargicas, equipamentos para habilidades m\u00e9dicas, morfologia, bibliotecas virtuais com acervos digitais, entre outros. &#8220;Toda a estrutura deste curso \u00e9 nova, atendendo todas as diretrizes do Conselho Estadual de Educa\u00e7\u00e3o e das melhores escolas m\u00e9dicas do Pa\u00eds&#8221;, completou Garbelini.<br \/>\nO corpo docente \u00e9 composto por especialistas, mestres e doutores na \u00e1rea da Sa\u00fade que acompanham as constantes inova\u00e7\u00f5es. Os alunos do curso de Medicina da Unifadra v\u00e3o a campo desde o primeiro semestre do curso em unidades de sa\u00fade de Dracena e regi\u00e3o. A microrregi\u00e3o de Dracena recebe os alunos da Unifadra para suas atividades pr\u00e1ticas em hospitais, postos de sa\u00fade, UBS, ESFs, al\u00e9m dos programas sociais oferecidos pela pr\u00f3pria institui\u00e7\u00e3o e parceiros.<\/p>\n<p dir=\"ltr\" style=\"text-align: justify;\">Inscri\u00e7\u00f5es:<\/p>\n<p dir=\"ltr\" style=\"text-align: justify;\">Poder\u00e3o inscrever-se no processo seletivo de transfer\u00eancia alunos regularmente matriculados em cursos de gradua\u00e7\u00e3o em Medicina de institui\u00e7\u00f5es de ensino superior brasileiras reconhecidas pelo MEC ou pelos Conselhos Estaduais de Educa\u00e7\u00e3o. Os candidatos ter\u00e3o que, al\u00e9m de efetuar a inscri\u00e7\u00e3o pelo site, enviar por e-mail para a Unifadra a rela\u00e7\u00e3o de documentos pedida no edital. As provas escritas ser\u00e3o realizadas nos dias 23 e 24 de julho, na Fundec.<\/p>\n<p dir=\"ltr\" style=\"text-align: justify;\">O resultado final ser\u00e1 divulgado no dia 25\/07. As matr\u00edculas para os aprovados no processo seletivo de transfer\u00eancia dever\u00e3o ser feitas de 27\/07 a 03\/08.<\/p>\n<p dir=\"ltr\" style=\"text-align: justify;\">O diretor acad\u00eamico da Unifadra destacou que a Fundec tem tradi\u00e7\u00e3o na \u00e1rea educacional e oferece aos seus alunos uma infraestrutura de alta qualidade, com tecnologias inovadoras no ensino-aprendizagem.<\/p>\n<p dir=\"ltr\" style=\"text-align: justify;\">Edital e informa\u00e7\u00f5es no site: <a href=\"http:\/\/www.fundec.edu.br\/unifadra\" target=\"_blank\" rel=\"noopener noreferrer\">www.fundec.edu.br\/unifadra<\/a>.<\/p>\n<\/div>\n<div class=\"gmail_signature\" dir=\"ltr\">\n<div dir=\"ltr\" style=\"text-align: justify;\"><b>Carolina Colnago<br \/>\nAssistente de Comunica\u00e7\u00e3o\u00a0<\/b><br \/>\n<b>Funda\u00e7\u00e3o Dracenense de Educa\u00e7\u00e3o e Cultura<\/b><\/div>\n<\/div>\n","protected":false},"excerpt":{"rendered":"<p>A Faculdade Unifadra, unidade escolar mantida pela Fundec, em Dracena, est\u00e1 com as inscri\u00e7\u00f5es abertas para receber transfer\u00eancias externas para o 2\u00ba, 4\u00ba, 6\u00ba e 8\u00ba semestres do curso de Medicina. As inscri\u00e7\u00f5es para esse processo seletivo poder\u00e3o ser feitas at\u00e9 o dia 15 de julho, pelo site www.fundec.edu.br. Com 52 anos de exist\u00eancia, a [&hellip;]<\/p>\n","protected":false},"author":1,"featured_media":29358,"comment_status":"closed","ping_status":"open","sticky":false,"template":"","format":"standard","meta":{"footnotes":""},"categories":[122],"tags":[],"class_list":["post-29357","post","type-post","status-publish","format-standard","has-post-thumbnail","hentry","category-saudeeducacaoeconcurso"],"_links":{"self":[{"href":"https:\/\/jorgezanoni.com.br\/2019\/wp-json\/wp\/v2\/posts\/29357","targetHints":{"allow":["GET"]}}],"collection":[{"href":"https:\/\/jorgezanoni.com.br\/2019\/wp-json\/wp\/v2\/posts"}],"about":[{"href":"https:\/\/jorgezanoni.com.br\/2019\/wp-json\/wp\/v2\/types\/post"}],"author":[{"embeddable":true,"href":"https:\/\/jorgezanoni.com.br\/2019\/wp-json\/wp\/v2\/users\/1"}],"replies":[{"embeddable":true,"href":"https:\/\/jorgezanoni.com.br\/2019\/wp-json\/wp\/v2\/comments?post=29357"}],"version-history":[{"count":0,"href":"https:\/\/jorgezanoni.com.br\/2019\/wp-json\/wp\/v2\/posts\/29357\/revisions"}],"wp:featuredmedia":[{"embeddable":true,"href":"https:\/\/jorgezanoni.com.br\/2019\/wp-json\/wp\/v2\/media\/29358"}],"wp:attachment":[{"href":"https:\/\/jorgezanoni.com.br\/2019\/wp-json\/wp\/v2\/media?parent=29357"}],"wp:term":[{"taxonomy":"category","embeddable":true,"href":"https:\/\/jorgezanoni.com.br\/2019\/wp-json\/wp\/v2\/categories?post=29357"},{"taxonomy":"post_tag","embeddable":true,"href":"https:\/\/jorgezanoni.com.br\/2019\/wp-json\/wp\/v2\/tags?post=29357"}],"curies":[{"name":"wp","href":"https:\/\/api.w.org\/{rel}","templated":true}]}}