{"id":29349,"date":"2020-06-25T15:15:02","date_gmt":"2020-06-25T15:15:02","guid":{"rendered":"https:\/\/jorgezanoni.com.br\/2019\/?p=29349"},"modified":"2020-06-25T15:17:55","modified_gmt":"2020-06-25T15:17:55","slug":"policia-civil-realiza-operacao-mutum-e-recupera-caminhao-furtado-em-panorama","status":"publish","type":"post","link":"https:\/\/jorgezanoni.com.br\/2019\/policia-civil-realiza-operacao-mutum-e-recupera-caminhao-furtado-em-panorama\/","title":{"rendered":"Policia Civil realiza \u201cOpera\u00e7\u00e3o Mutum\u201d e recupera caminh\u00e3o furtado em Panorama"},"content":{"rendered":"<p style=\"text-align: justify;\">Na opera\u00e7\u00e3o que contou com aux\u00edlio da Pol\u00edcia do Estado do Mato Grosso do Sul, foi recuperado tamb\u00e9m um outro ve\u00edculo que havia sido furtado na cidade de Brasil\u00e2ndia -MS<\/p>\n<p style=\"text-align: justify;\">A Pol\u00edcia Civil, por interm\u00e9dio da Delegacia de Pol\u00edcia de Panorama, desencadeou nesta quarta-feira (24), em cidades do Estado do Mato Grosso do Sul, a \u201cOpera\u00e7\u00e3o Mutum\u201d que resultou na recupera\u00e7\u00e3o de um caminh\u00e3o, modelo F4000, que havia sido furtado no \u00faltimo dia 11, na regi\u00e3o central na cidade Panorama. Na mesma a\u00e7\u00e3o policial tamb\u00e9m foi recuperado um outro ve\u00edculo utilit\u00e1rio, modelo D-20, furtado na cidade de Brasil\u00e2ndia-MS.<br \/>\nO setor de investiga\u00e7\u00e3o da Delegacia de Pol\u00edcia de Panorama, utilizando meios tecnol\u00f3gicos dispon\u00edveis e compartilhamentos de dados, vinha investigando o furto de um ve\u00edculo ocorrido, no dia 11, na regi\u00e3o central da cidade Panorama. Obtendo informa\u00e7\u00e3o que o ve\u00edculo teria com destino o estado Mato Grosso do Sul.<br \/>\nDiante da diligencias realizadas, foi deflagrado nesta quarta-feira (24), a Opera\u00e7\u00e3o Mutum, que contou com aux\u00edlio de agentes sul mato-grossense, das Delegacias de Brasil\u00e2ndia, Santa Rita do Pardo, da Regional de Nova Andradina, que resultou na recupera\u00e7\u00e3o dos dois ve\u00edculos furtados. E na pris\u00e3o, por crime recepta\u00e7\u00e3o, de um homem de 44 anos, morador da cidade de Santa Rita do Pardo-MS, visto que na resid\u00eancia do investigado foram encontrados diversos objetos furtados em propriedades rurais daquele estado. O homem tamb\u00e9m foi indiciado pelo crime de furto qualificado e associa\u00e7\u00e3o criminosa, ocorrido na cidade de Panorama.<br \/>\nAs investiga\u00e7\u00f5es continuam com intu\u00eddo de identificar os demais integrantes da quadrilha de furtadores.<\/p>\n<p><img loading=\"lazy\" decoding=\"async\" class=\"alignnone size-full wp-image-29351\" src=\"https:\/\/jorgezanoni.com.br\/2019\/wp-content\/uploads\/2020\/06\/mu1.jpg\" alt=\"\" width=\"1032\" height=\"581\" srcset=\"https:\/\/jorgezanoni.com.br\/2019\/wp-content\/uploads\/2020\/06\/mu1.jpg 1032w, https:\/\/jorgezanoni.com.br\/2019\/wp-content\/uploads\/2020\/06\/mu1-300x169.jpg 300w, https:\/\/jorgezanoni.com.br\/2019\/wp-content\/uploads\/2020\/06\/mu1-1024x576.jpg 1024w, https:\/\/jorgezanoni.com.br\/2019\/wp-content\/uploads\/2020\/06\/mu1-768x432.jpg 768w, https:\/\/jorgezanoni.com.br\/2019\/wp-content\/uploads\/2020\/06\/mu1-696x392.jpg 696w, https:\/\/jorgezanoni.com.br\/2019\/wp-content\/uploads\/2020\/06\/mu1-746x420.jpg 746w\" sizes=\"auto, (max-width: 1032px) 100vw, 1032px\" \/> <img loading=\"lazy\" decoding=\"async\" class=\"alignnone size-full wp-image-29352\" src=\"https:\/\/jorgezanoni.com.br\/2019\/wp-content\/uploads\/2020\/06\/mu2.jpg\" alt=\"\" width=\"1040\" height=\"780\" srcset=\"https:\/\/jorgezanoni.com.br\/2019\/wp-content\/uploads\/2020\/06\/mu2.jpg 1040w, https:\/\/jorgezanoni.com.br\/2019\/wp-content\/uploads\/2020\/06\/mu2-300x225.jpg 300w, https:\/\/jorgezanoni.com.br\/2019\/wp-content\/uploads\/2020\/06\/mu2-1024x768.jpg 1024w, https:\/\/jorgezanoni.com.br\/2019\/wp-content\/uploads\/2020\/06\/mu2-768x576.jpg 768w, https:\/\/jorgezanoni.com.br\/2019\/wp-content\/uploads\/2020\/06\/mu2-80x60.jpg 80w, https:\/\/jorgezanoni.com.br\/2019\/wp-content\/uploads\/2020\/06\/mu2-265x198.jpg 265w, https:\/\/jorgezanoni.com.br\/2019\/wp-content\/uploads\/2020\/06\/mu2-696x522.jpg 696w, https:\/\/jorgezanoni.com.br\/2019\/wp-content\/uploads\/2020\/06\/mu2-560x420.jpg 560w\" sizes=\"auto, (max-width: 1040px) 100vw, 1040px\" \/> <img loading=\"lazy\" decoding=\"async\" class=\"alignnone size-full wp-image-29353\" src=\"https:\/\/jorgezanoni.com.br\/2019\/wp-content\/uploads\/2020\/06\/mu3.jpg\" alt=\"\" width=\"1280\" height=\"960\" srcset=\"https:\/\/jorgezanoni.com.br\/2019\/wp-content\/uploads\/2020\/06\/mu3.jpg 1280w, https:\/\/jorgezanoni.com.br\/2019\/wp-content\/uploads\/2020\/06\/mu3-300x225.jpg 300w, https:\/\/jorgezanoni.com.br\/2019\/wp-content\/uploads\/2020\/06\/mu3-1024x768.jpg 1024w, https:\/\/jorgezanoni.com.br\/2019\/wp-content\/uploads\/2020\/06\/mu3-768x576.jpg 768w, https:\/\/jorgezanoni.com.br\/2019\/wp-content\/uploads\/2020\/06\/mu3-80x60.jpg 80w, https:\/\/jorgezanoni.com.br\/2019\/wp-content\/uploads\/2020\/06\/mu3-265x198.jpg 265w, https:\/\/jorgezanoni.com.br\/2019\/wp-content\/uploads\/2020\/06\/mu3-696x522.jpg 696w, https:\/\/jorgezanoni.com.br\/2019\/wp-content\/uploads\/2020\/06\/mu3-1068x801.jpg 1068w, https:\/\/jorgezanoni.com.br\/2019\/wp-content\/uploads\/2020\/06\/mu3-560x420.jpg 560w\" sizes=\"auto, (max-width: 1280px) 100vw, 1280px\" \/><\/p>\n<p style=\"text-align: justify;\">Fonte: Com. Social Pol\u00edcia Civil<\/p>\n","protected":false},"excerpt":{"rendered":"<p>Na opera\u00e7\u00e3o que contou com aux\u00edlio da Pol\u00edcia do Estado do Mato Grosso do Sul, foi recuperado tamb\u00e9m um outro ve\u00edculo que havia sido furtado na cidade de Brasil\u00e2ndia -MS A Pol\u00edcia Civil, por interm\u00e9dio da Delegacia de Pol\u00edcia de Panorama, desencadeou nesta quarta-feira (24), em cidades do Estado do Mato Grosso do Sul, a [&hellip;]<\/p>\n","protected":false},"author":1,"featured_media":29350,"comment_status":"closed","ping_status":"open","sticky":false,"template":"","format":"standard","meta":{"footnotes":""},"categories":[110,2],"tags":[],"class_list":["post-29349","post","type-post","status-publish","format-standard","has-post-thumbnail","hentry","category-noticiasdestaque","category-policial"],"_links":{"self":[{"href":"https:\/\/jorgezanoni.com.br\/2019\/wp-json\/wp\/v2\/posts\/29349","targetHints":{"allow":["GET"]}}],"collection":[{"href":"https:\/\/jorgezanoni.com.br\/2019\/wp-json\/wp\/v2\/posts"}],"about":[{"href":"https:\/\/jorgezanoni.com.br\/2019\/wp-json\/wp\/v2\/types\/post"}],"author":[{"embeddable":true,"href":"https:\/\/jorgezanoni.com.br\/2019\/wp-json\/wp\/v2\/users\/1"}],"replies":[{"embeddable":true,"href":"https:\/\/jorgezanoni.com.br\/2019\/wp-json\/wp\/v2\/comments?post=29349"}],"version-history":[{"count":0,"href":"https:\/\/jorgezanoni.com.br\/2019\/wp-json\/wp\/v2\/posts\/29349\/revisions"}],"wp:featuredmedia":[{"embeddable":true,"href":"https:\/\/jorgezanoni.com.br\/2019\/wp-json\/wp\/v2\/media\/29350"}],"wp:attachment":[{"href":"https:\/\/jorgezanoni.com.br\/2019\/wp-json\/wp\/v2\/media?parent=29349"}],"wp:term":[{"taxonomy":"category","embeddable":true,"href":"https:\/\/jorgezanoni.com.br\/2019\/wp-json\/wp\/v2\/categories?post=29349"},{"taxonomy":"post_tag","embeddable":true,"href":"https:\/\/jorgezanoni.com.br\/2019\/wp-json\/wp\/v2\/tags?post=29349"}],"curies":[{"name":"wp","href":"https:\/\/api.w.org\/{rel}","templated":true}]}}