{"id":29322,"date":"2020-06-25T13:30:48","date_gmt":"2020-06-25T13:30:48","guid":{"rendered":"https:\/\/jorgezanoni.com.br\/2019\/?p=29322"},"modified":"2020-06-25T13:30:48","modified_gmt":"2020-06-25T13:30:48","slug":"acidente-entre-caminhoes-e-carros-deixa-mortos-em-rodovia-do-interior-de-sp","status":"publish","type":"post","link":"https:\/\/jorgezanoni.com.br\/2019\/acidente-entre-caminhoes-e-carros-deixa-mortos-em-rodovia-do-interior-de-sp\/","title":{"rendered":"Acidente entre caminh\u00f5es e carros deixa mortos em rodovia do interior de SP"},"content":{"rendered":"<h2 class=\"content-head__subtitle\" style=\"text-align: justify;\"><strong>Batida foi na rodovia Marechal Rondon, em Agudos. Segundo a PM Rodovi\u00e1ria, motorista de um caminh\u00e3o invadiu a pista contr\u00e1ria ap\u00f3s batida e colidiu contra dois carros.<\/strong><\/h2>\n<div class=\"mc-column content-text active-extra-styles \" data-block-type=\"unstyled\" data-block-weight=\"33\" data-block-id=\"2\">\n<p class=\"content-text__container \" style=\"text-align: justify;\" data-track-category=\"Link no Texto\" data-track-links=\"\">Duas pessoas morreram e outras duas ficaram gravemente feridas ap\u00f3s se envolverem em um acidente entre dois caminh\u00f5es e dois carros, na noite desta quarta-feira (24), na rodovia Marechal Rondon, em Agudos (SP)<\/p>\n<\/div>\n<div class=\"wall protected-content\">\n<div class=\"mc-column content-text active-extra-styles \" style=\"text-align: justify;\" data-block-type=\"unstyled\" data-block-weight=\"31\" data-block-id=\"3\">\n<p class=\"content-text__container \" data-track-category=\"Link no Texto\" data-track-links=\"\">De acordo com a Pol\u00edcia Rodovi\u00e1ria, o motorista de um caminh\u00e3o seguia no sentido interior-capital, quando no quil\u00f4metro 330+500 metros acabou colidindo na traseira de outro, que estava no mesmo sentido.<\/p>\n<\/div>\n<div class=\"mc-column content-text active-extra-styles \" style=\"text-align: justify;\" data-block-type=\"unstyled\" data-block-weight=\"31\" data-block-id=\"4\">\n<p class=\"content-text__container \" data-track-category=\"Link no Texto\" data-track-links=\"\">Devido ao impacto, ele perdeu o controle, atravessou o canteiro central e invadiu a pista contr\u00e1ria. Na sequ\u00eancia, ele bateu de frente com um carro e transversalmente em outro ve\u00edculo.<\/p>\n<\/div>\n<div class=\"mc-column content-text active-extra-styles \" style=\"text-align: justify;\" data-block-type=\"unstyled\" data-block-weight=\"23\" data-block-id=\"5\">\n<p class=\"content-text__container \" data-track-category=\"Link no Texto\" data-track-links=\"\">Duas pessoas que estavam em um carro, com placas do Paran\u00e1, n\u00e3o resistiram e morreram no local. O ve\u00edculo ficou totalmente destru\u00eddo.<\/p>\n<\/div>\n<div class=\"mc-column content-text active-extra-styles \" data-block-type=\"unstyled\" data-block-weight=\"35\" data-block-id=\"6\">\n<p class=\"content-text__container \" style=\"text-align: justify;\" data-track-category=\"Link no Texto\" data-track-links=\"\">No outro ve\u00edculo, com placas de S\u00e3o Paulo, estava um casal, que foi socorrido e levado ao hospital com ferimentos graves. O motorista do caminh\u00e3o, com placas de Ara\u00e7atuba, tamb\u00e9m foi socorrido pelos bombeiros.<\/p>\n<div class=\"title\" style=\"text-align: justify;\">\n<h1 class=\"content-head__title\"><strong>Morre 3\u00aa v\u00edtima de acidente entre caminh\u00f5es e carros na Rondon em Agudos<\/strong><\/h1>\n<\/div>\n<div class=\"medium-centered subtitle\">\n<h2 class=\"content-head__subtitle\" style=\"text-align: justify;\"><strong>Segundo a Policia Rodovi\u00e1ria, dois caminh\u00f5es bateram e o motorista de um deles invadiu a pista contr\u00e1ria, atingindo dois carros.<\/strong><\/h2>\n<div class=\"mc-column content-text active-extra-styles \" style=\"text-align: justify;\" data-block-type=\"unstyled\" data-block-weight=\"34\" data-block-id=\"2\">\n<p class=\"content-text__container \" data-track-category=\"Link no Texto\" data-track-links=\"\">Uma terceira v\u00edtima do\u00a0<a href=\"https:\/\/g1.globo.com\/sp\/bauru-marilia\/noticia\/2020\/06\/24\/acidente-entre-caminhoes-e-carros-deixa-mortos-em-rodovia-do-interior-de-sp.ghtml\">acidente entre dois caminh\u00f5es e dois carros<\/a>\u00a0que aconteceu na noite de quarta-feira (24) na Rodovia Marechal Rondon (SP-300), em Agudos (SP), tamb\u00e9m n\u00e3o resistiu aos ferimentos e morreu.<\/p>\n<\/div>\n<div class=\"wall protected-content\">\n<div class=\"mc-column content-text active-extra-styles \" data-block-type=\"unstyled\" data-block-weight=\"33\" data-block-id=\"3\">\n<p class=\"content-text__container \" style=\"text-align: justify;\" data-track-category=\"Link no Texto\" data-track-links=\"\">A informa\u00e7\u00e3o foi confirmada pela assessoria de imprensa do Hospital de Base na manh\u00e3 desta quinta-feira (25). Natalina de Jesus Coleoni, de 60 anos, estava em um dos carros envolvidos na colis\u00e3o.<\/p>\n<div class=\"mc-column content-text active-extra-styles \" style=\"text-align: justify;\" data-block-type=\"unstyled\" data-block-weight=\"32\" data-block-id=\"5\">\n<p class=\"content-text__container \" data-track-category=\"Link no Texto\" data-track-links=\"\">De acordo com a Pol\u00edcia Rodovi\u00e1ria, o motorista de um caminh\u00e3o seguia no sentido interior-capital, quando no quil\u00f4metro 330+500 metros colidiu com a traseira de outro, que estava no mesmo sentido.<\/p>\n<\/div>\n<div class=\"mc-column content-text active-extra-styles \" style=\"text-align: justify;\" data-block-type=\"unstyled\" data-block-weight=\"31\" data-block-id=\"6\">\n<p class=\"content-text__container \" data-track-category=\"Link no Texto\" data-track-links=\"\">Devido ao impacto, ele perdeu o controle, atravessou o canteiro central e invadiu a pista contr\u00e1ria. Na sequ\u00eancia, ele bateu de frente com um carro e transversalmente em outro ve\u00edculo.<\/p>\n<\/div>\n<div class=\"mc-column content-text active-extra-styles \" style=\"text-align: justify;\" data-block-type=\"unstyled\" data-block-weight=\"29\" data-block-id=\"8\">\n<p class=\"content-text__container \" data-track-category=\"Link no Texto\" data-track-links=\"\">O motorista, de 31 anos, e um passageiro, de 47, estavam em um dos carros, com placas do Paran\u00e1, e morreram no local. O ve\u00edculo ficou totalmente destru\u00eddo.<\/p>\n<\/div>\n<div class=\"mc-column content-text active-extra-styles \" data-block-type=\"unstyled\" data-block-weight=\"44\" data-block-id=\"9\">\n<p class=\"content-text__container \" style=\"text-align: justify;\" data-track-category=\"Link no Texto\" data-track-links=\"\">No outro ve\u00edculo, com placas de S\u00e3o Paulo, estava Natalina e um homem, que foi socorrido com ferimentos graves. Por\u00e9m, n\u00e3o foi informado o local para onde ele foi levado. O motorista do caminh\u00e3o, com placas de Ara\u00e7atuba, tamb\u00e9m foi socorrido pelos bombeiros.<\/p>\n<p style=\"text-align: justify;\" data-track-category=\"Link no Texto\" data-track-links=\"\">Fonte: G1<\/p>\n<p data-track-category=\"Link no Texto\" data-track-links=\"\"><img loading=\"lazy\" decoding=\"async\" class=\"alignnone size-full wp-image-29324\" src=\"https:\/\/jorgezanoni.com.br\/2019\/wp-content\/uploads\/2020\/06\/Del.jpg\" alt=\"\" width=\"1032\" height=\"581\" srcset=\"https:\/\/jorgezanoni.com.br\/2019\/wp-content\/uploads\/2020\/06\/Del.jpg 1032w, https:\/\/jorgezanoni.com.br\/2019\/wp-content\/uploads\/2020\/06\/Del-300x169.jpg 300w, https:\/\/jorgezanoni.com.br\/2019\/wp-content\/uploads\/2020\/06\/Del-1024x576.jpg 1024w, https:\/\/jorgezanoni.com.br\/2019\/wp-content\/uploads\/2020\/06\/Del-768x432.jpg 768w, https:\/\/jorgezanoni.com.br\/2019\/wp-content\/uploads\/2020\/06\/Del-696x392.jpg 696w, https:\/\/jorgezanoni.com.br\/2019\/wp-content\/uploads\/2020\/06\/Del-746x420.jpg 746w\" sizes=\"auto, (max-width: 1032px) 100vw, 1032px\" \/> <img loading=\"lazy\" decoding=\"async\" class=\"alignnone size-full wp-image-29325\" src=\"https:\/\/jorgezanoni.com.br\/2019\/wp-content\/uploads\/2020\/06\/del1.jpg\" alt=\"\" width=\"1032\" height=\"581\" srcset=\"https:\/\/jorgezanoni.com.br\/2019\/wp-content\/uploads\/2020\/06\/del1.jpg 1032w, https:\/\/jorgezanoni.com.br\/2019\/wp-content\/uploads\/2020\/06\/del1-300x169.jpg 300w, https:\/\/jorgezanoni.com.br\/2019\/wp-content\/uploads\/2020\/06\/del1-1024x576.jpg 1024w, https:\/\/jorgezanoni.com.br\/2019\/wp-content\/uploads\/2020\/06\/del1-768x432.jpg 768w, https:\/\/jorgezanoni.com.br\/2019\/wp-content\/uploads\/2020\/06\/del1-696x392.jpg 696w, https:\/\/jorgezanoni.com.br\/2019\/wp-content\/uploads\/2020\/06\/del1-746x420.jpg 746w\" sizes=\"auto, (max-width: 1032px) 100vw, 1032px\" \/> <img loading=\"lazy\" decoding=\"async\" class=\"alignnone size-full wp-image-29326\" src=\"https:\/\/jorgezanoni.com.br\/2019\/wp-content\/uploads\/2020\/06\/del2.jpg\" alt=\"\" width=\"1032\" height=\"581\" srcset=\"https:\/\/jorgezanoni.com.br\/2019\/wp-content\/uploads\/2020\/06\/del2.jpg 1032w, https:\/\/jorgezanoni.com.br\/2019\/wp-content\/uploads\/2020\/06\/del2-300x169.jpg 300w, https:\/\/jorgezanoni.com.br\/2019\/wp-content\/uploads\/2020\/06\/del2-1024x576.jpg 1024w, https:\/\/jorgezanoni.com.br\/2019\/wp-content\/uploads\/2020\/06\/del2-768x432.jpg 768w, https:\/\/jorgezanoni.com.br\/2019\/wp-content\/uploads\/2020\/06\/del2-696x392.jpg 696w, https:\/\/jorgezanoni.com.br\/2019\/wp-content\/uploads\/2020\/06\/del2-746x420.jpg 746w\" sizes=\"auto, (max-width: 1032px) 100vw, 1032px\" \/> <img loading=\"lazy\" decoding=\"async\" class=\"alignnone size-full wp-image-29327\" src=\"https:\/\/jorgezanoni.com.br\/2019\/wp-content\/uploads\/2020\/06\/del3.jpg\" alt=\"\" width=\"1032\" height=\"581\" srcset=\"https:\/\/jorgezanoni.com.br\/2019\/wp-content\/uploads\/2020\/06\/del3.jpg 1032w, https:\/\/jorgezanoni.com.br\/2019\/wp-content\/uploads\/2020\/06\/del3-300x169.jpg 300w, https:\/\/jorgezanoni.com.br\/2019\/wp-content\/uploads\/2020\/06\/del3-1024x576.jpg 1024w, https:\/\/jorgezanoni.com.br\/2019\/wp-content\/uploads\/2020\/06\/del3-768x432.jpg 768w, https:\/\/jorgezanoni.com.br\/2019\/wp-content\/uploads\/2020\/06\/del3-696x392.jpg 696w, https:\/\/jorgezanoni.com.br\/2019\/wp-content\/uploads\/2020\/06\/del3-746x420.jpg 746w\" sizes=\"auto, (max-width: 1032px) 100vw, 1032px\" \/> <img loading=\"lazy\" decoding=\"async\" class=\"alignnone size-full wp-image-29328\" src=\"https:\/\/jorgezanoni.com.br\/2019\/wp-content\/uploads\/2020\/06\/del4.jpg\" alt=\"\" width=\"1032\" height=\"581\" srcset=\"https:\/\/jorgezanoni.com.br\/2019\/wp-content\/uploads\/2020\/06\/del4.jpg 1032w, https:\/\/jorgezanoni.com.br\/2019\/wp-content\/uploads\/2020\/06\/del4-300x169.jpg 300w, https:\/\/jorgezanoni.com.br\/2019\/wp-content\/uploads\/2020\/06\/del4-1024x576.jpg 1024w, https:\/\/jorgezanoni.com.br\/2019\/wp-content\/uploads\/2020\/06\/del4-768x432.jpg 768w, https:\/\/jorgezanoni.com.br\/2019\/wp-content\/uploads\/2020\/06\/del4-696x392.jpg 696w, https:\/\/jorgezanoni.com.br\/2019\/wp-content\/uploads\/2020\/06\/del4-746x420.jpg 746w\" sizes=\"auto, (max-width: 1032px) 100vw, 1032px\" \/> <img loading=\"lazy\" decoding=\"async\" class=\"alignnone size-full wp-image-29329\" src=\"https:\/\/jorgezanoni.com.br\/2019\/wp-content\/uploads\/2020\/06\/del5.jpg\" alt=\"\" width=\"1032\" height=\"581\" srcset=\"https:\/\/jorgezanoni.com.br\/2019\/wp-content\/uploads\/2020\/06\/del5.jpg 1032w, https:\/\/jorgezanoni.com.br\/2019\/wp-content\/uploads\/2020\/06\/del5-300x169.jpg 300w, https:\/\/jorgezanoni.com.br\/2019\/wp-content\/uploads\/2020\/06\/del5-1024x576.jpg 1024w, https:\/\/jorgezanoni.com.br\/2019\/wp-content\/uploads\/2020\/06\/del5-768x432.jpg 768w, https:\/\/jorgezanoni.com.br\/2019\/wp-content\/uploads\/2020\/06\/del5-696x392.jpg 696w, https:\/\/jorgezanoni.com.br\/2019\/wp-content\/uploads\/2020\/06\/del5-746x420.jpg 746w\" sizes=\"auto, (max-width: 1032px) 100vw, 1032px\" \/>Fotos de Internauta<\/p>\n<\/div>\n<\/div>\n<\/div>\n<p>&nbsp;<\/p>\n<\/div>\n<\/div>\n<\/div>\n","protected":false},"excerpt":{"rendered":"<p>Batida foi na rodovia Marechal Rondon, em Agudos. Segundo a PM Rodovi\u00e1ria, motorista de um caminh\u00e3o invadiu a pista contr\u00e1ria ap\u00f3s batida e colidiu contra dois carros. Duas pessoas morreram e outras duas ficaram gravemente feridas ap\u00f3s se envolverem em um acidente entre dois caminh\u00f5es e dois carros, na noite desta quarta-feira (24), na rodovia [&hellip;]<\/p>\n","protected":false},"author":1,"featured_media":29330,"comment_status":"closed","ping_status":"open","sticky":false,"template":"","format":"standard","meta":{"footnotes":""},"categories":[170,110],"tags":[],"class_list":["post-29322","post","type-post","status-publish","format-standard","has-post-thumbnail","hentry","category-acidentes","category-noticiasdestaque"],"_links":{"self":[{"href":"https:\/\/jorgezanoni.com.br\/2019\/wp-json\/wp\/v2\/posts\/29322","targetHints":{"allow":["GET"]}}],"collection":[{"href":"https:\/\/jorgezanoni.com.br\/2019\/wp-json\/wp\/v2\/posts"}],"about":[{"href":"https:\/\/jorgezanoni.com.br\/2019\/wp-json\/wp\/v2\/types\/post"}],"author":[{"embeddable":true,"href":"https:\/\/jorgezanoni.com.br\/2019\/wp-json\/wp\/v2\/users\/1"}],"replies":[{"embeddable":true,"href":"https:\/\/jorgezanoni.com.br\/2019\/wp-json\/wp\/v2\/comments?post=29322"}],"version-history":[{"count":0,"href":"https:\/\/jorgezanoni.com.br\/2019\/wp-json\/wp\/v2\/posts\/29322\/revisions"}],"wp:featuredmedia":[{"embeddable":true,"href":"https:\/\/jorgezanoni.com.br\/2019\/wp-json\/wp\/v2\/media\/29330"}],"wp:attachment":[{"href":"https:\/\/jorgezanoni.com.br\/2019\/wp-json\/wp\/v2\/media?parent=29322"}],"wp:term":[{"taxonomy":"category","embeddable":true,"href":"https:\/\/jorgezanoni.com.br\/2019\/wp-json\/wp\/v2\/categories?post=29322"},{"taxonomy":"post_tag","embeddable":true,"href":"https:\/\/jorgezanoni.com.br\/2019\/wp-json\/wp\/v2\/tags?post=29322"}],"curies":[{"name":"wp","href":"https:\/\/api.w.org\/{rel}","templated":true}]}}