{"id":29319,"date":"2020-06-25T13:15:08","date_gmt":"2020-06-25T13:15:08","guid":{"rendered":"https:\/\/jorgezanoni.com.br\/2019\/?p=29319"},"modified":"2020-06-25T13:15:08","modified_gmt":"2020-06-25T13:15:08","slug":"acidente-entre-caminhonete-e-um-caminhao-carregado-com-botijoes-de-gas-e-registrado-na-sp-270","status":"publish","type":"post","link":"https:\/\/jorgezanoni.com.br\/2019\/acidente-entre-caminhonete-e-um-caminhao-carregado-com-botijoes-de-gas-e-registrado-na-sp-270\/","title":{"rendered":"Acidente entre caminhonete e um caminh\u00e3o carregado com botij\u00f5es de g\u00e1s \u00e9 registrado na SP-270"},"content":{"rendered":"<h2 class=\"content-head__subtitle\" style=\"text-align: justify;\"><strong>Colis\u00e3o do tipo traseira deixou uma v\u00edtima em estado considerado leve. Ocorr\u00eancia foi em trecho de \u00c1lvares Machado.<\/strong><\/h2>\n<div class=\"mc-column content-text active-extra-styles \" data-block-type=\"unstyled\" data-block-weight=\"44\" data-block-id=\"2\">\n<p class=\"content-text__container \" style=\"text-align: justify;\" data-track-category=\"Link no Texto\" data-track-links=\"\">A Pol\u00edcia Rodovi\u00e1ria atende, na manh\u00e3 desta quinta-feira (25), a um acidente de tr\u00e2nsito envolvendo uma caminhonete e um caminh\u00e3o carregado com botij\u00f5es de g\u00e1s. A batida, que resultou em uma v\u00edtima de natureza leve, foi na Rodovia Raposo Tavares (SP-270), em<a href=\"http:\/\/g1.globo.com\/sp\/presidente-prudente-regiao\/cidade\/alvares-machado.html\">\u00a0\u00c1lvares Machado<\/a>.<\/p>\n<\/div>\n<div class=\"wall protected-content\">\n<div class=\"mc-column content-text active-extra-styles \" style=\"text-align: justify;\" data-block-type=\"unstyled\" data-block-weight=\"35\" data-block-id=\"3\">\n<p class=\"content-text__container \" data-track-category=\"Link no Texto\" data-track-links=\"\">Conforme a corpora\u00e7\u00e3o, foi uma colis\u00e3o do tipo traseira envolvendo um caminh\u00e3o, com placas de Indiana, carregado com 350 botij\u00f5es de G\u00e1s Liquefeito de Petr\u00f3leo (GLP), e uma caminhonete com identifica\u00e7\u00f5es de Presidente Prudente.<\/p>\n<\/div>\n<div class=\"mc-column content-text active-extra-styles \" style=\"text-align: justify;\" data-block-type=\"unstyled\" data-block-weight=\"11\" data-block-id=\"4\">\n<p class=\"content-text__container \" data-track-category=\"Link no Texto\" data-track-links=\"\">Houve queda da carga sobre a pista, por\u00e9m n\u00e3o houve vazamento.<\/p>\n<\/div>\n<div class=\"mc-column content-text active-extra-styles \" style=\"text-align: justify;\" data-block-type=\"unstyled\" data-block-weight=\"6\" data-block-id=\"5\">\n<p class=\"content-text__container \" data-track-category=\"Link no Texto\" data-track-links=\"\">N\u00e3o houve interdi\u00e7\u00e3o total da rodovia.<\/p>\n<\/div>\n<div class=\"mc-column content-text active-extra-styles \" style=\"text-align: justify;\" data-block-type=\"unstyled\" data-block-weight=\"26\" data-block-id=\"6\">\n<p class=\"content-text__container \" data-track-category=\"Link no Texto\" data-track-links=\"\">Ambos os ve\u00edculos transitavam no sentido Presidente Prudente a Presidente Bernardes, quando por motivos a serem apurados a caminhonete colidiu contra a traseira do caminh\u00e3o.<\/p>\n<\/div>\n<div class=\"mc-column content-text active-extra-styles \" style=\"text-align: justify;\" data-block-type=\"unstyled\" data-block-weight=\"22\" data-block-id=\"7\">\n<p class=\"content-text__container \" data-track-category=\"Link no Texto\" data-track-links=\"\">O motorista da caminhonete, de 55 anos, foi socorrido ao Pronto-socorro da Santa Casa de Presidente Prudente em estado considerado leve.<\/p>\n<\/div>\n<div class=\"row medium-uncollapsed content-media content-photo\" data-block-type=\"backstage-photo\" data-block-id=\"9\">\n<div class=\"mc-column content-media__container\">\n<figure style=\"text-align: justify;\"><img decoding=\"async\" class=\"i-amphtml-fill-content i-amphtml-replaced-content\" src=\"https:\/\/s2.glbimg.com\/5t2vMneJPkKJ-5lK6S6mNbdu7IQ=\/0x0:1280x720\/984x0\/smart\/filters:strip_icc()\/i.s3.glbimg.com\/v1\/AUTH_59edd422c0c84a879bd37670ae4f538a\/internal_photos\/bs\/2020\/l\/t\/oIpn6wSWag8oWyee31Qg\/whatsapp-image-2020-06-25-at-07.28.03.jpeg\" sizes=\"(max-width: 1242px) 648px, 100vw\" srcset=\"https:\/\/s2.glbimg.com\/U_01gmy2a8mVZT131Mfhivz92Fs=\/0x0:1280x720\/1000x0\/smart\/filters:strip_icc()\/i.s3.glbimg.com\/v1\/AUTH_59edd422c0c84a879bd37670ae4f538a\/internal_photos\/bs\/2020\/l\/t\/oIpn6wSWag8oWyee31Qg\/whatsapp-image-2020-06-25-at-07.28.03.jpeg 1000w, https:\/\/s2.glbimg.com\/5t2vMneJPkKJ-5lK6S6mNbdu7IQ=\/0x0:1280x720\/984x0\/smart\/filters:strip_icc()\/i.s3.glbimg.com\/v1\/AUTH_59edd422c0c84a879bd37670ae4f538a\/internal_photos\/bs\/2020\/l\/t\/oIpn6wSWag8oWyee31Qg\/whatsapp-image-2020-06-25-at-07.28.03.jpeg 984w, https:\/\/s2.glbimg.com\/dVzivSKMUdr6exFCNnU-cnLaaPs=\/0x0:1280x720\/640x0\/smart\/filters:strip_icc()\/i.s3.glbimg.com\/v1\/AUTH_59edd422c0c84a879bd37670ae4f538a\/internal_photos\/bs\/2020\/l\/t\/oIpn6wSWag8oWyee31Qg\/whatsapp-image-2020-06-25-at-07.28.03.jpeg 640w, https:\/\/s2.glbimg.com\/l4PxN8PWXM110JG1hfjI62BVMaw=\/0x0:1280x720\/600x0\/smart\/filters:strip_icc()\/i.s3.glbimg.com\/v1\/AUTH_59edd422c0c84a879bd37670ae4f538a\/internal_photos\/bs\/2020\/l\/t\/oIpn6wSWag8oWyee31Qg\/whatsapp-image-2020-06-25-at-07.28.03.jpeg 600w\" alt=\"Carga de botij\u00e3o de g\u00e1s caiu sobre a pista, mas n\u00e3o houve vazamento \u2014 Foto: Pol\u00edcia Rodovi\u00e1ria\" \/><\/figure>\n<p class=\"content-media__description \" style=\"text-align: justify;\">Carga de botij\u00e3o de g\u00e1s caiu sobre a pista, mas n\u00e3o houve vazamento \u2014 Foto: Pol\u00edcia Rodovi\u00e1ria<\/p>\n<p style=\"text-align: justify;\">Fonte: G1<\/p>\n<\/div>\n<\/div>\n<\/div>\n","protected":false},"excerpt":{"rendered":"<p>Colis\u00e3o do tipo traseira deixou uma v\u00edtima em estado considerado leve. Ocorr\u00eancia foi em trecho de \u00c1lvares Machado. A Pol\u00edcia Rodovi\u00e1ria atende, na manh\u00e3 desta quinta-feira (25), a um acidente de tr\u00e2nsito envolvendo uma caminhonete e um caminh\u00e3o carregado com botij\u00f5es de g\u00e1s. A batida, que resultou em uma v\u00edtima de natureza leve, foi na [&hellip;]<\/p>\n","protected":false},"author":1,"featured_media":29320,"comment_status":"closed","ping_status":"open","sticky":false,"template":"","format":"standard","meta":{"footnotes":""},"categories":[170,110],"tags":[],"class_list":["post-29319","post","type-post","status-publish","format-standard","has-post-thumbnail","hentry","category-acidentes","category-noticiasdestaque"],"_links":{"self":[{"href":"https:\/\/jorgezanoni.com.br\/2019\/wp-json\/wp\/v2\/posts\/29319","targetHints":{"allow":["GET"]}}],"collection":[{"href":"https:\/\/jorgezanoni.com.br\/2019\/wp-json\/wp\/v2\/posts"}],"about":[{"href":"https:\/\/jorgezanoni.com.br\/2019\/wp-json\/wp\/v2\/types\/post"}],"author":[{"embeddable":true,"href":"https:\/\/jorgezanoni.com.br\/2019\/wp-json\/wp\/v2\/users\/1"}],"replies":[{"embeddable":true,"href":"https:\/\/jorgezanoni.com.br\/2019\/wp-json\/wp\/v2\/comments?post=29319"}],"version-history":[{"count":0,"href":"https:\/\/jorgezanoni.com.br\/2019\/wp-json\/wp\/v2\/posts\/29319\/revisions"}],"wp:featuredmedia":[{"embeddable":true,"href":"https:\/\/jorgezanoni.com.br\/2019\/wp-json\/wp\/v2\/media\/29320"}],"wp:attachment":[{"href":"https:\/\/jorgezanoni.com.br\/2019\/wp-json\/wp\/v2\/media?parent=29319"}],"wp:term":[{"taxonomy":"category","embeddable":true,"href":"https:\/\/jorgezanoni.com.br\/2019\/wp-json\/wp\/v2\/categories?post=29319"},{"taxonomy":"post_tag","embeddable":true,"href":"https:\/\/jorgezanoni.com.br\/2019\/wp-json\/wp\/v2\/tags?post=29319"}],"curies":[{"name":"wp","href":"https:\/\/api.w.org\/{rel}","templated":true}]}}