{"id":29294,"date":"2020-06-25T02:17:30","date_gmt":"2020-06-25T02:17:30","guid":{"rendered":"https:\/\/jorgezanoni.com.br\/2019\/?p=29294"},"modified":"2020-06-25T02:17:46","modified_gmt":"2020-06-25T02:17:46","slug":"aeard-associacao-dos-engenheiros-arquitetos-e-agronomos-da-regiao-de-dracena-realiza-a-campanha-xo-corona-2","status":"publish","type":"post","link":"https:\/\/jorgezanoni.com.br\/2019\/aeard-associacao-dos-engenheiros-arquitetos-e-agronomos-da-regiao-de-dracena-realiza-a-campanha-xo-corona-2\/","title":{"rendered":"AEARD \u2013 Associa\u00e7\u00e3o dos Engenheiros, Arquitetos e Agr\u00f4nomos da regi\u00e3o de Dracena realiza a campanha \u201cX\u00f4 Corona\u201d"},"content":{"rendered":"<h1 class=\"entry-title\">Continua a Campanha &#8220;X\u00f4 Corona&#8221;<\/h1>\n<p style=\"text-align: justify;\">Durante o m\u00eas de junho, a AEARD estar\u00e1 arrecadando produtos de Higiene e Limpeza, para serem entregues a fam\u00edlias carentes. Os locais de arrecada\u00e7\u00e3o s\u00e3o: Posto Central, Posto Brasil e na pr\u00f3pria Associa\u00e7\u00e3o na rua Miguel do Nascimento pr\u00f3ximo ao Cemit\u00e9rio Municipal.<\/p>\n<p style=\"text-align: justify;\">Assista ao v\u00eddeo explicativo do presidente da Associa\u00e7\u00e3o, Engenheiro Carlos Crociolli:<\/p>\n<div style=\"width: 568px;\" class=\"wp-video\"><video class=\"wp-video-shortcode\" id=\"video-29294-1\" width=\"568\" height=\"320\" preload=\"metadata\" controls=\"controls\"><source type=\"video\/mp4\" src=\"https:\/\/jorgezanoni.com.br\/2019\/wp-content\/uploads\/2020\/06\/WhatsApp-Video-2020-06-24-at-11.13.55.mp4?_=1\" \/><a href=\"https:\/\/jorgezanoni.com.br\/2019\/wp-content\/uploads\/2020\/06\/WhatsApp-Video-2020-06-24-at-11.13.55.mp4\">https:\/\/jorgezanoni.com.br\/2019\/wp-content\/uploads\/2020\/06\/WhatsApp-Video-2020-06-24-at-11.13.55.mp4<\/a><\/video><\/div>\n","protected":false},"excerpt":{"rendered":"<p>Continua a Campanha &#8220;X\u00f4 Corona&#8221; Durante o m\u00eas de junho, a AEARD estar\u00e1 arrecadando produtos de Higiene e Limpeza, para serem entregues a fam\u00edlias carentes. Os locais de arrecada\u00e7\u00e3o s\u00e3o: Posto Central, Posto Brasil e na pr\u00f3pria Associa\u00e7\u00e3o na rua Miguel do Nascimento pr\u00f3ximo ao Cemit\u00e9rio Municipal. Assista ao v\u00eddeo explicativo do presidente da Associa\u00e7\u00e3o, [&hellip;]<\/p>\n","protected":false},"author":1,"featured_media":29296,"comment_status":"closed","ping_status":"open","sticky":false,"template":"","format":"video","meta":{"footnotes":""},"categories":[169],"tags":[],"class_list":["post-29294","post","type-post","status-publish","format-video","has-post-thumbnail","hentry","category-videos","post_format-post-format-video"],"_links":{"self":[{"href":"https:\/\/jorgezanoni.com.br\/2019\/wp-json\/wp\/v2\/posts\/29294","targetHints":{"allow":["GET"]}}],"collection":[{"href":"https:\/\/jorgezanoni.com.br\/2019\/wp-json\/wp\/v2\/posts"}],"about":[{"href":"https:\/\/jorgezanoni.com.br\/2019\/wp-json\/wp\/v2\/types\/post"}],"author":[{"embeddable":true,"href":"https:\/\/jorgezanoni.com.br\/2019\/wp-json\/wp\/v2\/users\/1"}],"replies":[{"embeddable":true,"href":"https:\/\/jorgezanoni.com.br\/2019\/wp-json\/wp\/v2\/comments?post=29294"}],"version-history":[{"count":0,"href":"https:\/\/jorgezanoni.com.br\/2019\/wp-json\/wp\/v2\/posts\/29294\/revisions"}],"wp:featuredmedia":[{"embeddable":true,"href":"https:\/\/jorgezanoni.com.br\/2019\/wp-json\/wp\/v2\/media\/29296"}],"wp:attachment":[{"href":"https:\/\/jorgezanoni.com.br\/2019\/wp-json\/wp\/v2\/media?parent=29294"}],"wp:term":[{"taxonomy":"category","embeddable":true,"href":"https:\/\/jorgezanoni.com.br\/2019\/wp-json\/wp\/v2\/categories?post=29294"},{"taxonomy":"post_tag","embeddable":true,"href":"https:\/\/jorgezanoni.com.br\/2019\/wp-json\/wp\/v2\/tags?post=29294"}],"curies":[{"name":"wp","href":"https:\/\/api.w.org\/{rel}","templated":true}]}}