{"id":29283,"date":"2020-06-24T23:51:27","date_gmt":"2020-06-24T23:51:27","guid":{"rendered":"https:\/\/jorgezanoni.com.br\/2019\/?p=29283"},"modified":"2020-06-25T00:01:47","modified_gmt":"2020-06-25T00:01:47","slug":"santa-casa-de-dracena-esclarece-sobre-a-falta-de-anestesico-e-sedativos","status":"publish","type":"post","link":"https:\/\/jorgezanoni.com.br\/2019\/santa-casa-de-dracena-esclarece-sobre-a-falta-de-anestesico-e-sedativos\/","title":{"rendered":"Santa Casa de Dracena esclarece sobre a falta de Anest\u00e9sico e Sedativos"},"content":{"rendered":"<p style=\"text-align: justify;\"><strong>NOTA DE ESCLARECIMENTO<\/strong><\/p>\n<p style=\"text-align: justify;\"><strong>ANEST\u00c9SICO \u2013 SEDATIVOS EM FALTA<\/strong><\/p>\n<p style=\"text-align: justify;\">A SANTA CASA DE DRACENA h\u00e1 duas semanas passadas tem <span class=\"text_exposed_show\">alertado a falta de estoque estrat\u00e9gico de medicamentos pr\u00f3prios para anestesia ou sedativo para uso em cirurgia geral e intuba\u00e7\u00e3o. S\u00e3o insumos fundamentais em procedimentos cir\u00fargicos que necessitam de \u201canestesia geral\u201d e nos procedimentos de implanta\u00e7\u00e3o de ventila\u00e7\u00e3o pulmonar, no caso de pacientes acometidos de COVID-19 na atual pandemia.<\/span><\/p>\n<p style=\"text-align: justify;\"><span class=\"text_exposed_show\">A SANTA CASA DE DRACENA tem se esfor\u00e7ado para adquirir tais insumos, enfrentando dificuldades junto aos fornecedores sob a alega\u00e7\u00e3o que os fabricantes t\u00eam notificado a falta de mat\u00e9ria prima para redu\u00e7\u00e3o na produ\u00e7\u00e3o.\u00a0<\/span><\/p>\n<p style=\"text-align: justify;\"><span class=\"text_exposed_show\">O alerta foi direcionado \u00e0s autoridades envolvidas no trato com a sa\u00fade p\u00fablica.<\/span><\/p>\n<p style=\"text-align: justify;\"><span class=\"text_exposed_show\">Entretanto, aliado as not\u00edcias da pandemia, o alerta tem soado como mat\u00e9ria de primeira p\u00e1gina de v\u00e1rios ve\u00edculos de imprensa, gerando algumas contradi\u00e7\u00f5es. Para tanto, a Dire\u00e7\u00e3o do hospital resolveu emitir a seguinte nota de esclarecimento:<\/span><\/p>\n<p style=\"text-align: justify;\"><span class=\"text_exposed_show\">1- O estoque estrat\u00e9gico de medicamentos pr\u00f3prios para anestesia ou sedativo para uso em cirurgia geral e intuba\u00e7\u00e3o, se encontra em estado cr\u00edtico e pr\u00f3ximo de zero;<br \/>\n2- Foram efetuados a aquisi\u00e7\u00e3o dos seguintes insumos para entrega futura, que n\u00e3o contempla o arsenal de produtos para realiza\u00e7\u00e3o de anestesia geral:<br \/>\n\u2022 500 amp de Fentanila 50mcg|ml amp 05ml;<br \/>\n\u2022 092 amp de Fentanila 50mcg|ml amp 10ml;<br \/>\n\u2022 100 amp de Etomidato 02mg|ml amp 10ml;<br \/>\n\u2022 100 amp de Propovan 10mg|ml frs 20ml;<br \/>\n\u2022 200 amp de Dexmedetomidina 200mcg|02ml;<br \/>\n\u2022 1000 amp de Dimorf 10mg|ml amp 01ml;<br \/>\n\u2022 200 cpr de Metadona 10mg;<br \/>\n\u2022 482 amp de Diazepan 05mg|ml amp 02ml;<br \/>\n\u2022 200amp de Dexmedetomidina 200mcg|02ml;<br \/>\n\u2022 200amp de Midazolan 50mg|10ml amp \u2013 Dormire;<br \/>\n\u2022 200amp de Suxamentonio 500mg amp.<\/span><\/p>\n<div class=\"text_exposed_show\">\n<p style=\"text-align: justify;\">3- Ressaltando, que os procedimentos anest\u00e9sicos de menor complexidade continuam sendo realizados normalmente; 4- A situa\u00e7\u00e3o da falta de insumos para realiza\u00e7\u00e3o de anestesia geral e de intuba\u00e7\u00e3o \u00e9 corrente em todo o territ\u00f3rio nacional, visto a divulga\u00e7\u00e3o de noticiosos a n\u00edvel da grande imprensa.<\/p>\n<p style=\"text-align: justify;\">Dracena \u2013 S\u00e3o Paulo, em 24 de junho de 2020.<\/p>\n<p style=\"text-align: justify;\">Diretoria Administrativa Santa Casa de Dracena<\/p>\n<\/div>\n","protected":false},"excerpt":{"rendered":"<p>NOTA DE ESCLARECIMENTO ANEST\u00c9SICO \u2013 SEDATIVOS EM FALTA A SANTA CASA DE DRACENA h\u00e1 duas semanas passadas tem alertado a falta de estoque estrat\u00e9gico de medicamentos pr\u00f3prios para anestesia ou sedativo para uso em cirurgia geral e intuba\u00e7\u00e3o. S\u00e3o insumos fundamentais em procedimentos cir\u00fargicos que necessitam de \u201canestesia geral\u201d e nos procedimentos de implanta\u00e7\u00e3o de [&hellip;]<\/p>\n","protected":false},"author":1,"featured_media":29284,"comment_status":"closed","ping_status":"open","sticky":false,"template":"","format":"standard","meta":{"footnotes":""},"categories":[110,122],"tags":[],"class_list":["post-29283","post","type-post","status-publish","format-standard","has-post-thumbnail","hentry","category-noticiasdestaque","category-saudeeducacaoeconcurso"],"_links":{"self":[{"href":"https:\/\/jorgezanoni.com.br\/2019\/wp-json\/wp\/v2\/posts\/29283","targetHints":{"allow":["GET"]}}],"collection":[{"href":"https:\/\/jorgezanoni.com.br\/2019\/wp-json\/wp\/v2\/posts"}],"about":[{"href":"https:\/\/jorgezanoni.com.br\/2019\/wp-json\/wp\/v2\/types\/post"}],"author":[{"embeddable":true,"href":"https:\/\/jorgezanoni.com.br\/2019\/wp-json\/wp\/v2\/users\/1"}],"replies":[{"embeddable":true,"href":"https:\/\/jorgezanoni.com.br\/2019\/wp-json\/wp\/v2\/comments?post=29283"}],"version-history":[{"count":0,"href":"https:\/\/jorgezanoni.com.br\/2019\/wp-json\/wp\/v2\/posts\/29283\/revisions"}],"wp:featuredmedia":[{"embeddable":true,"href":"https:\/\/jorgezanoni.com.br\/2019\/wp-json\/wp\/v2\/media\/29284"}],"wp:attachment":[{"href":"https:\/\/jorgezanoni.com.br\/2019\/wp-json\/wp\/v2\/media?parent=29283"}],"wp:term":[{"taxonomy":"category","embeddable":true,"href":"https:\/\/jorgezanoni.com.br\/2019\/wp-json\/wp\/v2\/categories?post=29283"},{"taxonomy":"post_tag","embeddable":true,"href":"https:\/\/jorgezanoni.com.br\/2019\/wp-json\/wp\/v2\/tags?post=29283"}],"curies":[{"name":"wp","href":"https:\/\/api.w.org\/{rel}","templated":true}]}}