{"id":29278,"date":"2020-06-24T22:10:41","date_gmt":"2020-06-24T22:10:41","guid":{"rendered":"https:\/\/jorgezanoni.com.br\/2019\/?p=29278"},"modified":"2020-06-24T22:12:49","modified_gmt":"2020-06-24T22:12:49","slug":"morre-a-jovem-sarah-nunes-aos-28-anos-de-idade","status":"publish","type":"post","link":"https:\/\/jorgezanoni.com.br\/2019\/morre-a-jovem-sarah-nunes-aos-28-anos-de-idade\/","title":{"rendered":"Morre a jovem Sarah Nunes aos 28 anos de idade"},"content":{"rendered":"<p style=\"text-align: justify;\">Sarah Nunes, de 28 anos, moradora de Dracena, faleceu na tarde de hoje com suspeita de Coronavirus. Segundo nota do Setor Municipal de Sa\u00fade de Dracena a paciente n\u00e3o fazia parte do grupo de risco. Sarah deixa o esposo.<\/p>\n<p>Fonte: Panorama Not\u00edcias<\/p>\n<p style=\"text-align: justify;\">No seu perfil do Facebook tem v\u00e1rias mensagens, entre elas o comunicado da Igreja a qual ela pertencia<\/p>\n<p style=\"text-align: justify;\">ADDracena Bel\u00e9m Jardim Brasil\u00e2ndia<\/p>\n<p style=\"text-align: justify;\">\u00c9 com muito pesar que informamos o falecimento da nossa amada irm\u00e3\u00a0<a class=\"profileLink\" title=\"Sarah Nunes\" href=\"https:\/\/www.facebook.com\/sarah.adriano?__tn__=%2CdK-R-R&amp;eid=ARCCdR5Vtx7dyQ0P_hoSPr6Ca14m-qu40hMNsCj01gqkQAvqJFSlqrz9FYOuScKuITZ3UOnTE9kirUZH&amp;fref=mentions\" data-hovercard=\"\/ajax\/hovercard\/user.php?id=100002147773557&amp;extragetparams=%7B%22__tn__%22%3A%22%2CdK-R-R%22%2C%22eid%22%3A%22ARCCdR5Vtx7dyQ0P_hoSPr6Ca14m-qu40hMNsCj01gqkQAvqJFSlqrz9FYOuScKuITZ3UOnTE9kirUZH%22%2C%22fref%22%3A%22mentions%22%7D\" data-hovercard-prefer-more-content-show=\"1\">Sarah Nunes<\/a>, deixamos as nossas condol\u00eancias aos familiares e amigos, que o Esp\u00edrito Santo traga consolo e refrig\u00e9rio aos cora\u00e7\u00f5es<\/p>\n<p>Jorge Zanoni<\/p>\n","protected":false},"excerpt":{"rendered":"<p>Sarah Nunes, de 28 anos, moradora de Dracena, faleceu na tarde de hoje com suspeita de Coronavirus. Segundo nota do Setor Municipal de Sa\u00fade de Dracena a paciente n\u00e3o fazia parte do grupo de risco. Sarah deixa o esposo. Fonte: Panorama Not\u00edcias No seu perfil do Facebook tem v\u00e1rias mensagens, entre elas o comunicado da [&hellip;]<\/p>\n","protected":false},"author":1,"featured_media":29280,"comment_status":"closed","ping_status":"open","sticky":false,"template":"","format":"standard","meta":{"footnotes":""},"categories":[178,110],"tags":[],"class_list":["post-29278","post","type-post","status-publish","format-standard","has-post-thumbnail","hentry","category-notadefalecimento","category-noticiasdestaque"],"_links":{"self":[{"href":"https:\/\/jorgezanoni.com.br\/2019\/wp-json\/wp\/v2\/posts\/29278","targetHints":{"allow":["GET"]}}],"collection":[{"href":"https:\/\/jorgezanoni.com.br\/2019\/wp-json\/wp\/v2\/posts"}],"about":[{"href":"https:\/\/jorgezanoni.com.br\/2019\/wp-json\/wp\/v2\/types\/post"}],"author":[{"embeddable":true,"href":"https:\/\/jorgezanoni.com.br\/2019\/wp-json\/wp\/v2\/users\/1"}],"replies":[{"embeddable":true,"href":"https:\/\/jorgezanoni.com.br\/2019\/wp-json\/wp\/v2\/comments?post=29278"}],"version-history":[{"count":0,"href":"https:\/\/jorgezanoni.com.br\/2019\/wp-json\/wp\/v2\/posts\/29278\/revisions"}],"wp:featuredmedia":[{"embeddable":true,"href":"https:\/\/jorgezanoni.com.br\/2019\/wp-json\/wp\/v2\/media\/29280"}],"wp:attachment":[{"href":"https:\/\/jorgezanoni.com.br\/2019\/wp-json\/wp\/v2\/media?parent=29278"}],"wp:term":[{"taxonomy":"category","embeddable":true,"href":"https:\/\/jorgezanoni.com.br\/2019\/wp-json\/wp\/v2\/categories?post=29278"},{"taxonomy":"post_tag","embeddable":true,"href":"https:\/\/jorgezanoni.com.br\/2019\/wp-json\/wp\/v2\/tags?post=29278"}],"curies":[{"name":"wp","href":"https:\/\/api.w.org\/{rel}","templated":true}]}}