{"id":29275,"date":"2020-06-24T21:43:26","date_gmt":"2020-06-24T21:43:26","guid":{"rendered":"https:\/\/jorgezanoni.com.br\/2019\/?p=29275"},"modified":"2020-06-24T21:43:26","modified_gmt":"2020-06-24T21:43:26","slug":"secretaria-de-educacao-de-dracena-testa-positivo-para-covid-19","status":"publish","type":"post","link":"https:\/\/jorgezanoni.com.br\/2019\/secretaria-de-educacao-de-dracena-testa-positivo-para-covid-19\/","title":{"rendered":"Secret\u00e1ria de Educa\u00e7\u00e3o de Dracena testa positivo para Covid 19"},"content":{"rendered":"<p><strong>A gestora est\u00e1 bem e em isolamento social<\/strong><\/p>\n<p style=\"text-align: justify;\">A secret\u00e1ria de Educa\u00e7\u00e3o de Dracena, Vanessa Red\u00edgolo Castilho, testou positivo para a covid-19. A gestora est\u00e1 bem, em isolamento social em casa e trabalhando de forma remota.<\/p>\n<p style=\"text-align: justify;\">Vanessa disse que se sentiu mal no fim da tarde de segunda-feira e procurou o Centro Municipal de Atendimento Espec\u00edfico para Covid (CEMAC), localizado na antiga Empresa Municipal de Sa\u00fade, em frente \u00e0 Santa Casa, onde recebeu atendimento e foi colocada em isolamento social. Hoje (24) a secret\u00e1ria fez o teste de covid e o resultado do exame e foi positivo.<\/p>\n<p style=\"text-align: justify;\">Os servidores que tiveram contato com Vanessa, mesmo em ambiente arejado, higienizado e seguindo as recomenda\u00e7\u00f5es sanit\u00e1rias, ser\u00e3o acompanhados pela Secretaria Municipal de Sa\u00fade e Higiene P\u00fablica, dentro das normativas protocolares editadas pelo Minist\u00e9rio da Sa\u00fade, pela equipe t\u00e9cnica do CEMAC.<\/p>\n<p style=\"text-align: justify;\">A Prefeitura ressalta que desde o in\u00edcio da pandemia do coronav\u00edrus vem adotando todas as medidas de seguran\u00e7a nos \u00f3rg\u00e3os municipais e com seus funcion\u00e1rios, a fim de prevenir e evitar a dissemina\u00e7\u00e3o do covid-19.<\/p>\n<p style=\"text-align: justify;\">Fonte: Diretoria de Comunica\u00e7\u00e3o<\/p>\n<p>Foto Arquivo<\/p>\n","protected":false},"excerpt":{"rendered":"<p>A gestora est\u00e1 bem e em isolamento social A secret\u00e1ria de Educa\u00e7\u00e3o de Dracena, Vanessa Red\u00edgolo Castilho, testou positivo para a covid-19. A gestora est\u00e1 bem, em isolamento social em casa e trabalhando de forma remota. Vanessa disse que se sentiu mal no fim da tarde de segunda-feira e procurou o Centro Municipal de Atendimento [&hellip;]<\/p>\n","protected":false},"author":1,"featured_media":29276,"comment_status":"closed","ping_status":"open","sticky":false,"template":"","format":"standard","meta":{"footnotes":""},"categories":[179,184,110,122],"tags":[],"class_list":["post-29275","post","type-post","status-publish","format-standard","has-post-thumbnail","hentry","category-cidadeseregiao","category-dracena","category-noticiasdestaque","category-saudeeducacaoeconcurso"],"_links":{"self":[{"href":"https:\/\/jorgezanoni.com.br\/2019\/wp-json\/wp\/v2\/posts\/29275","targetHints":{"allow":["GET"]}}],"collection":[{"href":"https:\/\/jorgezanoni.com.br\/2019\/wp-json\/wp\/v2\/posts"}],"about":[{"href":"https:\/\/jorgezanoni.com.br\/2019\/wp-json\/wp\/v2\/types\/post"}],"author":[{"embeddable":true,"href":"https:\/\/jorgezanoni.com.br\/2019\/wp-json\/wp\/v2\/users\/1"}],"replies":[{"embeddable":true,"href":"https:\/\/jorgezanoni.com.br\/2019\/wp-json\/wp\/v2\/comments?post=29275"}],"version-history":[{"count":0,"href":"https:\/\/jorgezanoni.com.br\/2019\/wp-json\/wp\/v2\/posts\/29275\/revisions"}],"wp:featuredmedia":[{"embeddable":true,"href":"https:\/\/jorgezanoni.com.br\/2019\/wp-json\/wp\/v2\/media\/29276"}],"wp:attachment":[{"href":"https:\/\/jorgezanoni.com.br\/2019\/wp-json\/wp\/v2\/media?parent=29275"}],"wp:term":[{"taxonomy":"category","embeddable":true,"href":"https:\/\/jorgezanoni.com.br\/2019\/wp-json\/wp\/v2\/categories?post=29275"},{"taxonomy":"post_tag","embeddable":true,"href":"https:\/\/jorgezanoni.com.br\/2019\/wp-json\/wp\/v2\/tags?post=29275"}],"curies":[{"name":"wp","href":"https:\/\/api.w.org\/{rel}","templated":true}]}}