{"id":29272,"date":"2020-06-24T21:21:30","date_gmt":"2020-06-24T21:21:30","guid":{"rendered":"https:\/\/jorgezanoni.com.br\/2019\/?p=29272"},"modified":"2020-06-24T21:22:02","modified_gmt":"2020-06-24T21:22:02","slug":"jovem-de-28-anos-morre-com-suspeita-de-covid-19-em-dracena","status":"publish","type":"post","link":"https:\/\/jorgezanoni.com.br\/2019\/jovem-de-28-anos-morre-com-suspeita-de-covid-19-em-dracena\/","title":{"rendered":"Jovem de 28 anos morre com suspeita de COVID-19 em Dracena"},"content":{"rendered":"<p style=\"text-align: justify;\">A Prefeitura de Dracena, por meio da Secretaria Municipal de Sa\u00fade e Higiene P\u00fablica, confirma o falecimento de uma moradora de Dracena aos 28 anos de idade. A morte da paciente \u00e9 considerada SUSPEITA de Covid-19.<\/p>\n<p style=\"text-align: justify;\">O falecimento ocorreu \u00e0s 15h10 e a Prefeitura foi comunicada oficialmente por volta das 16h.<\/p>\n<p style=\"text-align: justify;\">Foi colhido material SWAB da paciente na sexta-feira (19) no per\u00edodo da tarde e enviado para exame PCR no laborat\u00f3rio do Instituto Adolfo Lutz de S\u00e3o Paulo. A previs\u00e3o \u00e9 de\u00a0<span class=\"text_exposed_show\">que at\u00e9 o final desta semana o resultado fique pronto.<\/span><\/p>\n<div class=\"text_exposed_show\">\n<p style=\"text-align: justify;\">A paciente havia feito exame de teste r\u00e1pido na sexta-feira (19) de manh\u00e3 e o resultado deu negativo, pois n\u00e3o estava no tempo adequado de coleta (sete dias ap\u00f3s in\u00edcio dos sintomas). A Prefeitura aguardar\u00e1 resultado do exame PCR para poss\u00edvel confirma\u00e7\u00e3o ou descarte da suspeita.<\/p>\n<p style=\"text-align: justify;\">A mulher deu entrada no PAM 2 na sexta-feira (19) e foi internada no s\u00e1bado (20) no leito de isolamento da UTI da Santa Casa de Dracena. Segundo o prontu\u00e1rio m\u00e9dico da paciente, ela n\u00e3o apresentava nenhuma comorbidade e n\u00e3o fazia parte do grupo de risco.<\/p>\n<p style=\"text-align: justify;\">A Prefeitura, atrav\u00e9s do prefeito, lamenta o ocorrido e externa solidariedade aos familiares e amigos da v\u00edtima.<\/p>\n<p style=\"text-align: justify;\">O prefeito ainda pede a colabora\u00e7\u00e3o de toda a popula\u00e7\u00e3o para seguir com rigor a todas as recomenda\u00e7\u00f5es dadas pela OMS, Minist\u00e9rio da Sa\u00fade e Secretaria Municipal de Sa\u00fade, e, seguir tamb\u00e9m, todas as orienta\u00e7\u00f5es e determina\u00e7\u00f5es previstas no Decreto Municipal n\u00ba 7.283 de 18 de junho de 2020.<\/p>\n<p style=\"text-align: justify;\">Fonte: https:\/\/www.facebook.com\/prefeituradracena\/<\/p>\n<\/div>\n","protected":false},"excerpt":{"rendered":"<p>A Prefeitura de Dracena, por meio da Secretaria Municipal de Sa\u00fade e Higiene P\u00fablica, confirma o falecimento de uma moradora de Dracena aos 28 anos de idade. A morte da paciente \u00e9 considerada SUSPEITA de Covid-19. O falecimento ocorreu \u00e0s 15h10 e a Prefeitura foi comunicada oficialmente por volta das 16h. Foi colhido material SWAB [&hellip;]<\/p>\n","protected":false},"author":1,"featured_media":29273,"comment_status":"closed","ping_status":"open","sticky":false,"template":"","format":"standard","meta":{"footnotes":""},"categories":[179,184,110],"tags":[],"class_list":["post-29272","post","type-post","status-publish","format-standard","has-post-thumbnail","hentry","category-cidadeseregiao","category-dracena","category-noticiasdestaque"],"_links":{"self":[{"href":"https:\/\/jorgezanoni.com.br\/2019\/wp-json\/wp\/v2\/posts\/29272","targetHints":{"allow":["GET"]}}],"collection":[{"href":"https:\/\/jorgezanoni.com.br\/2019\/wp-json\/wp\/v2\/posts"}],"about":[{"href":"https:\/\/jorgezanoni.com.br\/2019\/wp-json\/wp\/v2\/types\/post"}],"author":[{"embeddable":true,"href":"https:\/\/jorgezanoni.com.br\/2019\/wp-json\/wp\/v2\/users\/1"}],"replies":[{"embeddable":true,"href":"https:\/\/jorgezanoni.com.br\/2019\/wp-json\/wp\/v2\/comments?post=29272"}],"version-history":[{"count":0,"href":"https:\/\/jorgezanoni.com.br\/2019\/wp-json\/wp\/v2\/posts\/29272\/revisions"}],"wp:featuredmedia":[{"embeddable":true,"href":"https:\/\/jorgezanoni.com.br\/2019\/wp-json\/wp\/v2\/media\/29273"}],"wp:attachment":[{"href":"https:\/\/jorgezanoni.com.br\/2019\/wp-json\/wp\/v2\/media?parent=29272"}],"wp:term":[{"taxonomy":"category","embeddable":true,"href":"https:\/\/jorgezanoni.com.br\/2019\/wp-json\/wp\/v2\/categories?post=29272"},{"taxonomy":"post_tag","embeddable":true,"href":"https:\/\/jorgezanoni.com.br\/2019\/wp-json\/wp\/v2\/tags?post=29272"}],"curies":[{"name":"wp","href":"https:\/\/api.w.org\/{rel}","templated":true}]}}