{"id":29261,"date":"2020-06-24T16:01:24","date_gmt":"2020-06-24T16:01:24","guid":{"rendered":"https:\/\/jorgezanoni.com.br\/2019\/?p=29261"},"modified":"2020-06-24T16:01:24","modified_gmt":"2020-06-24T16:01:24","slug":"distrito-com-15-mil-habitantes-em-getulina-registra-tremor-de-terra-de-magnitude-22","status":"publish","type":"post","link":"https:\/\/jorgezanoni.com.br\/2019\/distrito-com-15-mil-habitantes-em-getulina-registra-tremor-de-terra-de-magnitude-22\/","title":{"rendered":"Distrito com 1,5 mil habitantes em Getulina registra tremor de terra de magnitude 2,2"},"content":{"rendered":"<h2 class=\"content-head__subtitle\" style=\"text-align: justify;\"><strong>Fen\u00f4meno foi registrado pelo Centro de Sismologia da USP. Defesa Civil recebeu liga\u00e7\u00e3o de v\u00e1rios moradores do Distrito de Macucos; ningu\u00e9m se feriu.<\/strong><\/h2>\n<div class=\"mc-column content-text active-extra-styles \" data-block-type=\"unstyled\" data-block-weight=\"45\" data-block-id=\"2\">\n<p class=\"content-text__container \" style=\"text-align: justify;\" data-track-category=\"Link no Texto\" data-track-links=\"\">A Defesa Civil de Getulina (SP) divulgou na ter\u00e7a-feira (23) que foi registrado um tremor de terra no distrito de Macucos na madrugada de segunda-feira (22), com 2,2 de magnitude regional (mr), que mede o impacto do tremor de acordo com a \u00e1rea afetada.<\/p>\n<\/div>\n<div class=\"wall protected-content\">\n<div class=\"mc-column content-text active-extra-styles \" style=\"text-align: justify;\" data-block-type=\"unstyled\" data-block-weight=\"44\" data-block-id=\"3\">\n<p class=\"content-text__container \" data-track-category=\"Link no Texto\" data-track-links=\"\">A informa\u00e7\u00e3o foi confirmada junto ao Centro de Sismologia da USP. O distrito tem cerca de 1,5 mil habitantes e alguns moradores relataram \u00e0 Defesa Civil que sentiram um tremor de terra de intensidade leve, com vibra\u00e7\u00f5es de janelas, lustres e outros objetos.<\/p>\n<\/div>\n<div class=\"mc-column content-text active-extra-styles \" style=\"text-align: justify;\" data-block-type=\"unstyled\" data-block-weight=\"24\" data-block-id=\"4\">\n<p class=\"content-text__container \" data-track-category=\"Link no Texto\" data-track-links=\"\">Segundo a Defesa Civil, n\u00e3o houve danos materiais ou feridos. Essa n\u00e3o \u00e9 a primeira vez que o fen\u00f4meno \u00e9 sentido no local.<\/p>\n<\/div>\n<div class=\"mc-column content-text active-extra-styles \" style=\"text-align: justify;\" data-block-type=\"unstyled\" data-block-weight=\"26\" data-block-id=\"5\">\n<p class=\"content-text__container \" data-track-category=\"Link no Texto\" data-track-links=\"\">Em 2010,\u00a0<a href=\"http:\/\/g1.globo.com\/sao-paulo\/noticia\/2010\/09\/cidade-do-interior-de-sp-registra-terceiro-tremor-em-menos-de-um-mes.html\">o distrito registrou tr\u00eas tremores de terra em menos de um m\u00eas<\/a>. Na \u00e9poca, duas casas da regi\u00e3o apresentaram rachaduras nos c\u00f4modos e muros.<\/p>\n<\/div>\n<div class=\"row medium-uncollapsed content-media content-photo\" data-block-type=\"backstage-photo\" data-block-id=\"6\">\n<div class=\"mc-column content-media__container\">\n<figure style=\"text-align: justify;\"><img decoding=\"async\" class=\"i-amphtml-fill-content i-amphtml-replaced-content\" src=\"https:\/\/s2.glbimg.com\/aR-bkooHmw7nXp51KoLt1EHkqEg=\/0x0:954x618\/984x0\/smart\/filters:strip_icc()\/i.s3.glbimg.com\/v1\/AUTH_59edd422c0c84a879bd37670ae4f538a\/internal_photos\/bs\/2020\/9\/z\/Mc9B85R1my3OKM4eRcuw\/sismologia-usp1.jpg\" sizes=\"(max-width: 1242px) 648px, 100vw\" srcset=\"https:\/\/s2.glbimg.com\/KwvFX2e2ZWoLkf6aO5ZUktPCKfY=\/0x0:954x618\/1000x0\/smart\/filters:strip_icc()\/i.s3.glbimg.com\/v1\/AUTH_59edd422c0c84a879bd37670ae4f538a\/internal_photos\/bs\/2020\/9\/z\/Mc9B85R1my3OKM4eRcuw\/sismologia-usp1.jpg 1000w, https:\/\/s2.glbimg.com\/aR-bkooHmw7nXp51KoLt1EHkqEg=\/0x0:954x618\/984x0\/smart\/filters:strip_icc()\/i.s3.glbimg.com\/v1\/AUTH_59edd422c0c84a879bd37670ae4f538a\/internal_photos\/bs\/2020\/9\/z\/Mc9B85R1my3OKM4eRcuw\/sismologia-usp1.jpg 984w, https:\/\/s2.glbimg.com\/FbBGI2D3g35s_Lm03w5QAtifhbo=\/0x0:954x618\/640x0\/smart\/filters:strip_icc()\/i.s3.glbimg.com\/v1\/AUTH_59edd422c0c84a879bd37670ae4f538a\/internal_photos\/bs\/2020\/9\/z\/Mc9B85R1my3OKM4eRcuw\/sismologia-usp1.jpg 640w, https:\/\/s2.glbimg.com\/226gAbuztIVy-HhBYBqsYIYoiTs=\/0x0:954x618\/600x0\/smart\/filters:strip_icc()\/i.s3.glbimg.com\/v1\/AUTH_59edd422c0c84a879bd37670ae4f538a\/internal_photos\/bs\/2020\/9\/z\/Mc9B85R1my3OKM4eRcuw\/sismologia-usp1.jpg 600w\" alt=\"Tremor foi sentido pelos moradores que acionaram a Defesa Civil de Getulina  \u2014 Foto: Centro de Sismologia da USP \/Reprodu\u00e7\u00e3o \" \/><\/figure>\n<p class=\"content-media__description \" style=\"text-align: justify;\">Tremor foi sentido pelos moradores que acionaram a Defesa Civil de Getulina \u2014 Foto: Centro de Sismologia da USP \/Reprodu\u00e7\u00e3o<\/p>\n<p style=\"text-align: justify;\">Fonte: G1<\/p>\n<\/div>\n<\/div>\n<\/div>\n","protected":false},"excerpt":{"rendered":"<p>Fen\u00f4meno foi registrado pelo Centro de Sismologia da USP. Defesa Civil recebeu liga\u00e7\u00e3o de v\u00e1rios moradores do Distrito de Macucos; ningu\u00e9m se feriu. A Defesa Civil de Getulina (SP) divulgou na ter\u00e7a-feira (23) que foi registrado um tremor de terra no distrito de Macucos na madrugada de segunda-feira (22), com 2,2 de magnitude regional (mr), [&hellip;]<\/p>\n","protected":false},"author":1,"featured_media":29262,"comment_status":"closed","ping_status":"open","sticky":false,"template":"","format":"standard","meta":{"footnotes":""},"categories":[114,110],"tags":[],"class_list":["post-29261","post","type-post","status-publish","format-standard","has-post-thumbnail","hentry","category-geralecomercio","category-noticiasdestaque"],"_links":{"self":[{"href":"https:\/\/jorgezanoni.com.br\/2019\/wp-json\/wp\/v2\/posts\/29261","targetHints":{"allow":["GET"]}}],"collection":[{"href":"https:\/\/jorgezanoni.com.br\/2019\/wp-json\/wp\/v2\/posts"}],"about":[{"href":"https:\/\/jorgezanoni.com.br\/2019\/wp-json\/wp\/v2\/types\/post"}],"author":[{"embeddable":true,"href":"https:\/\/jorgezanoni.com.br\/2019\/wp-json\/wp\/v2\/users\/1"}],"replies":[{"embeddable":true,"href":"https:\/\/jorgezanoni.com.br\/2019\/wp-json\/wp\/v2\/comments?post=29261"}],"version-history":[{"count":0,"href":"https:\/\/jorgezanoni.com.br\/2019\/wp-json\/wp\/v2\/posts\/29261\/revisions"}],"wp:featuredmedia":[{"embeddable":true,"href":"https:\/\/jorgezanoni.com.br\/2019\/wp-json\/wp\/v2\/media\/29262"}],"wp:attachment":[{"href":"https:\/\/jorgezanoni.com.br\/2019\/wp-json\/wp\/v2\/media?parent=29261"}],"wp:term":[{"taxonomy":"category","embeddable":true,"href":"https:\/\/jorgezanoni.com.br\/2019\/wp-json\/wp\/v2\/categories?post=29261"},{"taxonomy":"post_tag","embeddable":true,"href":"https:\/\/jorgezanoni.com.br\/2019\/wp-json\/wp\/v2\/tags?post=29261"}],"curies":[{"name":"wp","href":"https:\/\/api.w.org\/{rel}","templated":true}]}}