{"id":29248,"date":"2020-06-24T14:43:40","date_gmt":"2020-06-24T14:43:40","guid":{"rendered":"https:\/\/jorgezanoni.com.br\/2019\/?p=29248"},"modified":"2020-06-24T14:43:40","modified_gmt":"2020-06-24T14:43:40","slug":"hoje-e-comemorado-o-dia-de-sao-joao","status":"publish","type":"post","link":"https:\/\/jorgezanoni.com.br\/2019\/hoje-e-comemorado-o-dia-de-sao-joao\/","title":{"rendered":"Hoje \u00e9 comemorado o dia de S\u00e3o Jo\u00e3o"},"content":{"rendered":"<p style=\"text-align: justify;\">O\u00a0<b>Nascimento de Jo\u00e3o Batista<\/b>\u00a0(ou\u00a0<b>Dia de S\u00e3o Jo\u00e3o<\/b>\u00a0ou\u00a0<b>Nascimento do Precursor\u00a0<\/b>) \u00e9 uma festa\u00a0<a class=\"mw-redirect\" title=\"Crist\u00e3\" href=\"https:\/\/pt.wikipedia.org\/wiki\/Crist%C3%A3\">crist\u00e3<\/a>\u00a0celebrando o nascimento de\u00a0<a title=\"Jo\u00e3o Batista\" href=\"https:\/\/pt.wikipedia.org\/wiki\/Jo%C3%A3o_Batista\">Jo\u00e3o Batista<\/a>, um\u00a0<a title=\"Profeta\" href=\"https:\/\/pt.wikipedia.org\/wiki\/Profeta\">profeta<\/a>\u00a0que previu o\u00a0<a class=\"mw-redirect\" title=\"Advento de Jesus\" href=\"https:\/\/pt.wikipedia.org\/wiki\/Advento_de_Jesus\">advento<\/a>\u00a0do\u00a0<a title=\"Messias\" href=\"https:\/\/pt.wikipedia.org\/wiki\/Messias\">Messias<\/a>\u00a0na pessoa de\u00a0<a class=\"mw-redirect\" title=\"Jesus Cristo\" href=\"https:\/\/pt.wikipedia.org\/wiki\/Jesus_Cristo\">Jesus Cristo<\/a>\u00a0e\u00a0<a title=\"Batismo de Jesus\" href=\"https:\/\/pt.wikipedia.org\/wiki\/Batismo_de_Jesus\">o batizou<\/a>. Esta festa \u00e9 amplamente comemorada no mundo crist\u00e3o no dia\u00a0<a title=\"24 de junho\" href=\"https:\/\/pt.wikipedia.org\/wiki\/24_de_junho\">24 de junho<\/a>\u00a0e \u00e9 uma das\u00a0<a class=\"mw-redirect\" title=\"Festas juninas\" href=\"https:\/\/pt.wikipedia.org\/wiki\/Festas_juninas\">festas juninas<\/a>. \u00c9 tamb\u00e9m o \u00fanico\u00a0<a title=\"Santo\" href=\"https:\/\/pt.wikipedia.org\/wiki\/Santo\">santo<\/a>\u00a0cujo nascimento e\u00a0<a class=\"mw-redirect\" title=\"Mart\u00edrio\" href=\"https:\/\/pt.wikipedia.org\/wiki\/Mart%C3%ADrio\">mart\u00edrio<\/a>, este \u00faltimo em\u00a0<a class=\"mw-redirect\" title=\"29 de Agosto\" href=\"https:\/\/pt.wikipedia.org\/wiki\/29_de_Agosto\">29 de Agosto<\/a>, s\u00e3o evocados em duas solenidades pelo povo crist\u00e3o.<sup id=\"cite_ref-1\" class=\"reference\"><a href=\"https:\/\/pt.wikipedia.org\/wiki\/Nascimento_de_Jo%C3%A3o_Batista#cite_note-1\">[1]<\/a><\/sup><\/p>\n<p style=\"text-align: justify;\">A noite de 23 de Junho, v\u00e9spera do\u00a0<a class=\"mw-redirect\" title=\"Dia de S\u00e3o Jo\u00e3o\" href=\"https:\/\/pt.wikipedia.org\/wiki\/Dia_de_S%C3%A3o_Jo%C3%A3o\">Dia de S\u00e3o Jo\u00e3o<\/a>, marca o in\u00edcio da celebra\u00e7\u00e3o da\u00a0<b>festa de S\u00e3o Jo\u00e3o Batista<\/b>. O\u00a0<a class=\"mw-redirect\" title=\"Evangelho de Lucas\" href=\"https:\/\/pt.wikipedia.org\/wiki\/Evangelho_de_Lucas\">Evangelho de Lucas<\/a>\u00a0(Lucas 1:36, 56-57) afirma que Jo\u00e3o nasceu cerca de seis meses antes de\u00a0<a title=\"Jesus\" href=\"https:\/\/pt.wikipedia.org\/wiki\/Jesus\">Jesus<\/a>; portanto, a festa de S\u00e3o Jo\u00e3o Batista foi fixada em 24 de junho, seis meses antes da\u00a0<a title=\"V\u00e9spera de Natal\" href=\"https:\/\/pt.wikipedia.org\/wiki\/V%C3%A9spera_de_Natal\">v\u00e9spera de Natal<\/a>. Este dia de festa \u00e9 um dos poucos dias santos que comemora o anivers\u00e1rio do nascimento, ao inv\u00e9s da morte, do santo homenageado.<\/p>\n<p style=\"text-align: justify;\">A festa se originou na\u00a0<a title=\"Idade M\u00e9dia\" href=\"https:\/\/pt.wikipedia.org\/wiki\/Idade_M%C3%A9dia\">Idade M\u00e9dia<\/a>\u00a0na celebra\u00e7\u00e3o dos chamados\u00a0<b>Santos Populares<\/b>\u00a0(<a title=\"Santo Ant\u00f3nio de Lisboa\" href=\"https:\/\/pt.wikipedia.org\/wiki\/Santo_Ant%C3%B3nio_de_Lisboa\">Santo Ant\u00f3nio<\/a>,\u00a0<a class=\"mw-redirect\" title=\"S\u00e3o Pedro\" href=\"https:\/\/pt.wikipedia.org\/wiki\/S%C3%A3o_Pedro\">S\u00e3o Pedro<\/a>\u00a0e\u00a0<a class=\"mw-redirect\" title=\"S\u00e3o Jo\u00e3o Batista\" href=\"https:\/\/pt.wikipedia.org\/wiki\/S%C3%A3o_Jo%C3%A3o_Batista\">S\u00e3o Jo\u00e3o<\/a>; ver\u00a0<a title=\"Festa de S\u00e3o Pedro e S\u00e3o Paulo\" href=\"https:\/\/pt.wikipedia.org\/wiki\/Festa_de_S%C3%A3o_Pedro_e_S%C3%A3o_Paulo\">Festa de S\u00e3o Pedro e S\u00e3o Paulo<\/a>). Al\u00e9m de S\u00e3o Jo\u00e3o, comemorado no dia 24, os outros s\u00e3o\u00a0<a class=\"mw-redirect\" title=\"S\u00e3o Pedro e S\u00e3o Paulo\" href=\"https:\/\/pt.wikipedia.org\/wiki\/S%C3%A3o_Pedro_e_S%C3%A3o_Paulo\">S\u00e3o Pedro<\/a>\u00a0(no dia 29) e\u00a0<a title=\"Santo Ant\u00f3nio de Lisboa\" href=\"https:\/\/pt.wikipedia.org\/wiki\/Santo_Ant%C3%B3nio_de_Lisboa\">Santo Ant\u00f3nio<\/a>\u00a0(no dia 13). Em\u00a0<a title=\"Portugal\" href=\"https:\/\/pt.wikipedia.org\/wiki\/Portugal\">Portugal<\/a>, as festas dos tr\u00eas marcam o in\u00edcio das festas cat\u00f3licas em todo o pa\u00eds.<sup id=\"cite_ref-suapesquisa.com_2-0\" class=\"reference\"><a href=\"https:\/\/pt.wikipedia.org\/wiki\/Nascimento_de_Jo%C3%A3o_Batista#cite_note-suapesquisa.com-2\">[2]<\/a><\/sup><\/p>\n<p style=\"text-align: justify;\"><a class=\"mw-redirect\" title=\"S\u00e3o Jo\u00e3o Baptista\" href=\"https:\/\/pt.wikipedia.org\/wiki\/S%C3%A3o_Jo%C3%A3o_Baptista\">Jo\u00e3o Batista<\/a>\u00a0\u00e9 o \u00fanico santo, al\u00e9m da\u00a0<a class=\"mw-redirect\" title=\"Virgem Maria\" href=\"https:\/\/pt.wikipedia.org\/wiki\/Virgem_Maria\">Virgem Maria<\/a>, de que se celebra o nascimento tanto para a terra, quanto para o c\u00e9u. Segundo os\u00a0<a title=\"Evangelho\" href=\"https:\/\/pt.wikipedia.org\/wiki\/Evangelho\">evangelhos<\/a>, \u00e9 o maior dos profetas (<a class=\"extiw\" title=\"s:Tradu\u00e7\u00e3o Brasileira da B\u00edblia\/Lucas\/VII\" href=\"https:\/\/pt.wikisource.org\/wiki\/Tradu%C3%A7%C3%A3o_Brasileira_da_B%C3%ADblia\/Lucas\/VII#7:26\">Lucas 7:26-28<\/a>), porque p\u00f4de apresentar o\u00a0<a title=\"Cordeiro de Deus\" href=\"https:\/\/pt.wikipedia.org\/wiki\/Cordeiro_de_Deus\">Cordeiro de Deus<\/a>\u00a0que tira o pecado do mundo (<a class=\"extiw\" title=\"s:Tradu\u00e7\u00e3o Brasileira da B\u00edblia\/Jo\u00e3o\/I\" href=\"https:\/\/pt.wikisource.org\/wiki\/Tradu%C3%A7%C3%A3o_Brasileira_da_B%C3%ADblia\/Jo%C3%A3o\/I#1:29\">Jo\u00e3o 1:29-36<\/a>). Sua voca\u00e7\u00e3o reveste-se de acontecimentos extraordin\u00e1rios, repletos de j\u00fabilo messi\u00e2nico, que preparam o\u00a0<a title=\"Natal\" href=\"https:\/\/pt.wikipedia.org\/wiki\/Natal\">nascimento de Jesus<\/a>\u00a0(<a class=\"extiw\" title=\"s:Tradu\u00e7\u00e3o Brasileira da B\u00edblia\/Lucas\/I\" href=\"https:\/\/pt.wikisource.org\/wiki\/Tradu%C3%A7%C3%A3o_Brasileira_da_B%C3%ADblia\/Lucas\/I#1:14\">Lucas 1:14-58<\/a>).<\/p>\n<h2 style=\"text-align: justify;\"><span id=\"Significado_Crist\u00e3o\" class=\"mw-headline\">Significado Crist\u00e3o<\/span><\/h2>\n<p style=\"text-align: justify;\">Os crist\u00e3os h\u00e1 muito interpretam a vida de Jo\u00e3o Batista como uma prepara\u00e7\u00e3o para o\u00a0<a class=\"mw-redirect\" title=\"Advento de Jesus\" href=\"https:\/\/pt.wikipedia.org\/wiki\/Advento_de_Jesus\">advento de Jesus<\/a>\u00a0e as circunst\u00e2ncias de seu nascimento, relatados no\u00a0<a title=\"Novo Testamento\" href=\"https:\/\/pt.wikipedia.org\/wiki\/Novo_Testamento\">Novo Testamento<\/a>, s\u00e3o tamb\u00e9m milagrosos. O \u00fanico relato b\u00edblico sobre o nascimento do profeta est\u00e1 no\u00a0<a class=\"mw-redirect\" title=\"Evangelho de Lucas\" href=\"https:\/\/pt.wikipedia.org\/wiki\/Evangelho_de_Lucas\">Evangelho de Lucas<\/a>. Os pais de Jo\u00e3o,\u00a0<a title=\"Zacarias (sacerdote)\" href=\"https:\/\/pt.wikipedia.org\/wiki\/Zacarias_(sacerdote)\">Zacarias<\/a>\u00a0&#8211; um\u00a0<a class=\"mw-redirect\" title=\"Kohen\" href=\"https:\/\/pt.wikipedia.org\/wiki\/Kohen\">sacerdote judeu<\/a>\u00a0&#8211; e\u00a0<a title=\"Isabel (B\u00edblia)\" href=\"https:\/\/pt.wikipedia.org\/wiki\/Isabel_(B%C3%ADblia)\">Isabel<\/a>\u00a0n\u00e3o tinham filhos e j\u00e1 haviam passado da idade de t\u00ea-los. Durante uma jornada de trabalho servindo no\u00a0<a title=\"Templo de Jerusal\u00e9m\" href=\"https:\/\/pt.wikipedia.org\/wiki\/Templo_de_Jerusal%C3%A9m\">Templo de Jerusal\u00e9m<\/a>, ele foi escolhido por sorteio para oferecer\u00a0<a title=\"Incenso\" href=\"https:\/\/pt.wikipedia.org\/wiki\/Incenso\">incenso<\/a>\u00a0no\u00a0<a class=\"mw-redirect\" title=\"Altar Dourado\" href=\"https:\/\/pt.wikipedia.org\/wiki\/Altar_Dourado\">Altar Dourado<\/a>\u00a0no\u00a0<a title=\"Santo dos Santos\" href=\"https:\/\/pt.wikipedia.org\/wiki\/Santo_dos_Santos\">Santo dos Santos<\/a>.<\/p>\n<p style=\"text-align: justify;\">O\u00a0<a class=\"mw-redirect\" title=\"Arcanjo Gabriel\" href=\"https:\/\/pt.wikipedia.org\/wiki\/Arcanjo_Gabriel\">Arcanjo Gabriel<\/a>\u00a0apareceu para ele e anunciou que a esposa de Zacarias iria dar \u00e0 luz uma crian\u00e7a e que ele deveria cham\u00e1-lo de\u00a0<a title=\"Jo\u00e3o (nome)\" href=\"https:\/\/pt.wikipedia.org\/wiki\/Jo%C3%A3o_(nome)\">Jo\u00e3o<\/a>. Por\u00e9m, por n\u00e3o ter acreditado na mensagem de Gabriel, Zacarias perdeu a voz. Com o nascimento de seu filho, seus parentes quiseram ent\u00e3o dar-lhe o nome do pai e Zacarias, sem poder falar, escreveu: &#8220;Seu nome \u00e9 Jo\u00e3o&#8221;, tendo sua voz devolvida.<sup id=\"cite_ref-3\" class=\"reference\"><a href=\"https:\/\/pt.wikipedia.org\/wiki\/Nascimento_de_Jo%C3%A3o_Batista#cite_note-3\">[3]<\/a><\/sup>\u00a0A import\u00e2ncia do nome adv\u00e9m do seu significado que \u00e9 &#8220;<b>Deus \u00e9 prop\u00edcio<\/b>&#8220;.<sup id=\"cite_ref-4\" class=\"reference\"><a href=\"https:\/\/pt.wikipedia.org\/wiki\/Nascimento_de_Jo%C3%A3o_Batista#cite_note-4\">[4]<\/a><\/sup>\u00a0Depois de ter obedecido o comando de\u00a0<a title=\"Deus\" href=\"https:\/\/pt.wikipedia.org\/wiki\/Deus\">Deus<\/a>, ele recebeu o\u00a0<a title=\"Profecia\" href=\"https:\/\/pt.wikipedia.org\/wiki\/Profecia\">dom da profecia<\/a>\u00a0e previu o futuro de Jo\u00e3o.<sup id=\"cite_ref-5\" class=\"reference\"><a href=\"https:\/\/pt.wikipedia.org\/wiki\/Nascimento_de_Jo%C3%A3o_Batista#cite_note-5\">[5]<\/a><\/sup>\u00a0O c\u00e2ntico que Zacarias profere em seguida, chamado\u00a0<i><a title=\"Benedictus\" href=\"https:\/\/pt.wikipedia.org\/wiki\/Benedictus\">Benedictus<\/a><\/i>, \u00e9 utilizado at\u00e9 hoje nos servi\u00e7os lit\u00fargicos de diversas denomina\u00e7\u00f5es crist\u00e3s.<sup id=\"cite_ref-6\" class=\"reference\"><a href=\"https:\/\/pt.wikipedia.org\/wiki\/Nascimento_de_Jo%C3%A3o_Batista#cite_note-6\">[6]<\/a><\/sup><\/p>\n<p style=\"text-align: justify;\">Na\u00a0<a title=\"Anuncia\u00e7\u00e3o\" href=\"https:\/\/pt.wikipedia.org\/wiki\/Anuncia%C3%A7%C3%A3o\">Anuncia\u00e7\u00e3o<\/a>, quando o\u00a0<a class=\"mw-redirect\" title=\"Arcanjo Gabriel\" href=\"https:\/\/pt.wikipedia.org\/wiki\/Arcanjo_Gabriel\">Arcanjo Gabriel<\/a>\u00a0apareceu para a\u00a0<a class=\"mw-redirect\" title=\"Virgem Maria\" href=\"https:\/\/pt.wikipedia.org\/wiki\/Virgem_Maria\">Virgem Maria<\/a>\u00a0para inform\u00e1-la que ela iria conceber seu filho\u00a0<a title=\"Jesus\" href=\"https:\/\/pt.wikipedia.org\/wiki\/Jesus\">Jesus<\/a>\u00a0atrav\u00e9s do\u00a0<a title=\"Esp\u00edrito Santo\" href=\"https:\/\/pt.wikipedia.org\/wiki\/Esp%C3%ADrito_Santo\">Esp\u00edrito Santo<\/a>, ele tamb\u00e9m a informou de que Isabel, sua prima, j\u00e1 estava gr\u00e1vida de seis meses.<sup id=\"cite_ref-7\" class=\"reference\"><a href=\"https:\/\/pt.wikipedia.org\/wiki\/Nascimento_de_Jo%C3%A3o_Batista#cite_note-7\">[7]<\/a><\/sup>\u00a0Maria ent\u00e3o viajou para\u00a0<a title=\"Visita\u00e7\u00e3o\" href=\"https:\/\/pt.wikipedia.org\/wiki\/Visita%C3%A7%C3%A3o\">visitar Isabel<\/a>. O Evangelho de Lucas relata que o beb\u00ea estremeceu no ventre de Isabel quando ela cumprimentou Maria.<sup id=\"cite_ref-8\" class=\"reference\"><a href=\"https:\/\/pt.wikipedia.org\/wiki\/Nascimento_de_Jo%C3%A3o_Batista#cite_note-8\">[8]<\/a><\/sup><\/p>\n<h2 style=\"text-align: justify;\"><span id=\"Celebra.C3.A7.C3.A3o_lit.C3.BArgica\"><\/span><span id=\"Celebra\u00e7\u00e3o_lit\u00fargica\" class=\"mw-headline\">Celebra\u00e7\u00e3o lit\u00fargica<\/span><\/h2>\n<div class=\"thumb tright\" style=\"text-align: justify;\">\n<div class=\"thumbinner\"><a class=\"image\" href=\"https:\/\/pt.wikipedia.org\/wiki\/Ficheiro:Guido_Reni_040.jpg\"><img loading=\"lazy\" decoding=\"async\" class=\"thumbimage\" src=\"https:\/\/upload.wikimedia.org\/wikipedia\/commons\/thumb\/5\/58\/Guido_Reni_040.jpg\/220px-Guido_Reni_040.jpg\" srcset=\"\/\/upload.wikimedia.org\/wikipedia\/commons\/thumb\/5\/58\/Guido_Reni_040.jpg\/330px-Guido_Reni_040.jpg 1.5x, \/\/upload.wikimedia.org\/wikipedia\/commons\/thumb\/5\/58\/Guido_Reni_040.jpg\/440px-Guido_Reni_040.jpg 2x\" alt=\"\" width=\"220\" height=\"268\" data-file-width=\"2024\" data-file-height=\"2469\" \/><\/a><\/p>\n<div class=\"thumbcaption\">\n<div class=\"magnify\"><\/div>\n<p>S\u00e3o Jo\u00e3o Baptista, por\u00a0<a title=\"Guido Reni\" href=\"https:\/\/pt.wikipedia.org\/wiki\/Guido_Reni\">Guido Reni<\/a>.<\/div>\n<\/div>\n<\/div>\n<p style=\"text-align: justify;\">O Dia de S\u00e3o Jo\u00e3o \u00e9 um dos mais antigos festivais do\u00a0<a title=\"Cristianismo\" href=\"https:\/\/pt.wikipedia.org\/wiki\/Cristianismo\">cristianismo<\/a>, j\u00e1 aparecendo no\u00a0<a title=\"Conc\u00edlio\" href=\"https:\/\/pt.wikipedia.org\/wiki\/Conc%C3%ADlio\">conc\u00edlio<\/a>\u00a0de\u00a0<a title=\"Agde\" href=\"https:\/\/pt.wikipedia.org\/wiki\/Agde\">Agde<\/a>, em 506 d.C., como um dos principais festivais da \u00e9poca, um feriado e, como o\u00a0<a title=\"Natal\" href=\"https:\/\/pt.wikipedia.org\/wiki\/Natal\">Natal<\/a>, era celebrado com tr\u00eas missas: uma pela manh\u00e3, uma ao meio-dia e outra no p\u00f4r-do-sol.<\/p>\n<p style=\"text-align: justify;\">O nascimento de Jo\u00e3o Batista no dia de 24 de junho ocorre tr\u00eas meses depois da celebra\u00e7\u00e3o da\u00a0<a title=\"Anuncia\u00e7\u00e3o\" href=\"https:\/\/pt.wikipedia.org\/wiki\/Anuncia%C3%A7%C3%A3o\">Anuncia\u00e7\u00e3o<\/a>, em 25 de mar\u00e7o e seis meses antes do\u00a0<a title=\"Natal\" href=\"https:\/\/pt.wikipedia.org\/wiki\/Natal\">Natal<\/a>, que celebra o nascimento de Jesus. Obviamente, o objetivo das festas n\u00e3o \u00e9 marcar a data exata destes eventos, mas sim comemor\u00e1-los de forma interligada.<\/p>\n<h3 style=\"text-align: justify;\"><span id=\"No_cristianismo_ocidental\" class=\"mw-headline\">No cristianismo ocidental<\/span><\/h3>\n<p style=\"text-align: justify;\">O nascimento de S\u00e3o Jo\u00e3o Batista \u00e9 um feriado importante no\u00a0<a class=\"mw-redirect\" title=\"Calend\u00e1rio dos santos\" href=\"https:\/\/pt.wikipedia.org\/wiki\/Calend%C3%A1rio_dos_santos\">calend\u00e1rio dos santos<\/a>, mantido pelas Igrejas\u00a0<a class=\"mw-redirect\" title=\"Cat\u00f3licos\" href=\"https:\/\/pt.wikipedia.org\/wiki\/Cat%C3%B3licos\">Cat\u00f3lica<\/a>,\u00a0<a class=\"mw-redirect\" title=\"Anglicanos\" href=\"https:\/\/pt.wikipedia.org\/wiki\/Anglicanos\">Anglicana<\/a>\u00a0e\u00a0<a class=\"mw-redirect\" title=\"Luteranos\" href=\"https:\/\/pt.wikipedia.org\/wiki\/Luteranos\">Luterana<\/a>. No\u00a0<a title=\"Rito romano\" href=\"https:\/\/pt.wikipedia.org\/wiki\/Rito_romano\">rito romano<\/a>\u00a0ela \u00e9 celebrada como uma\u00a0<a class=\"new\" title=\"Solenidade (p\u00e1gina n\u00e3o existe)\" href=\"https:\/\/pt.wikipedia.org\/w\/index.php?title=Solenidade&amp;action=edit&amp;redlink=1\">solenidade<\/a>\u00a0desde 1970 e como uma festa de primeira classe na forma do rito vigente at\u00e9 1962. Ela tem preced\u00eancia sobre o domingo se cair em um. As\u00a0<a class=\"mw-redirect\" title=\"Igreja Reformada\" href=\"https:\/\/pt.wikipedia.org\/wiki\/Igreja_Reformada\">igrejas reformadas<\/a>\u00a0e igrejas livres d\u00e3o menos proemin\u00eancia para esta festa.<\/p>\n<p style=\"text-align: justify;\">O dia da morte de um santo \u00e9 geralmente comemorado na sua festa, com exce\u00e7\u00e3o de Jesus, da Virgem Maria e de Jo\u00e3o Batista, embora a morte deles tamb\u00e9m seja celebrada no calend\u00e1rio lit\u00fargico (Jesus na\u00a0<a class=\"mw-redirect\" title=\"Sexta-Feira Santa\" href=\"https:\/\/pt.wikipedia.org\/wiki\/Sexta-Feira_Santa\">Sexta-Feira Santa<\/a>, Maria na\u00a0<a title=\"Assun\u00e7\u00e3o de Maria\" href=\"https:\/\/pt.wikipedia.org\/wiki\/Assun%C3%A7%C3%A3o_de_Maria\">Assun\u00e7\u00e3o de Maria<\/a>\u00a0e Jo\u00e3o na\u00a0<a title=\"Decapita\u00e7\u00e3o de Jo\u00e3o Batista\" href=\"https:\/\/pt.wikipedia.org\/wiki\/Decapita%C3%A7%C3%A3o_de_Jo%C3%A3o_Batista\">Decapita\u00e7\u00e3o de Jo\u00e3o Batista<\/a>). A raz\u00e3o &#8211; na doutrina cat\u00f3lica &#8211; \u00e9 que S\u00e3o Jo\u00e3o, como\u00a0<a class=\"mw-redirect\" title=\"Jeremias (profeta)\" href=\"https:\/\/pt.wikipedia.org\/wiki\/Jeremias_(profeta)\">Jeremias<\/a>\u00a0e a Virgem, foi purificado do\u00a0<a title=\"Pecado original\" href=\"https:\/\/pt.wikipedia.org\/wiki\/Pecado_original\">pecado original<\/a>\u00a0antes de seu nascimento, embora o nascimento de Jo\u00e3o n\u00e3o seja\u00a0<a title=\"Imaculada Concei\u00e7\u00e3o\" href=\"https:\/\/pt.wikipedia.org\/wiki\/Imaculada_Concei%C3%A7%C3%A3o\">imaculado<\/a>\u00a0como no caso da Virgem.<\/p>\n<p style=\"text-align: justify;\">A festa do\u00a0<a title=\"Batismo de Jesus\" href=\"https:\/\/pt.wikipedia.org\/wiki\/Batismo_de_Jesus\">Batismo de Jesus<\/a>\u00a0comemora o batismo realizado por Jo\u00e3o em Jesus.<\/p>\n<h3 style=\"text-align: justify;\"><span id=\"No_cristianismo_oriental\" class=\"mw-headline\">No cristianismo oriental<\/span><\/h3>\n<p style=\"text-align: justify;\">Na\u00a0<a title=\"Igreja Ortodoxa\" href=\"https:\/\/pt.wikipedia.org\/wiki\/Igreja_Ortodoxa\">Igreja Ortodoxa<\/a>\u00a0e em outras\u00a0<a class=\"mw-redirect\" title=\"Igrejas Orientais\" href=\"https:\/\/pt.wikipedia.org\/wiki\/Igrejas_Orientais\">Igrejas Orientais<\/a>, S\u00e3o Jo\u00e3o Batista \u00e9 geralmente chamado de S\u00e3o Jo\u00e3o, o Precursor, um t\u00edtulo utilizado tamb\u00e9m no ocidente (em\u00a0<a title=\"L\u00edngua grega\" href=\"https:\/\/pt.wikipedia.org\/wiki\/L%C3%ADngua_grega\">grego<\/a>:\u00a0<span class=\"politonico\" lang=\"el\"><span class=\"politonico\" lang=\"grc\">\u03a0\u03c1\u03cc\u03b4\u03c1\u03bf\u03bc\u03bf\u03c2<\/span><\/span>\u00a0e em\u00a0<a title=\"Latim\" href=\"https:\/\/pt.wikipedia.org\/wiki\/Latim\">latim<\/a>:\u00a0<i>Precursor<\/i>). Este t\u00edtulo indica que o objetivo do seu minist\u00e9rio era preparar o caminho para o\u00a0<a class=\"mw-redirect\" title=\"Advento de Jesus\" href=\"https:\/\/pt.wikipedia.org\/wiki\/Advento_de_Jesus\">advento de Jesus<\/a>. No oriente tamb\u00e9m, o dia de S\u00e3o Jo\u00e3o \u00e9 celebrado em 24 de junho. \u00c9 uma festa maior e \u00e9 celebrado como uma vig\u00edlia de noite inteira e com uma p\u00f3s-festa de um dia.<\/p>\n<p>Fonte: https:\/\/pt.wikipedia.org\/wiki\/Nascimento_de_Jo%C3%A3o_Batista<\/p>\n","protected":false},"excerpt":{"rendered":"<p>O\u00a0Nascimento de Jo\u00e3o Batista\u00a0(ou\u00a0Dia de S\u00e3o Jo\u00e3o\u00a0ou\u00a0Nascimento do Precursor\u00a0) \u00e9 uma festa\u00a0crist\u00e3\u00a0celebrando o nascimento de\u00a0Jo\u00e3o Batista, um\u00a0profeta\u00a0que previu o\u00a0advento\u00a0do\u00a0Messias\u00a0na pessoa de\u00a0Jesus Cristo\u00a0e\u00a0o batizou. Esta festa \u00e9 amplamente comemorada no mundo crist\u00e3o no dia\u00a024 de junho\u00a0e \u00e9 uma das\u00a0festas juninas. \u00c9 tamb\u00e9m o \u00fanico\u00a0santo\u00a0cujo nascimento e\u00a0mart\u00edrio, este \u00faltimo em\u00a029 de Agosto, s\u00e3o evocados em duas solenidades [&hellip;]<\/p>\n","protected":false},"author":1,"featured_media":29249,"comment_status":"closed","ping_status":"open","sticky":false,"template":"","format":"standard","meta":{"footnotes":""},"categories":[110,118],"tags":[],"class_list":["post-29248","post","type-post","status-publish","format-standard","has-post-thumbnail","hentry","category-noticiasdestaque","category-religiaoesolidariedade"],"_links":{"self":[{"href":"https:\/\/jorgezanoni.com.br\/2019\/wp-json\/wp\/v2\/posts\/29248","targetHints":{"allow":["GET"]}}],"collection":[{"href":"https:\/\/jorgezanoni.com.br\/2019\/wp-json\/wp\/v2\/posts"}],"about":[{"href":"https:\/\/jorgezanoni.com.br\/2019\/wp-json\/wp\/v2\/types\/post"}],"author":[{"embeddable":true,"href":"https:\/\/jorgezanoni.com.br\/2019\/wp-json\/wp\/v2\/users\/1"}],"replies":[{"embeddable":true,"href":"https:\/\/jorgezanoni.com.br\/2019\/wp-json\/wp\/v2\/comments?post=29248"}],"version-history":[{"count":0,"href":"https:\/\/jorgezanoni.com.br\/2019\/wp-json\/wp\/v2\/posts\/29248\/revisions"}],"wp:featuredmedia":[{"embeddable":true,"href":"https:\/\/jorgezanoni.com.br\/2019\/wp-json\/wp\/v2\/media\/29249"}],"wp:attachment":[{"href":"https:\/\/jorgezanoni.com.br\/2019\/wp-json\/wp\/v2\/media?parent=29248"}],"wp:term":[{"taxonomy":"category","embeddable":true,"href":"https:\/\/jorgezanoni.com.br\/2019\/wp-json\/wp\/v2\/categories?post=29248"},{"taxonomy":"post_tag","embeddable":true,"href":"https:\/\/jorgezanoni.com.br\/2019\/wp-json\/wp\/v2\/tags?post=29248"}],"curies":[{"name":"wp","href":"https:\/\/api.w.org\/{rel}","templated":true}]}}