{"id":29244,"date":"2020-06-24T14:17:30","date_gmt":"2020-06-24T14:17:30","guid":{"rendered":"https:\/\/jorgezanoni.com.br\/2019\/?p=29244"},"modified":"2020-06-24T14:17:30","modified_gmt":"2020-06-24T14:17:30","slug":"hoje-e-aniversario-de-sao-joao-do-pau-dalho","status":"publish","type":"post","link":"https:\/\/jorgezanoni.com.br\/2019\/hoje-e-aniversario-de-sao-joao-do-pau-dalho\/","title":{"rendered":"Hoje \u00e9 Anivers\u00e1rio de S\u00e3o Jo\u00e3o do Pau D&#8217;\u00c1lho"},"content":{"rendered":"<p style=\"text-align: justify;\"><strong>Conhecida como a cidade mais nova, a ca\u00e7ula da Alta Paulista, S\u00e3o Jo\u00e3o do Pau D&#8217;Alho, completa hoje (24) 60 anos de emancipa\u00e7\u00e3o pol\u00edtico-administrativa.<\/strong><\/p>\n<p><img loading=\"lazy\" decoding=\"async\" class=\"alignnone size-full wp-image-29245\" src=\"https:\/\/jorgezanoni.com.br\/2019\/wp-content\/uploads\/2020\/06\/pau-dalho.jpg\" alt=\"\" width=\"675\" height=\"450\" srcset=\"https:\/\/jorgezanoni.com.br\/2019\/wp-content\/uploads\/2020\/06\/pau-dalho.jpg 675w, https:\/\/jorgezanoni.com.br\/2019\/wp-content\/uploads\/2020\/06\/pau-dalho-300x200.jpg 300w, https:\/\/jorgezanoni.com.br\/2019\/wp-content\/uploads\/2020\/06\/pau-dalho-630x420.jpg 630w\" sizes=\"auto, (max-width: 675px) 100vw, 675px\" \/><\/p>\n<p style=\"text-align: justify;\">Este ano em fun\u00e7\u00e3o da Pandemia n\u00e3o h\u00e1 programa\u00e7\u00e3o de festejos.<\/p>\n<p style=\"text-align: justify;\">A origem do nome se deve a exist\u00eancia de muitas \u00e1rvores com o nome de Pau D&#8217;Alho, antecedido de S\u00e3o Jo\u00e3o, seu padroeiro.<\/p>\n<p style=\"text-align: justify;\"><b>S\u00e3o Jo\u00e3o do Pau-d&#8217;Alho<\/b>\u00a0\u00e9 um\u00a0<a title=\"Munic\u00edpio (Brasil)\" href=\"https:\/\/pt.wikipedia.org\/wiki\/Munic%C3%ADpio_(Brasil)\">munic\u00edpio brasileiro<\/a>\u00a0do\u00a0<a class=\"mw-redirect\" title=\"Estados do Brasil\" href=\"https:\/\/pt.wikipedia.org\/wiki\/Estados_do_Brasil\">estado<\/a>\u00a0de\u00a0<a title=\"S\u00e3o Paulo (estado)\" href=\"https:\/\/pt.wikipedia.org\/wiki\/S%C3%A3o_Paulo_(estado)\">S\u00e3o Paulo<\/a>, localiza-se a uma\u00a0<a title=\"Latitude\" href=\"https:\/\/pt.wikipedia.org\/wiki\/Latitude\">latitude<\/a>\u00a021\u00ba16&#8217;05&#8221;\u00a0<a title=\"Sul\" href=\"https:\/\/pt.wikipedia.org\/wiki\/Sul\">sul<\/a>\u00a0e a uma\u00a0<a title=\"Longitude\" href=\"https:\/\/pt.wikipedia.org\/wiki\/Longitude\">longitude<\/a>\u00a051\u00ba39&#8217;57&#8221;\u00a0<a title=\"Oeste\" href=\"https:\/\/pt.wikipedia.org\/wiki\/Oeste\">oeste<\/a>, estando a uma\u00a0<a title=\"Altitude\" href=\"https:\/\/pt.wikipedia.org\/wiki\/Altitude\">altitude<\/a>\u00a0de 354 metros. Sua popula\u00e7\u00e3o estimada em\u00a0<a title=\"2016\" href=\"https:\/\/pt.wikipedia.org\/wiki\/2016\">2017<\/a>\u00a0era de 2.132 habitantes.<\/p>\n<h2 style=\"text-align: justify;\"><span id=\"Hist\u00f3ria\" class=\"mw-headline\">Hist\u00f3ria<\/span><\/h2>\n<p style=\"text-align: justify;\">Quando Evaristo Cavalheri construiu sua casa \u00e0 beira de um c\u00f3rrego, na frente de sua moradia havia duas grandes \u00e1rvores, conhecidas como\u00a0<i><a title=\"Pau-d'alho\" href=\"https:\/\/pt.wikipedia.org\/wiki\/Pau-d%27alho\">pau-d&#8217;alho<\/a><\/i>, de onde prov\u00e9m parte do nome da cidade.\u00a0<a title=\"Jo\u00e3o Batista\" href=\"https:\/\/pt.wikipedia.org\/wiki\/Jo%C3%A3o_Batista\">S\u00e3o Jo\u00e3o Batista<\/a>\u00a0(o padroeiro) contribuiu tamb\u00e9m para esse nome.<\/p>\n<h2 style=\"text-align: justify;\"><span id=\"Educa\u00e7\u00e3o\" class=\"mw-headline\">Educa\u00e7\u00e3o<\/span><\/h2>\n<p style=\"text-align: justify;\">A Escola Professor Salvador Ramos de Moura &#8211; ensino fundamental e m\u00e9dio &#8211; atende a todas as crian\u00e7as e adolescentes da cidade. o munic\u00edpio por meio de recursos federais municipalizou o ensino fundamental do ciclo um(1) na escola EMEFEI DE S\u00c3O JO\u00c3O DO PAU D\u00b4ALHO SP.<\/p>\n<h2 style=\"text-align: justify;\"><span id=\"Turismo\" class=\"mw-headline\">Turismo<\/span><\/h2>\n<p style=\"text-align: justify;\">A festa mais conhecida \u00e9 a\u00a0<b>&#8220;Festa do Padroeiro, S\u00e3o Jo\u00e3o Batista&#8221;<\/b>,que acontece sempre na noite do dia 23 de junho, v\u00e9spera do anivers\u00e1rio da cidade, que re\u00fane seus habitantes, antigos moradores, al\u00e9m de visitantes de munic\u00edpios pr\u00f3ximos. A festa atrai cerca de 6.000 pessoas.<\/p>\n<p style=\"text-align: justify;\">Tem tamb\u00e9m a tradicional &#8220;<a title=\"Rodeio\" href=\"https:\/\/pt.wikipedia.org\/wiki\/Rodeio\">Festa do Pe\u00e3o<\/a>&#8221; que acontece no in\u00edcio do m\u00eas de junho. Geralmente s\u00e3o tr\u00eas noites de festa com v\u00e1rias atra\u00e7\u00f5es: montarias em\u00a0<a class=\"mw-redirect\" title=\"Touro\" href=\"https:\/\/pt.wikipedia.org\/wiki\/Touro\">touros<\/a>\u00a0e\u00a0<a title=\"Cavalo\" href=\"https:\/\/pt.wikipedia.org\/wiki\/Cavalo\">cavalos<\/a>, shows, parque de divers\u00f5es, etc. Na manh\u00e3 do domingo, acontece o &#8220;Desfile de Cavaleiros&#8221; conhecido como &#8220;Cavalgada&#8221;, atraindo comitivas de toda a regi\u00e3o.<\/p>\n<h2 style=\"text-align: justify;\"><span id=\"Economia\" class=\"mw-headline\">Economia<\/span><\/h2>\n<p style=\"text-align: justify;\">S\u00e3o Jo\u00e3o do Pau D&#8217;Alho \u00e9 uma cidade muito agrad\u00e1vel e sua renda prov\u00e9m da agricultura e pecu\u00e1ria, al\u00e9m de verbas federais e estaduais.<\/p>\n<h2 style=\"text-align: justify;\"><span id=\"Geografia\" class=\"mw-headline\">Geografia<\/span><\/h2>\n<p style=\"text-align: justify;\">Possui uma \u00e1rea de 117,665\u00a0km\u00b2.<\/p>\n<h2 style=\"text-align: justify;\"><span id=\"Geografia\" class=\"mw-headline\">Geografia<\/span><\/h2>\n<p style=\"text-align: justify;\">Possui uma \u00e1rea de 117,665\u00a0km\u00b2.<\/p>\n<h3 style=\"text-align: justify;\"><span id=\"Hidrografia\" class=\"mw-headline\">Hidrografia<\/span><\/h3>\n<ul style=\"text-align: justify;\">\n<li><a title=\"Rio Aguape\u00ed\" href=\"https:\/\/pt.wikipedia.org\/wiki\/Rio_Aguape%C3%AD\">Rio Aguape\u00ed<\/a><\/li>\n<\/ul>\n<h3 style=\"text-align: justify;\"><span id=\"Rodovias\" class=\"mw-headline\">Rodovias<\/span><\/h3>\n<ul style=\"text-align: justify;\">\n<li><a class=\"mw-redirect\" title=\"SP-294\" href=\"https:\/\/pt.wikipedia.org\/wiki\/SP-294\">SP-294<\/a><\/li>\n<\/ul>\n<h2 style=\"text-align: justify;\"><span id=\"Comunica.C3.A7.C3.B5es\"><\/span><span id=\"Comunica\u00e7\u00f5es\" class=\"mw-headline\">Comunica\u00e7\u00f5es<\/span><\/h2>\n<p style=\"text-align: justify;\">A cidade foi atendida pela\u00a0<a title=\"Companhia de Telecomunica\u00e7\u00f5es do Estado de S\u00e3o Paulo\" href=\"https:\/\/pt.wikipedia.org\/wiki\/Companhia_de_Telecomunica%C3%A7%C3%B5es_do_Estado_de_S%C3%A3o_Paulo\">Companhia de Telecomunica\u00e7\u00f5es do Estado de S\u00e3o Paulo (COTESP)<\/a>\u00a0at\u00e9 1973, quando passou a ser atendida pela\u00a0<a title=\"Telecomunica\u00e7\u00f5es de S\u00e3o Paulo\" href=\"https:\/\/pt.wikipedia.org\/wiki\/Telecomunica%C3%A7%C3%B5es_de_S%C3%A3o_Paulo\">Telecomunica\u00e7\u00f5es de S\u00e3o Paulo\u00a0(TELESP)<\/a><sup id=\"cite_ref-5\" class=\"reference\"><a href=\"https:\/\/pt.wikipedia.org\/wiki\/S%C3%A3o_Jo%C3%A3o_do_Pau-d%27Alho#cite_note-5\">[5]<\/a><\/sup>, que construiu em 1982 a central telef\u00f4nica utilizada at\u00e9 os dias atuais. Em 1998 esta empresa foi privatizada e vendida para a Telef\u00f4nica, sendo que em 2012 a empresa adotou a marca Vivo para suas opera\u00e7\u00f5es de telefonia fixa<sup id=\"cite_ref-6\" class=\"reference\"><a href=\"https:\/\/pt.wikipedia.org\/wiki\/S%C3%A3o_Jo%C3%A3o_do_Pau-d%27Alho#cite_note-6\">[6]<\/a><\/sup><sup id=\"cite_ref-7\" class=\"reference\"><a href=\"https:\/\/pt.wikipedia.org\/wiki\/S%C3%A3o_Jo%C3%A3o_do_Pau-d%27Alho#cite_note-7\">[7]<\/a><\/sup><sup id=\"cite_ref-8\" class=\"reference\"><a href=\"https:\/\/pt.wikipedia.org\/wiki\/S%C3%A3o_Jo%C3%A3o_do_Pau-d%27Alho#cite_note-8\">[8]<\/a><\/sup>.<\/p>\n<h2 style=\"text-align: justify;\"><span id=\"Administra.C3.A7.C3.A3o\"><\/span><span id=\"Administra\u00e7\u00e3o\" class=\"mw-headline\">Administra\u00e7\u00e3o<\/span><\/h2>\n<ul>\n<li style=\"text-align: justify;\"><a title=\"Prefeitura (Brasil)\" href=\"https:\/\/pt.wikipedia.org\/wiki\/Prefeitura_(Brasil)\">Prefeito<\/a>: Fernando Barberino (<a title=\"2017\" href=\"https:\/\/pt.wikipedia.org\/wiki\/2017\">2017<\/a>\/<a title=\"2020\" href=\"https:\/\/pt.wikipedia.org\/wiki\/2020\">2020<\/a>)<\/li>\n<li style=\"text-align: justify;\"><a title=\"Vice-prefeito\" href=\"https:\/\/pt.wikipedia.org\/wiki\/Vice-prefeito\">Vice-prefeito<\/a>: Idevalte Ungari (2017\/2020)<\/li>\n<\/ul>\n<p>Fonte: https:\/\/pt.wikipedia.org\/wiki\/S%C3%A3o_Jo%C3%A3o_do_Pau-d%27Alho<\/p>\n<p>O SITE JZ PARABENIZA OS AMIGOS E TODA POPULA\u00c7\u00c3O DA CA\u00c7ULA DA ALTA PAULISTA.<\/p>\n<p>Compila\u00e7\u00e3o: Jorge Zanoni<\/p>\n","protected":false},"excerpt":{"rendered":"<p>Conhecida como a cidade mais nova, a ca\u00e7ula da Alta Paulista, S\u00e3o Jo\u00e3o do Pau D&#8217;Alho, completa hoje (24) 60 anos de emancipa\u00e7\u00e3o pol\u00edtico-administrativa. Este ano em fun\u00e7\u00e3o da Pandemia n\u00e3o h\u00e1 programa\u00e7\u00e3o de festejos. A origem do nome se deve a exist\u00eancia de muitas \u00e1rvores com o nome de Pau D&#8217;Alho, antecedido de S\u00e3o [&hellip;]<\/p>\n","protected":false},"author":1,"featured_media":29246,"comment_status":"closed","ping_status":"open","sticky":false,"template":"","format":"standard","meta":{"footnotes":""},"categories":[179,110,198],"tags":[],"class_list":["post-29244","post","type-post","status-publish","format-standard","has-post-thumbnail","hentry","category-cidadeseregiao","category-noticiasdestaque","category-saojoaodopaudalho"],"_links":{"self":[{"href":"https:\/\/jorgezanoni.com.br\/2019\/wp-json\/wp\/v2\/posts\/29244","targetHints":{"allow":["GET"]}}],"collection":[{"href":"https:\/\/jorgezanoni.com.br\/2019\/wp-json\/wp\/v2\/posts"}],"about":[{"href":"https:\/\/jorgezanoni.com.br\/2019\/wp-json\/wp\/v2\/types\/post"}],"author":[{"embeddable":true,"href":"https:\/\/jorgezanoni.com.br\/2019\/wp-json\/wp\/v2\/users\/1"}],"replies":[{"embeddable":true,"href":"https:\/\/jorgezanoni.com.br\/2019\/wp-json\/wp\/v2\/comments?post=29244"}],"version-history":[{"count":0,"href":"https:\/\/jorgezanoni.com.br\/2019\/wp-json\/wp\/v2\/posts\/29244\/revisions"}],"wp:featuredmedia":[{"embeddable":true,"href":"https:\/\/jorgezanoni.com.br\/2019\/wp-json\/wp\/v2\/media\/29246"}],"wp:attachment":[{"href":"https:\/\/jorgezanoni.com.br\/2019\/wp-json\/wp\/v2\/media?parent=29244"}],"wp:term":[{"taxonomy":"category","embeddable":true,"href":"https:\/\/jorgezanoni.com.br\/2019\/wp-json\/wp\/v2\/categories?post=29244"},{"taxonomy":"post_tag","embeddable":true,"href":"https:\/\/jorgezanoni.com.br\/2019\/wp-json\/wp\/v2\/tags?post=29244"}],"curies":[{"name":"wp","href":"https:\/\/api.w.org\/{rel}","templated":true}]}}