{"id":29241,"date":"2020-06-24T13:46:32","date_gmt":"2020-06-24T13:46:32","guid":{"rendered":"https:\/\/jorgezanoni.com.br\/2019\/?p=29241"},"modified":"2020-06-24T13:46:32","modified_gmt":"2020-06-24T13:46:32","slug":"confira-o-plantao-policial-das-ultimas-horas-24-06-20","status":"publish","type":"post","link":"https:\/\/jorgezanoni.com.br\/2019\/confira-o-plantao-policial-das-ultimas-horas-24-06-20\/","title":{"rendered":"Confira o Plant\u00e3o Policial das \u00faltimas horas 24\/06\/20"},"content":{"rendered":"<p style=\"text-align: justify;\"><strong><em>POL\u00cdCIA MILITAR PRENDE HOMENS EM PAULIC\u00c9IA POR TR\u00c1FICO DE DROGAS.<\/em><\/strong><\/p>\n<p style=\"text-align: justify;\">Tr\u00e1fico de drogas- Flagrante.<\/p>\n<p style=\"text-align: justify;\">Data: 23JUN20 \u00e0s 15h45min.<\/p>\n<p style=\"text-align: justify;\">Local: Avenida Ezequiel Joaquim de Oliveira &#8211; Centro &#8211; Pauliceia\/SP.<\/p>\n<p style=\"text-align: justify;\">Indiciado 01: homem de 24 anos<\/p>\n<p style=\"text-align: justify;\">Indiciado 02: homem de 36 anos<\/p>\n<p style=\"text-align: justify;\">Apreens\u00e3o:0,045 kg de maconha<\/p>\n<p style=\"text-align: justify;\">Na tarde desta ter\u00e7a-feira (24), por volta das 15h45min, os Policiais Militares de Paulic\u00e9ia realizavam patrulhamento, momento em que avistaram um indiv\u00edduo e ao se aproximarem para abordar, o mesmo tentou fugir correndo, porem foi alcan\u00e7ado. Na busca pessoal, nada de il\u00edcito foi localizado, e o individuo alegou tentar fugir, pois est\u00e1 em liberdade condicional e n\u00e3o poder se ausentar da comarca de Pacaembu.Foi realizado buscas nas imedia\u00e7\u00f5es da abordagem, sendo localizadas duas por\u00e7\u00f5es de maconha. Ao ser questionado, o autor confessou ter comprado de um individuo morador de Paulic\u00e9ia, momento antes da abordagem, informando ainda quem era e o endere\u00e7o. Com apoio de outras viaturas, foram ao local informado, onde localizaram o individuo. Diante do fato foi dada voz de pris\u00e3o a ambos, sendo que o autor 02 permaneceu preso a disposi\u00e7\u00e3o da justi\u00e7a e o autor 01 que responder\u00e1 em liberdade.<strong>\u00a0<\/strong><\/p>\n<p style=\"text-align: justify;\"><strong>AP\u00d3S ABORDAGEM, ADOLESCENTE \u00c9 SURPREENDIDA COM NOTAS FALSAS EM FL\u00d3RIDA PAULISTA\/SP.<\/strong><\/p>\n<p style=\"text-align: justify;\">Uso de nota falsa.<\/p>\n<p style=\"text-align: justify;\">Data: 23JUN20 \u00e0s 23h00min.<\/p>\n<p style=\"text-align: justify;\">Local: Av. Circular \u2013 Fl\u00f3rida Paulista \/SP.<\/p>\n<p style=\"text-align: justify;\">Sindicado: adolescente de 15 anos<\/p>\n<p style=\"text-align: justify;\">No dia 23\/06, por volta das 23h, durante patrulhamento de For\u00e7a T\u00e1tica no munic\u00edpio de Fl\u00f3rida Paulista, os policiais abordaram um adolescente de 15 anos que tinha em seu poder a quantia de R$ 100,00. Ao observar a nota, o que chamou a aten\u00e7\u00e3o dos policiais \u00e9 que parecia ser uma nota falsa. Ao question\u00e1-lo, o menor confessou que realmente era falsa, bem como havia adquirido R$ 1.000,00 em notas falsas atrav\u00e9s de uma rede social (Facebook) e que j\u00e1 teria gasto grande parte no com\u00e9rcio de Fl\u00f3rida Paulista e Adamantina.Ao realizar busca domiciliar, encontraram mais duas notas falsas de R$ 100,00. Menor foi conduzido a delegacia juntamente com sua m\u00e3e, e ap\u00f3s ser ouvido, responder\u00e1 em liberdade.<strong>\u00a0<\/strong><\/p>\n<p style=\"text-align: justify;\"><strong>POL\u00cdCIA MILITAR PRENDE MULHER EM PANORAMA POR TR\u00c1FICO DE DROGAS\/SP. <\/strong><\/p>\n<p style=\"text-align: justify;\">Tr\u00e1fico de drogas &#8211; Flagrante.<\/p>\n<p style=\"text-align: justify;\">Data: 23JUN20 \u00e0s 22h30min.<\/p>\n<p style=\"text-align: justify;\">Local: Rua Nicola Swing &#8211; Panorama\/SP.<\/p>\n<p style=\"text-align: justify;\">Indiciado: maior de 38 anos<\/p>\n<p style=\"text-align: justify;\">Indiciada: maior de 22 anos<\/p>\n<p style=\"text-align: justify;\">Na noite de ontem (23), por volta das 22h30min, durante patrulhamento de For\u00e7a T\u00e1tica pelo munic\u00edpio de Panorama, equipe visualizou um ve\u00edculo GM\/Monza, estacionando, e quando o condutor percebeu a presen\u00e7a policial, fugiu do local correndo para o interior de uma mata, sendo realizadas buscas, porem sem \u00eaxito. No veiculo, permaneceu a indiciada foi abordada e nada de il\u00edcito foi localizado. No interior do veiculo, foi localizado no porta luvas do ve\u00edculo, 26 inv\u00f3lucros de crack e mais 3 por\u00e7\u00f5es de maconha. A indiciada foi indagada sobre a droga encontrada no ve\u00edculo e disse desconhecer, por\u00e9m informou que o indiciado faz o tr\u00e1fico de drogas.Diante dos fatos, a indiciada foi conduzida juntamente comos entorpecentes at\u00e9 a delegacia, onde foi feita a apreens\u00e3o do entorpecente e ap\u00f3s ser ouvida a indiciada foi liberada para responder em liberdade.\u00a0<strong>\u00a0<\/strong><\/p>\n<p style=\"text-align: justify;\"><strong>#25BPMI<\/strong><\/p>\n<p style=\"text-align: justify;\"><strong>#POLICIAMILITARSP<\/strong><\/p>\n<p style=\"text-align: justify;\"><strong>#AFOR\u00c7AP\u00daBLICADES\u00c3OPAULO<\/strong><\/p>\n<p style=\"text-align: justify;\"><strong>COMUNICA\u00c7\u00c3O SOCIAL DO 25BPMI<\/strong><\/p>\n<p style=\"text-align: justify;\"><strong>\u00a0<\/strong><\/p>\n","protected":false},"excerpt":{"rendered":"<p>POL\u00cdCIA MILITAR PRENDE HOMENS EM PAULIC\u00c9IA POR TR\u00c1FICO DE DROGAS. Tr\u00e1fico de drogas- Flagrante. Data: 23JUN20 \u00e0s 15h45min. Local: Avenida Ezequiel Joaquim de Oliveira &#8211; Centro &#8211; Pauliceia\/SP. Indiciado 01: homem de 24 anos Indiciado 02: homem de 36 anos Apreens\u00e3o:0,045 kg de maconha Na tarde desta ter\u00e7a-feira (24), por volta das 15h45min, os Policiais [&hellip;]<\/p>\n","protected":false},"author":1,"featured_media":29242,"comment_status":"closed","ping_status":"open","sticky":false,"template":"","format":"standard","meta":{"footnotes":""},"categories":[110,2],"tags":[],"class_list":["post-29241","post","type-post","status-publish","format-standard","has-post-thumbnail","hentry","category-noticiasdestaque","category-policial"],"_links":{"self":[{"href":"https:\/\/jorgezanoni.com.br\/2019\/wp-json\/wp\/v2\/posts\/29241","targetHints":{"allow":["GET"]}}],"collection":[{"href":"https:\/\/jorgezanoni.com.br\/2019\/wp-json\/wp\/v2\/posts"}],"about":[{"href":"https:\/\/jorgezanoni.com.br\/2019\/wp-json\/wp\/v2\/types\/post"}],"author":[{"embeddable":true,"href":"https:\/\/jorgezanoni.com.br\/2019\/wp-json\/wp\/v2\/users\/1"}],"replies":[{"embeddable":true,"href":"https:\/\/jorgezanoni.com.br\/2019\/wp-json\/wp\/v2\/comments?post=29241"}],"version-history":[{"count":0,"href":"https:\/\/jorgezanoni.com.br\/2019\/wp-json\/wp\/v2\/posts\/29241\/revisions"}],"wp:featuredmedia":[{"embeddable":true,"href":"https:\/\/jorgezanoni.com.br\/2019\/wp-json\/wp\/v2\/media\/29242"}],"wp:attachment":[{"href":"https:\/\/jorgezanoni.com.br\/2019\/wp-json\/wp\/v2\/media?parent=29241"}],"wp:term":[{"taxonomy":"category","embeddable":true,"href":"https:\/\/jorgezanoni.com.br\/2019\/wp-json\/wp\/v2\/categories?post=29241"},{"taxonomy":"post_tag","embeddable":true,"href":"https:\/\/jorgezanoni.com.br\/2019\/wp-json\/wp\/v2\/tags?post=29241"}],"curies":[{"name":"wp","href":"https:\/\/api.w.org\/{rel}","templated":true}]}}