{"id":29218,"date":"2020-06-24T12:45:19","date_gmt":"2020-06-24T12:45:19","guid":{"rendered":"https:\/\/jorgezanoni.com.br\/2019\/?p=29218"},"modified":"2020-06-24T12:45:19","modified_gmt":"2020-06-24T12:45:19","slug":"nada-de-novo-neste-pais-do-faz-de-conta","status":"publish","type":"post","link":"https:\/\/jorgezanoni.com.br\/2019\/nada-de-novo-neste-pais-do-faz-de-conta\/","title":{"rendered":"Nada de novo neste Pa\u00eds do faz de conta&#8230;"},"content":{"rendered":"<p style=\"text-align: justify;\"><strong>Nada de Novo neste PA\u00cdS DO FAZ DE CONTA&#8230;<\/strong><\/p>\n<p style=\"text-align: justify;\"><em>\u201cPouco depois, um intervalo n\u00e3o muito longo, \/ Grande tempestade se erguer\u00e1, por terra e mar&#8230;\u00a0 Chamas, animais, causando mais tumulto.\u201d (<\/em><a href=\"https:\/\/www.pensador.com\/autor\/nostradamus\/\"><em>Nostradamus<\/em><\/a><em>)<\/em><\/p>\n<p style=\"text-align: justify;\"><strong><em>S\u00e9rgio Barbosa (*)<\/em><\/strong><\/p>\n<p style=\"text-align: justify;\">O que se pode esperar deste PA\u00cdS DO FAZ DE CONTA em meio a um DESGOVERNO do COISO com suas COISAS&#8230;<\/p>\n<p style=\"text-align: justify;\">Infelizmente, apesar dos pesares, ainda, os avisos sobre ELLE N\u00c3O e outros, tudo ficou pior do que estava com o VAMPIRO e pelo jeito a tend\u00eancia \u00e9 ir para o fundo do po\u00e7o, isso \u00e9, se tiver um final para se chegar&#8230;<\/p>\n<p style=\"text-align: justify;\">Entendo que n\u00e3o se pode esperar mais nada deste COISO, tendo em vista que o dito cujo est\u00e1 mais perdido do que nunca neste MAR DE LAMA da CORRUP\u00c7\u00c3O e tudo caminha para um estado ca\u00f3tico sob o comando deste COISO&#8230;<\/p>\n<p style=\"text-align: justify;\">O PA\u00cdS DO FAZ DE CONTA est\u00e1 sobrevivendo de acordo com as idas e vindas do que se plantou em anos anteriores, por\u00e9m, a mar\u00e9 est\u00e1 cada vez mais agitada para os lados do PLANALTO CENTRAL&#8230;<\/p>\n<p style=\"text-align: justify;\">A sobreviv\u00eancia da popula\u00e7\u00e3o tupiniquim est\u00e1 no meio do caminho, ainda, n\u00e3o tem como avan\u00e7ar e as indica\u00e7\u00f5es est\u00e3o contribuindo para um retrocesso sem precedentes como nunca ocorreu neste PA\u00cdS DO FAZ DE CONTA&#8230;<\/p>\n<p style=\"text-align: justify;\">Existem muitas TEORIAS sobre tudo e todos neste cen\u00e1rio de PANDEMIA em n\u00edvel GLOBAL, todavia, n\u00e3o existe compromisso efetivo deste GOVERNO patrocinado pelo BOZZONARO em tempo de descontrole pand\u00eamico&#8230;<\/p>\n<p style=\"text-align: justify;\">Al\u00e9m disto, ou daquilo, como sempre, tudo depende da mediocridade desta CAMBADA que conduz a MANADA das MENTES BOVINAS nos quatro cantos deste PA\u00cdS DO FAZ DE CONTA&#8230;<\/p>\n<p style=\"text-align: justify;\">Os n\u00fameros est\u00e3o em cima das mesas dos governadores e prefeitos\/as para muitas an\u00e1lises com raras possibilidades de avan\u00e7o nas \u00e1reas afins aos interesses do mercado em tempo de p\u00f3s-globaliza\u00e7\u00e3o organizacional&#8230;<\/p>\n<p style=\"text-align: justify;\">O tempo URGE como disse o profeta do outro tempo, portanto, tudo pode ocorrer neste cen\u00e1rio que est\u00e1 se aproximando do APOCAL\u00cdPSE com a marca da P\u00c1TRIA CALADA pela opress\u00e3o com repress\u00e3o&#8230;<\/p>\n<p style=\"text-align: justify;\">A institucionaliza\u00e7\u00e3o do CAOS se tornou a marca mais do que registrada deste GOVERNO que est\u00e1 abaixo de qualquer considera\u00e7\u00e3o que se possa escrever sobre COISOS\/AS com o COISO MOR&#8230;<\/p>\n<p style=\"text-align: justify;\">A cumplicidade dos que est\u00e3o em volta do PODER para interesses individual ou coletivo, pra variar, est\u00e3o de acordo com os fatos que ocorreram no passado em nome de uma falsa LIBERDADE&#8230;<\/p>\n<p style=\"text-align: justify;\">Portanto, APESAR DE VOC\u00ca como cantou o poeta no passado, talvez apare\u00e7a alguma PORTA DA PERCEP\u00c7\u00c3O, tal qual afirmou o escritor do outro tempo para muitos desencontros neste VELHO TEMPO NOVO&#8230;<\/p>\n<p style=\"text-align: justify;\">QUEM SOBREVIVER VAI SABER&#8230;<\/p>\n<p style=\"text-align: justify;\"><strong><em>______________________<\/em><\/strong><\/p>\n<p style=\"text-align: justify;\"><strong><em>(*) jornalista diplomado e professor universit\u00e1rio.<\/em><\/strong><\/p>\n<p style=\"text-align: justify;\">\n<p>&nbsp;<\/p>\n","protected":false},"excerpt":{"rendered":"<p>Nada de Novo neste PA\u00cdS DO FAZ DE CONTA&#8230; \u201cPouco depois, um intervalo n\u00e3o muito longo, \/ Grande tempestade se erguer\u00e1, por terra e mar&#8230;\u00a0 Chamas, animais, causando mais tumulto.\u201d (Nostradamus) S\u00e9rgio Barbosa (*) O que se pode esperar deste PA\u00cdS DO FAZ DE CONTA em meio a um DESGOVERNO do COISO com suas COISAS&#8230; [&hellip;]<\/p>\n","protected":false},"author":1,"featured_media":29219,"comment_status":"closed","ping_status":"open","sticky":false,"template":"","format":"standard","meta":{"footnotes":""},"categories":[175],"tags":[],"class_list":["post-29218","post","type-post","status-publish","format-standard","has-post-thumbnail","hentry","category-artigos"],"_links":{"self":[{"href":"https:\/\/jorgezanoni.com.br\/2019\/wp-json\/wp\/v2\/posts\/29218","targetHints":{"allow":["GET"]}}],"collection":[{"href":"https:\/\/jorgezanoni.com.br\/2019\/wp-json\/wp\/v2\/posts"}],"about":[{"href":"https:\/\/jorgezanoni.com.br\/2019\/wp-json\/wp\/v2\/types\/post"}],"author":[{"embeddable":true,"href":"https:\/\/jorgezanoni.com.br\/2019\/wp-json\/wp\/v2\/users\/1"}],"replies":[{"embeddable":true,"href":"https:\/\/jorgezanoni.com.br\/2019\/wp-json\/wp\/v2\/comments?post=29218"}],"version-history":[{"count":0,"href":"https:\/\/jorgezanoni.com.br\/2019\/wp-json\/wp\/v2\/posts\/29218\/revisions"}],"wp:featuredmedia":[{"embeddable":true,"href":"https:\/\/jorgezanoni.com.br\/2019\/wp-json\/wp\/v2\/media\/29219"}],"wp:attachment":[{"href":"https:\/\/jorgezanoni.com.br\/2019\/wp-json\/wp\/v2\/media?parent=29218"}],"wp:term":[{"taxonomy":"category","embeddable":true,"href":"https:\/\/jorgezanoni.com.br\/2019\/wp-json\/wp\/v2\/categories?post=29218"},{"taxonomy":"post_tag","embeddable":true,"href":"https:\/\/jorgezanoni.com.br\/2019\/wp-json\/wp\/v2\/tags?post=29218"}],"curies":[{"name":"wp","href":"https:\/\/api.w.org\/{rel}","templated":true}]}}